{"id":798176,"date":"2026-04-26T11:23:09","date_gmt":"2026-04-26T09:23:09","guid":{"rendered":"https:\/\/www.hashtag.al\/?p=798176"},"modified":"2026-04-26T11:24:21","modified_gmt":"2026-04-26T09:24:21","slug":"brace-sqarim-per-kandidimin-ne-tirane-nuk-kam-folur-me-ramen-nuk-me-ka-nxjerre-ai","status":"publish","type":"post","link":"https:\/\/www.hashtag.al\/index.php\/2026\/04\/26\/brace-sqarim-per-kandidimin-ne-tirane-nuk-kam-folur-me-ramen-nuk-me-ka-nxjerre-ai\/","title":{"rendered":"Bra\u00e7e sqarim p\u00ebr kandidimin n\u00eb Tiran\u00eb: Nuk kam folur me Ram\u00ebn, nuk m\u00eb ka nxjerr\u00eb ai","gt_translate_keys":[{"key":"rendered","format":"text"}]},"content":{"rendered":"<p><span style=\"color: #000000;\"><a href=\"https:\/\/www.hashtag.al\/index.php\/2024\/05\/07\/brace-zgjedhjet-ne-ps-nuk-do-jene-si-ne-pl-ku-meta-u-shpall-president-pa-i-shpallur-votimet\/erion-brace-10\/\" rel=\"attachment wp-att-673356\"><img loading=\"lazy\" decoding=\"async\" class=\"alignnone size-full wp-image-673356\" src=\"https:\/\/www.hashtag.al\/wp-content\/uploads\/2024\/05\/Erion-Brace-1.png\" alt=\"\" width=\"978\" height=\"478\" srcset=\"https:\/\/www.hashtag.al\/wp-content\/uploads\/2024\/05\/Erion-Brace-1.png 978w, https:\/\/www.hashtag.al\/wp-content\/uploads\/2024\/05\/Erion-Brace-1-300x147.png 300w, https:\/\/www.hashtag.al\/wp-content\/uploads\/2024\/05\/Erion-Brace-1-768x375.png 768w\" sizes=\"auto, (max-width: 978px) 100vw, 978px\" \/><\/a><br \/>\nDeputeti Erion Bra\u00e7e ka reaguar publikisht lidhur me diskutimet p\u00ebr nj\u00eb kandidim t\u00eb mundsh\u00ebm t\u00eb tij p\u00ebr Bashkin\u00eb e Tiran\u00eb, duke hedhur posht\u00eb \u00e7do lidhje me nj\u00eb vendimmarrje t\u00eb drejtp\u00ebrdrejt\u00eb t\u00eb kryeministrit.<\/span><\/p>\n<p><span style=\"color: #000000;\">N\u00eb nj\u00eb postim n\u00eb rrjetet sociale, Bra\u00e7e thekson se nuk ka pasur asnj\u00eb bised\u00eb me kryeministrin Edi Rama p\u00ebr k\u00ebt\u00eb \u00e7\u00ebshtje dhe se nuk \u00ebsht\u00eb nxitur prej tij p\u00ebr t\u00eb hyr\u00eb n\u00eb gar\u00eb.<\/span><\/p>\n<p><span style=\"color: #000000;\">\u201cNUK KAM FOLUR ME EDI RAMEN PER KANDIDIMIN TIM\u201d dhe \u201cNUK ME KA NXJERRE EDI RAMA TE KANDIDOJ\u201d, shprehet ai, duke theksuar se q\u00ebndrimi i tij lidhet me parime dhe me nevoj\u00ebn p\u00ebr nj\u00eb proces m\u00eb demokratik brenda partis\u00eb.<\/span><\/p>\n<p><span style=\"color: #000000;\">Sipas Bra\u00e7es, ideja p\u00ebr nj\u00eb kandidim \u00ebsht\u00eb diskutuar m\u00eb her\u00ebt n\u00eb strukturat e Partis\u00eb Socialiste dhe lidhet me k\u00ebrkesat e qytetar\u00ebve dhe socialist\u00ebve t\u00eb Tiran\u00ebs.<\/span><\/p>\n<p><span style=\"color: #000000;\">Ai mohon gjithashtu \u00e7do p\u00ebrplasje politike, duke theksuar se fokusi i tij mbetet te problemet e qytetit dhe jo te konfliktet brenda partis\u00eb.<\/span><\/p>\n<p><span style=\"color: #000000;\">\u201cNUK MERREM ME NJER\u00cbZIT, POR ME PARIMET DHE \u00c7\u00cbSHTJET Q\u00cb NDIKOJN\u00cb N\u00cb JET\u00cbN E QYTETAR\u00cbVE\u201d, shprehet ai, duke shtuar se Tirana p\u00ebrballet me probleme n\u00eb sh\u00ebrbime dhe funksionimin e institucioneve vendore.<\/span><\/p>\n<p><span style=\"color: #000000;\">N\u00eb p\u00ebrfundim, Bra\u00e7e thekson se synimi i tij \u00ebsht\u00eb t\u2019i sh\u00ebrbej\u00eb qytetar\u00ebve dhe t\u00eb kontribuoj\u00eb n\u00eb p\u00ebrmir\u00ebsimin e qeverisjes lokale.<\/span><\/p>\n","protected":false,"gt_translate_keys":[{"key":"rendered","format":"html"}]},"excerpt":{"rendered":"<p>Deputeti Erion Bra\u00e7e ka reaguar publikisht lidhur me diskutimet p\u00ebr nj\u00eb kandidim t\u00eb mundsh\u00ebm t\u00eb tij p\u00ebr Bashkin\u00eb e Tiran\u00eb, duke hedhur posht\u00eb \u00e7do lidhje me nj\u00eb vendimmarrje t\u00eb drejtp\u00ebrdrejt\u00eb t\u00eb kryeministrit. N\u00eb nj\u00eb postim n\u00eb rrjetet sociale, Bra\u00e7e thekson se nuk ka pasur asnj\u00eb bised\u00eb me kryeministrin Edi Rama p\u00ebr k\u00ebt\u00eb \u00e7\u00ebshtje dhe se [&hellip;]<\/p>\n","protected":false,"gt_translate_keys":[{"key":"rendered","format":"html"}]},"author":32,"featured_media":673356,"comment_status":"closed","ping_status":"open","sticky":false,"template":"","format":"standard","meta":{"footnotes":""},"categories":[65],"tags":[],"class_list":["post-798176","post","type-post","status-publish","format-standard","has-post-thumbnail","hentry","category-lajme"],"gt_translate_keys":[{"key":"link","format":"url"}],"_links":{"self":[{"href":"https:\/\/www.hashtag.al\/index.php\/wp-json\/wp\/v2\/posts\/798176","targetHints":{"allow":["GET"]}}],"collection":[{"href":"https:\/\/www.hashtag.al\/index.php\/wp-json\/wp\/v2\/posts"}],"about":[{"href":"https:\/\/www.hashtag.al\/index.php\/wp-json\/wp\/v2\/types\/post"}],"author":[{"embeddable":true,"href":"https:\/\/www.hashtag.al\/index.php\/wp-json\/wp\/v2\/users\/32"}],"replies":[{"embeddable":true,"href":"https:\/\/www.hashtag.al\/index.php\/wp-json\/wp\/v2\/comments?post=798176"}],"version-history":[{"count":99999,"href":"https:\/\/www.hashtag.al\/index.php\/wp-json\/wp\/v2\/posts\/798176\/revisions"}],"predecessor-version":[{"id":798177,"href":"https:\/\/www.hashtag.al\/index.php\/wp-json\/wp\/v2\/posts\/798176\/revisions\/798177"}],"wp:featuredmedia":[{"embeddable":true,"href":"https:\/\/www.hashtag.al\/index.php\/wp-json\/wp\/v2\/media\/673356"}],"wp:attachment":[{"href":"https:\/\/www.hashtag.al\/index.php\/wp-json\/wp\/v2\/media?parent=798176"}],"wp:term":[{"taxonomy":"category","embeddable":true,"href":"https:\/\/www.hashtag.al\/index.php\/wp-json\/wp\/v2\/categories?post=798176"},{"taxonomy":"post_tag","embeddable":true,"href":"https:\/\/www.hashtag.al\/index.php\/wp-json\/wp\/v2\/tags?post=798176"}],"curies":[{"name":"wp","href":"https:\/\/api.w.org\/{rel}","templated":true}]}}