{"id":798164,"date":"2026-04-26T10:12:12","date_gmt":"2026-04-26T08:12:12","guid":{"rendered":"https:\/\/www.hashtag.al\/?p=798164"},"modified":"2026-04-26T10:12:12","modified_gmt":"2026-04-26T08:12:12","slug":"rama-pas-takimit-me-mitsotakis-in-grek-drejt-nje-partneriteti-te-ri-strategjik-shqiperi-greqi","status":"publish","type":"post","link":"https:\/\/www.hashtag.al\/index.php\/2026\/04\/26\/rama-pas-takimit-me-mitsotakis-in-grek-drejt-nje-partneriteti-te-ri-strategjik-shqiperi-greqi\/","title":{"rendered":"Rama pas takimit me Mitsotakis-in grek: Drejt nj\u00eb partneriteti t\u00eb ri strategjik Shqip\u00ebri\u2013Greqi","gt_translate_keys":[{"key":"rendered","format":"text"}]},"content":{"rendered":"<p data-start=\"112\" data-end=\"385\"><span style=\"color: #000000;\"><a href=\"https:\/\/www.hashtag.al\/index.php\/2026\/03\/15\/ceshtja-e-ballukut-e-mbyllur-i-trajtuam-me-shume-pergjegjesi-materialet-qe-na-u-vune-ne-dispozicion\/rama-748\/\" rel=\"attachment wp-att-791150\"><img loading=\"lazy\" decoding=\"async\" class=\"alignnone size-full wp-image-791150\" src=\"https:\/\/www.hashtag.al\/wp-content\/uploads\/2026\/03\/rama-1.jpg\" alt=\"\" width=\"872\" height=\"572\" srcset=\"https:\/\/www.hashtag.al\/wp-content\/uploads\/2026\/03\/rama-1.jpg 872w, https:\/\/www.hashtag.al\/wp-content\/uploads\/2026\/03\/rama-1-300x197.jpg 300w, https:\/\/www.hashtag.al\/wp-content\/uploads\/2026\/03\/rama-1-768x504.jpg 768w\" sizes=\"auto, (max-width: 872px) 100vw, 872px\" \/><\/a><br \/>\nKryeministri <span class=\"hover:entity-accent entity-underline inline cursor-pointer align-baseline\"><span class=\"whitespace-normal\">Edi Rama<\/span><\/span> ka komentuar vizit\u00ebn e tij n\u00eb <span class=\"hover:entity-accent entity-underline inline cursor-pointer align-baseline\"><span class=\"whitespace-normal\">Athin\u00eb<\/span><\/span> dhe takimin me homologun <span class=\"hover:entity-accent entity-underline inline cursor-pointer align-baseline\"><span class=\"whitespace-normal\">Kyriakos Mitsotakis<\/span><\/span>, duke e cil\u00ebsuar at\u00eb si nj\u00eb hap t\u00eb r\u00ebnd\u00ebsish\u00ebm p\u00ebr forcimin e marr\u00ebdh\u00ebnieve mes dy vendeve.<\/span><\/p>\n<p data-start=\"387\" data-end=\"569\"><span style=\"color: #000000;\">N\u00eb podkastin \u201cFlasim\u201d, Rama u shpreh se gjat\u00eb takimit \u00ebsht\u00eb b\u00ebr\u00eb nj\u00eb bilanc i pun\u00ebs s\u00eb grupit t\u00eb p\u00ebrbashk\u00ebt t\u00eb ngritur p\u00ebr t\u00eb adresuar \u00e7\u00ebshtjet e mbartura mes Shqip\u00ebris\u00eb dhe Greqis\u00eb.<\/span><\/p>\n<p data-start=\"571\" data-end=\"880\"><span style=\"color: #000000;\">\u201cShkova p\u00ebr t\u00eb marr\u00eb pjes\u00eb n\u00eb forum, por pata k\u00ebnaq\u00ebsin\u00eb q\u00eb t\u00eb pritesha nga kryeministri i Greqis\u00eb dhe nj\u00eb mik i vyer, Kyriakos Mitsotakis, me t\u00eb cilin b\u00ebm\u00eb nj\u00eb bilanc t\u00eb ecuris\u00eb s\u00eb pun\u00ebs s\u00eb grupit t\u00eb p\u00ebrbashk\u00ebt q\u00eb kemi ngritur p\u00ebr t\u2019i dh\u00ebn\u00eb nj\u00eb her\u00eb e mir\u00eb p\u00ebrgjigje t\u00eb gjitha \u00e7\u00ebshtjeve t\u00eb mbartura,\u201d tha ai.<\/span><\/p>\n<p data-start=\"882\" data-end=\"1056\"><span style=\"color: #000000;\">Sipas Ram\u00ebs, pala greke ka shprehur gatishm\u00ebri t\u00eb plot\u00eb p\u00ebr t\u00eb avancuar k\u00ebt\u00eb proces, me synimin p\u00ebr t\u00eb finalizuar brenda vitit nj\u00eb dokument t\u00eb ri t\u00eb partneritetit strategjik.<\/span><\/p>\n<p data-start=\"1058\" data-end=\"1379\"><span style=\"color: #000000;\">\u201cM\u00eb vjen shum\u00eb mir\u00eb t\u00eb them se nga ana e kryeministrit ka nj\u00eb vullnet absolut p\u00ebr t\u00eb b\u00ebr\u00eb pik\u00ebrisht adresimin me prioritet t\u00eb t\u00eb gjitha \u00e7\u00ebshtjeve t\u00eb bartura\u2026 p\u00ebr t\u00eb konfirmuar brenda k\u00ebtij viti, p\u00ebrmes nj\u00eb dokumenti t\u00eb ri t\u00eb partneritetit strategjik, natyr\u00ebn shum\u00eb speciale t\u00eb marr\u00ebdh\u00ebnies mes dy vendeve,\u201d u shpreh Rama.<\/span><\/p>\n<p data-start=\"1381\" data-end=\"1535\"><span style=\"color: #000000;\">Ai theksoi gjithashtu mb\u00ebshtetjen e vazhdueshme t\u00eb <span class=\"hover:entity-accent entity-underline inline cursor-pointer align-baseline\"><span class=\"whitespace-normal\">Greqis\u00eb<\/span><\/span>\u00a0p\u00ebr integrimin europian t\u00eb <span class=\"hover:entity-accent entity-underline inline cursor-pointer align-baseline\"><span class=\"whitespace-normal\">Shqip\u00ebris\u00eb.<\/span><\/span><\/span><\/p>\n<p data-start=\"1537\" data-end=\"1651\"><span style=\"color: #000000;\">\u201cP\u00ebr ta mb\u00ebshtetur Shqip\u00ebrin\u00eb si gjithmon\u00eb\u2026 n\u00eb rrug\u00ebn e an\u00ebtar\u00ebsimit t\u00eb saj n\u00eb Bashkimin Europian,\u201d deklaroi Rama.<\/span><\/p>\n<p data-start=\"1653\" data-end=\"1881\" data-is-last-node=\"\" data-is-only-node=\"\"><span style=\"color: #000000;\">N\u00eb p\u00ebrfundim, kreu i qeveris\u00eb shqiptare u shpreh optimist p\u00ebr t\u00eb ardhmen e marr\u00ebdh\u00ebnieve mes dy vendeve, duke theksuar r\u00ebnd\u00ebsin\u00eb e bashk\u00ebpunimit si p\u00ebr minoritetin grek n\u00eb Shqip\u00ebri, ashtu edhe p\u00ebr shqiptar\u00ebt q\u00eb jetojn\u00eb n\u00eb Greqi.<\/span><\/p>\n","protected":false,"gt_translate_keys":[{"key":"rendered","format":"html"}]},"excerpt":{"rendered":"<p>Kryeministri Edi Rama ka komentuar vizit\u00ebn e tij n\u00eb Athin\u00eb dhe takimin me homologun Kyriakos Mitsotakis, duke e cil\u00ebsuar at\u00eb si nj\u00eb hap t\u00eb r\u00ebnd\u00ebsish\u00ebm p\u00ebr forcimin e marr\u00ebdh\u00ebnieve mes dy vendeve. N\u00eb podkastin \u201cFlasim\u201d, Rama u shpreh se gjat\u00eb takimit \u00ebsht\u00eb b\u00ebr\u00eb nj\u00eb bilanc i pun\u00ebs s\u00eb grupit t\u00eb p\u00ebrbashk\u00ebt t\u00eb ngritur p\u00ebr t\u00eb [&hellip;]<\/p>\n","protected":false,"gt_translate_keys":[{"key":"rendered","format":"html"}]},"author":32,"featured_media":791150,"comment_status":"closed","ping_status":"open","sticky":false,"template":"","format":"standard","meta":{"footnotes":""},"categories":[65],"tags":[],"class_list":["post-798164","post","type-post","status-publish","format-standard","has-post-thumbnail","hentry","category-lajme"],"gt_translate_keys":[{"key":"link","format":"url"}],"_links":{"self":[{"href":"https:\/\/www.hashtag.al\/index.php\/wp-json\/wp\/v2\/posts\/798164","targetHints":{"allow":["GET"]}}],"collection":[{"href":"https:\/\/www.hashtag.al\/index.php\/wp-json\/wp\/v2\/posts"}],"about":[{"href":"https:\/\/www.hashtag.al\/index.php\/wp-json\/wp\/v2\/types\/post"}],"author":[{"embeddable":true,"href":"https:\/\/www.hashtag.al\/index.php\/wp-json\/wp\/v2\/users\/32"}],"replies":[{"embeddable":true,"href":"https:\/\/www.hashtag.al\/index.php\/wp-json\/wp\/v2\/comments?post=798164"}],"version-history":[{"count":99999,"href":"https:\/\/www.hashtag.al\/index.php\/wp-json\/wp\/v2\/posts\/798164\/revisions"}],"predecessor-version":[{"id":798165,"href":"https:\/\/www.hashtag.al\/index.php\/wp-json\/wp\/v2\/posts\/798164\/revisions\/798165"}],"wp:featuredmedia":[{"embeddable":true,"href":"https:\/\/www.hashtag.al\/index.php\/wp-json\/wp\/v2\/media\/791150"}],"wp:attachment":[{"href":"https:\/\/www.hashtag.al\/index.php\/wp-json\/wp\/v2\/media?parent=798164"}],"wp:term":[{"taxonomy":"category","embeddable":true,"href":"https:\/\/www.hashtag.al\/index.php\/wp-json\/wp\/v2\/categories?post=798164"},{"taxonomy":"post_tag","embeddable":true,"href":"https:\/\/www.hashtag.al\/index.php\/wp-json\/wp\/v2\/tags?post=798164"}],"curies":[{"name":"wp","href":"https:\/\/api.w.org\/{rel}","templated":true}]}}