{"id":798028,"date":"2026-04-25T10:25:36","date_gmt":"2026-04-25T08:25:36","guid":{"rendered":"https:\/\/www.hashtag.al\/?p=798028"},"modified":"2026-04-25T10:28:33","modified_gmt":"2026-04-25T08:28:33","slug":"meta-kerkese-gjkko-se-seancat-ndaj-meje-te-transmetohen-live","status":"publish","type":"post","link":"https:\/\/www.hashtag.al\/index.php\/2026\/04\/25\/meta-kerkese-gjkko-se-seancat-ndaj-meje-te-transmetohen-live\/","title":{"rendered":"Meta k\u00ebrkes\u00eb GJKKO-s\u00eb: Seancat ndaj meje t\u00eb transmetohen live","gt_translate_keys":[{"key":"rendered","format":"text"}]},"content":{"rendered":"<p data-start=\"0\" data-end=\"232\"><span style=\"color: #000000;\"><span class=\"hover:entity-accent entity-underline inline cursor-pointer align-baseline\"><span class=\"whitespace-normal\"><img loading=\"lazy\" decoding=\"async\" class=\"aligncenter size-full wp-image-791670\" src=\"https:\/\/www.hashtag.al\/wp-content\/uploads\/2026\/03\/ilir-meta-675x450-1.jpeg\" alt=\"\" width=\"675\" height=\"450\" srcset=\"https:\/\/www.hashtag.al\/wp-content\/uploads\/2026\/03\/ilir-meta-675x450-1.jpeg 675w, https:\/\/www.hashtag.al\/wp-content\/uploads\/2026\/03\/ilir-meta-675x450-1-300x200.jpeg 300w\" sizes=\"auto, (max-width: 675px) 100vw, 675px\" \/><br \/>\nIlir Meta<\/span><\/span>, presidenti i <span class=\"hover:entity-accent entity-underline inline cursor-pointer align-baseline\"><span class=\"whitespace-normal\">Partis\u00eb s\u00eb<\/span><\/span><span class=\"hover:entity-accent entity-underline inline cursor-pointer align-baseline\"><span class=\"whitespace-normal\">\u00a0Liris\u00eb<\/span><\/span>, i \u00ebsht\u00eb drejtuar me nj\u00eb k\u00ebrkes\u00eb publike <span class=\"hover:entity-accent entity-underline inline cursor-pointer align-baseline\"><span class=\"whitespace-normal\">GJKKO-s\u00eb <\/span><\/span>p\u00ebr transmetimin e drejtp\u00ebrdrejt\u00eb t\u00eb procesit gjyq\u00ebsor ndaj tij.<\/span><\/p>\n<p data-start=\"234\" data-end=\"507\"><span style=\"color: #000000;\">N\u00eb nj\u00eb reagim publik, Meta k\u00ebrkon q\u00eb t\u00eb gjitha seancat gjyq\u00ebsore t\u00eb transmetohen \u201clive\u201d, duke nisur nga seanca e par\u00eb e parashikuar m\u00eb 27 prill 2026 dhe deri n\u00eb p\u00ebrfundim t\u00eb procesit.<\/span><\/p>\n<p data-start=\"234\" data-end=\"507\"><span style=\"color: #000000;\"><strong>Postimi:<\/strong><\/span><\/p>\n<p class=\"p2\"><span class=\"s1\" style=\"color: #000000;\">N\u00eb respekt t\u00eb qytetar\u00ebve shqiptar\u00eb dhe t\u00eb gjith\u00eb bashk\u00ebkombasve, kudo q\u00eb ndodhen, t\u00eb cil\u00ebve u kam sh\u00ebrbyer me p\u00ebrkushtim, p\u00ebrgjegj\u00ebsi maksimale dhe ndjenj\u00eb t\u00eb thell\u00eb patriotizmi n\u00eb detyrat m\u00eb t\u00eb larta shtet\u00ebrore (President i Republik\u00ebs, Kryetar i Kuvendit dhe Kryeminist\u00ebr), i drejtohem sot Gjykat\u00ebs s\u00eb Posa\u00e7me t\u00eb Shkall\u00ebs s\u00eb Par\u00eb p\u00ebr Korrupsionin dhe Krimin e Organizuar me k\u00ebrkes\u00ebn publike p\u00ebr t\u00eb garantuar transmetimin e drejtp\u00ebrdrejt\u00eb (live) t\u00eb t\u00eb gjith\u00eb k\u00ebtij procesi, nga seanca e par\u00eb, t\u00eb h\u00ebn\u00ebn, m\u00eb dat\u00eb 27 prill 2026 dhe deri n\u00eb fund.<br \/>\nN\u00eb funksion t\u00eb informimit publik, t\u00eb gjith\u00eb gazetar\u00ebve dhe mediave t\u00eb interesuara duhet t\u2019ju garantohet sinjali i transmetimit (live).<br \/>\nTransparenca p\u00ebrpara qytetar\u00ebve shqiptar\u00eb dhe llogaridh\u00ebnia \u00ebsht\u00eb detyrim p\u00ebr \u00e7do institucion dhe \u00e7do funksionar publik!<\/span><\/p>\n","protected":false,"gt_translate_keys":[{"key":"rendered","format":"html"}]},"excerpt":{"rendered":"<p>Ilir Meta, presidenti i Partis\u00eb s\u00eb\u00a0Liris\u00eb, i \u00ebsht\u00eb drejtuar me nj\u00eb k\u00ebrkes\u00eb publike GJKKO-s\u00eb p\u00ebr transmetimin e drejtp\u00ebrdrejt\u00eb t\u00eb procesit gjyq\u00ebsor ndaj tij. N\u00eb nj\u00eb reagim publik, Meta k\u00ebrkon q\u00eb t\u00eb gjitha seancat gjyq\u00ebsore t\u00eb transmetohen \u201clive\u201d, duke nisur nga seanca e par\u00eb e parashikuar m\u00eb 27 prill 2026 dhe deri n\u00eb p\u00ebrfundim t\u00eb procesit. [&hellip;]<\/p>\n","protected":false,"gt_translate_keys":[{"key":"rendered","format":"html"}]},"author":49,"featured_media":791670,"comment_status":"closed","ping_status":"open","sticky":false,"template":"","format":"standard","meta":{"footnotes":""},"categories":[65],"tags":[],"class_list":["post-798028","post","type-post","status-publish","format-standard","has-post-thumbnail","hentry","category-lajme"],"gt_translate_keys":[{"key":"link","format":"url"}],"_links":{"self":[{"href":"https:\/\/www.hashtag.al\/index.php\/wp-json\/wp\/v2\/posts\/798028","targetHints":{"allow":["GET"]}}],"collection":[{"href":"https:\/\/www.hashtag.al\/index.php\/wp-json\/wp\/v2\/posts"}],"about":[{"href":"https:\/\/www.hashtag.al\/index.php\/wp-json\/wp\/v2\/types\/post"}],"author":[{"embeddable":true,"href":"https:\/\/www.hashtag.al\/index.php\/wp-json\/wp\/v2\/users\/49"}],"replies":[{"embeddable":true,"href":"https:\/\/www.hashtag.al\/index.php\/wp-json\/wp\/v2\/comments?post=798028"}],"version-history":[{"count":99999,"href":"https:\/\/www.hashtag.al\/index.php\/wp-json\/wp\/v2\/posts\/798028\/revisions"}],"predecessor-version":[{"id":798030,"href":"https:\/\/www.hashtag.al\/index.php\/wp-json\/wp\/v2\/posts\/798028\/revisions\/798030"}],"wp:featuredmedia":[{"embeddable":true,"href":"https:\/\/www.hashtag.al\/index.php\/wp-json\/wp\/v2\/media\/791670"}],"wp:attachment":[{"href":"https:\/\/www.hashtag.al\/index.php\/wp-json\/wp\/v2\/media?parent=798028"}],"wp:term":[{"taxonomy":"category","embeddable":true,"href":"https:\/\/www.hashtag.al\/index.php\/wp-json\/wp\/v2\/categories?post=798028"},{"taxonomy":"post_tag","embeddable":true,"href":"https:\/\/www.hashtag.al\/index.php\/wp-json\/wp\/v2\/tags?post=798028"}],"curies":[{"name":"wp","href":"https:\/\/api.w.org\/{rel}","templated":true}]}}