{"id":797899,"date":"2026-04-24T16:03:43","date_gmt":"2026-04-24T14:03:43","guid":{"rendered":"https:\/\/www.hashtag.al\/?p=797899"},"modified":"2026-04-24T16:04:49","modified_gmt":"2026-04-24T14:04:49","slug":"pentagoni-shqyrton-masa-ndeshkuese-ndaj-aleateve-te-nato-s-permendet-pezullimi-i-spanjes-pas-percarjes-per-iranin","status":"publish","type":"post","link":"https:\/\/www.hashtag.al\/index.php\/2026\/04\/24\/pentagoni-shqyrton-masa-ndeshkuese-ndaj-aleateve-te-nato-s-permendet-pezullimi-i-spanjes-pas-percarjes-per-iranin\/","title":{"rendered":"Pentagoni shqyrton masa nd\u00ebshkuese ndaj aleat\u00ebve t\u00eb NATO-s, p\u00ebrmendet pezullimi i Spanj\u00ebs pas p\u00ebr\u00e7arjes p\u00ebr Iranin","gt_translate_keys":[{"key":"rendered","format":"text"}]},"content":{"rendered":"<p><span style=\"color: #000000;\"><a style=\"color: #000000;\" href=\"https:\/\/www.hashtag.al\/index.php\/2026\/04\/24\/pentagoni-shqyrton-masa-ndeshkuese-ndaj-aleateve-te-nato-s-permendet-pezullimi-i-spanjes-pas-percarjes-per-iranin\/screenshot-2026-04-24-064438\/\" rel=\"attachment wp-att-797900\"><img loading=\"lazy\" decoding=\"async\" class=\"alignnone size-full wp-image-797900\" src=\"https:\/\/www.hashtag.al\/wp-content\/uploads\/2026\/04\/Screenshot-2026-04-24-064438.png\" alt=\"\" width=\"1075\" height=\"633\" srcset=\"https:\/\/www.hashtag.al\/wp-content\/uploads\/2026\/04\/Screenshot-2026-04-24-064438.png 1075w, https:\/\/www.hashtag.al\/wp-content\/uploads\/2026\/04\/Screenshot-2026-04-24-064438-300x177.png 300w, https:\/\/www.hashtag.al\/wp-content\/uploads\/2026\/04\/Screenshot-2026-04-24-064438-1024x603.png 1024w, https:\/\/www.hashtag.al\/wp-content\/uploads\/2026\/04\/Screenshot-2026-04-24-064438-768x452.png 768w\" sizes=\"auto, (max-width: 1075px) 100vw, 1075px\" \/><\/a><\/span><\/p>\n<p><span style=\"color: #000000;\">Nj\u00eb email i brendsh\u00ebm i Pentagonit ka nxjerr\u00eb n\u00eb pah opsione t\u00eb mundshme p\u00ebr t\u00eb nd\u00ebshkuar aleat\u00ebt e NATO-s q\u00eb, sipas administrat\u00ebs amerikane, nuk mb\u00ebshtet\u00ebn operacionet e SHBA-s\u00eb n\u00eb luft\u00ebn me Iranin, p\u00ebrfshir\u00eb edhe mund\u00ebsin\u00eb e pezullimit t\u00eb Spanja nga aleanca.<\/span><\/p>\n<p><span style=\"color: #000000;\">Sipas nj\u00eb zyrtari amerikan q\u00eb foli p\u00ebr <span style=\"color: #0000ff;\"><a style=\"color: #0000ff;\" href=\"https:\/\/www.reuters.com\/world\/pentagon-email-floats-suspending-spain-nato-other-steps-over-iran-rift-source-2026-04-24\/\">Reuters<\/a> <\/span>n\u00eb kushte anonimiteti, dokumenti reflekton zhg\u00ebnjimin e lart\u00eb brenda Pentagonit ndaj disa vendeve europiane, t\u00eb cilat nuk kan\u00eb lejuar p\u00ebrdorimin e bazave t\u00eb tyre ushtarake, hap\u00ebsir\u00ebs ajrore apo aksesit p\u00ebr operacionet kund\u00ebr Iranit.<\/span><\/p>\n<p><span style=\"color: #000000;\">Nj\u00eb nga opsionet e propozuara p\u00ebrfshin kufizimin e rolit t\u00eb vendeve \u201cproblematike\u201d n\u00eb strukturat e NATO, deri edhe pezullimin e tyre nga pozicione t\u00eb r\u00ebnd\u00ebsishme apo prestigjioze. <\/span><\/p>\n<p><span style=\"color: #000000;\">N\u00eb k\u00ebt\u00eb kuad\u00ebr, Spanja p\u00ebrmendet si nj\u00eb rast konkret, pasi qeveria e saj refuzoi t\u00eb lejoj\u00eb p\u00ebrdorimin e territorit dhe hap\u00ebsir\u00ebs ajrore p\u00ebr sulme ndaj Iranit.<\/span><\/p>\n<p><span style=\"color: #000000;\">Presidenti amerikan Donald Trump ka kritikuar ashp\u00ebr aleat\u00ebt europian\u00eb, duke i akuzuar se nuk kontribuan n\u00eb m\u00ebnyr\u00eb t\u00eb barabart\u00eb, sidomos p\u00ebr hapjen e Ngushtic\u00ebs s\u00eb Hormuzit, e cila u mbyll p\u00ebr trafikun global pas nisjes s\u00eb konfliktit m\u00eb 28 shkurt. Ai madje ka ngritur edhe mund\u00ebsin\u00eb e t\u00ebrheqjes s\u00eb SHBA-s\u00eb nga aleanca 76-vje\u00e7are.<\/span><\/p>\n<p><span style=\"color: #000000;\">Megjithat\u00eb, sipas zyrtarit, emaili nuk sugjeron konkretisht daljen e SHBA-s\u00eb nga NATO apo mbylljen e bazave ushtarake n\u00eb Europ\u00eb, por paraqet nj\u00eb s\u00ebr\u00eb alternativash p\u00ebr t\u00eb rritur presionin ndaj aleat\u00ebve.<\/span><\/p>\n<p><span style=\"color: #000000;\">Dokumenti p\u00ebrmend gjithashtu nj\u00eb ide tjet\u00ebr t\u00eb ndjeshme: rishikimin e q\u00ebndrimit amerikan mbi pretendimin e Mbret\u00ebris\u00eb s\u00eb Bashkuar ndaj Ishujve Falkland, nj\u00eb \u00e7\u00ebshtje historike q\u00eb ka qen\u00eb burim konflikti me Argjentin\u00ebn. Kjo shihet si nj\u00eb m\u00ebnyr\u00eb p\u00ebr t\u00eb ushtruar presion politik ndaj aleat\u00ebve europian\u00eb.<\/span><\/p>\n<p><span style=\"color: #000000;\">Kryeministri spanjoll Pedro Sanchez reagoi duke minimizuar r\u00ebnd\u00ebsin\u00eb e raportimeve, duke theksuar se qeveria e tij bazohet vet\u00ebm n\u00eb dokumente zyrtare dhe jo n\u00eb komunikime t\u00eb brendshme.<\/span><\/p>\n<p><span style=\"color: #000000;\">Nd\u00ebrkoh\u00eb, Londra ka rikonfirmuar q\u00ebndrimin e saj t\u00eb pal\u00ebkundur mbi sovranitetin e Ishujve Falkland, duke theksuar se ai i p\u00ebrket Mbret\u00ebris\u00eb s\u00eb Bashkuar dhe se e drejta p\u00ebr vet\u00ebvendosje e banor\u00ebve \u00ebsht\u00eb thelb\u00ebsore.<\/span><\/p>\n<p><span style=\"color: #000000;\">Zyrtar\u00eb t\u00eb administrat\u00ebs Trump kan\u00eb theksuar se q\u00ebllimi i k\u00ebtyre propozimeve \u00ebsht\u00eb t\u00eb reduktohet \u201cndjenja e privilegjit\u201d te aleat\u00ebt europian\u00eb dhe t\u00eb sigurohet q\u00eb NATO t\u00eb mos funksionoj\u00eb si nj\u00eb marr\u00ebdh\u00ebnie nj\u00ebkah\u00ebshe.<\/span><\/p>\n<p><span style=\"color: #000000;\">Lufta SHBA-Izrael kund\u00ebr Iranit ka nxjerr\u00eb n\u00eb pah tensione t\u00eb thella brenda aleanc\u00ebs, duke ngritur pik\u00ebpyetje serioze p\u00ebr t\u00eb ardhmen e saj dhe p\u00ebr gatishm\u00ebrin\u00eb e SHBA-s\u00eb p\u00ebr t\u00eb mbrojtur aleat\u00ebt europian\u00eb n\u00eb rast krizash t\u00eb ardhshme.<\/span><\/p>\n","protected":false,"gt_translate_keys":[{"key":"rendered","format":"html"}]},"excerpt":{"rendered":"<p>Nj\u00eb email i brendsh\u00ebm i Pentagonit ka nxjerr\u00eb n\u00eb pah opsione t\u00eb mundshme p\u00ebr t\u00eb nd\u00ebshkuar aleat\u00ebt e NATO-s q\u00eb, sipas administrat\u00ebs amerikane, nuk mb\u00ebshtet\u00ebn operacionet e SHBA-s\u00eb n\u00eb luft\u00ebn me Iranin, p\u00ebrfshir\u00eb edhe mund\u00ebsin\u00eb e pezullimit t\u00eb Spanja nga aleanca. Sipas nj\u00eb zyrtari amerikan q\u00eb foli p\u00ebr Reuters n\u00eb kushte anonimiteti, dokumenti reflekton zhg\u00ebnjimin [&hellip;]<\/p>\n","protected":false,"gt_translate_keys":[{"key":"rendered","format":"html"}]},"author":32,"featured_media":797900,"comment_status":"closed","ping_status":"open","sticky":false,"template":"","format":"standard","meta":{"footnotes":""},"categories":[6],"tags":[],"class_list":["post-797899","post","type-post","status-publish","format-standard","has-post-thumbnail","hentry","category-nderkombetare"],"gt_translate_keys":[{"key":"link","format":"url"}],"_links":{"self":[{"href":"https:\/\/www.hashtag.al\/index.php\/wp-json\/wp\/v2\/posts\/797899","targetHints":{"allow":["GET"]}}],"collection":[{"href":"https:\/\/www.hashtag.al\/index.php\/wp-json\/wp\/v2\/posts"}],"about":[{"href":"https:\/\/www.hashtag.al\/index.php\/wp-json\/wp\/v2\/types\/post"}],"author":[{"embeddable":true,"href":"https:\/\/www.hashtag.al\/index.php\/wp-json\/wp\/v2\/users\/32"}],"replies":[{"embeddable":true,"href":"https:\/\/www.hashtag.al\/index.php\/wp-json\/wp\/v2\/comments?post=797899"}],"version-history":[{"count":99999,"href":"https:\/\/www.hashtag.al\/index.php\/wp-json\/wp\/v2\/posts\/797899\/revisions"}],"predecessor-version":[{"id":797903,"href":"https:\/\/www.hashtag.al\/index.php\/wp-json\/wp\/v2\/posts\/797899\/revisions\/797903"}],"wp:featuredmedia":[{"embeddable":true,"href":"https:\/\/www.hashtag.al\/index.php\/wp-json\/wp\/v2\/media\/797900"}],"wp:attachment":[{"href":"https:\/\/www.hashtag.al\/index.php\/wp-json\/wp\/v2\/media?parent=797899"}],"wp:term":[{"taxonomy":"category","embeddable":true,"href":"https:\/\/www.hashtag.al\/index.php\/wp-json\/wp\/v2\/categories?post=797899"},{"taxonomy":"post_tag","embeddable":true,"href":"https:\/\/www.hashtag.al\/index.php\/wp-json\/wp\/v2\/tags?post=797899"}],"curies":[{"name":"wp","href":"https:\/\/api.w.org\/{rel}","templated":true}]}}