{"id":797859,"date":"2026-04-24T14:15:43","date_gmt":"2026-04-24T12:15:43","guid":{"rendered":"https:\/\/www.hashtag.al\/?p=797859"},"modified":"2026-04-24T14:16:58","modified_gmt":"2026-04-24T12:16:58","slug":"paketa-e-maleve-ministri-demo-zonat-prioriatare-jane-miratuar-ne-40-bashki","status":"publish","type":"post","link":"https:\/\/www.hashtag.al\/index.php\/2026\/04\/24\/paketa-e-maleve-ministri-demo-zonat-prioriatare-jane-miratuar-ne-40-bashki\/","title":{"rendered":"Paketa e maleve, ministri Demo: Zonat prioritare jan\u00eb miratuar n\u00eb 40 bashki","gt_translate_keys":[{"key":"rendered","format":"text"}]},"content":{"rendered":"<p><span style=\"color: #000000;\"><img loading=\"lazy\" decoding=\"async\" class=\"aligncenter size-full wp-image-797862\" src=\"https:\/\/www.hashtag.al\/wp-content\/uploads\/2026\/04\/demo-1024x607-1.png\" alt=\"\" width=\"1024\" height=\"607\" srcset=\"https:\/\/www.hashtag.al\/wp-content\/uploads\/2026\/04\/demo-1024x607-1.png 1024w, https:\/\/www.hashtag.al\/wp-content\/uploads\/2026\/04\/demo-1024x607-1-300x178.png 300w, https:\/\/www.hashtag.al\/wp-content\/uploads\/2026\/04\/demo-1024x607-1-768x455.png 768w\" sizes=\"auto, (max-width: 1024px) 100vw, 1024px\" \/><\/span><\/p>\n<p><span style=\"color: #000000;\">Pas p\u00ebrfundimit t\u00eb mbledhjes s\u00eb K\u00ebshillit t\u00eb Ministrave n\u00eb nj\u00eb dalje p\u00ebr mediat Ervin Demo, minist\u00ebr i Pushtetit Vendor, theksoi se procesi i miratimit t\u00eb zonave prioritare p\u00ebr bashkit\u00eb po vazhdon.<\/span><\/p>\n<p><span style=\"color: #000000;\">\u201cDeri tani jan\u00eb miratuar zona prioritare n\u00eb 40 bashki. S\u00eb fundmi jan\u00eb shtuar edhe 4 bashki t\u00eb tjera. Procesi pritet t\u00eb vijoj\u00eb me miratime n\u00eb k\u00ebshillat bashkiak\u00eb\u201d.<\/span><\/p>\n<p><span style=\"color: #000000;\">Demo n\u00ebnvizoi se \u201cPaketa e Maleve\u201d ka rritur interesin e aplikant\u00ebve n\u00eb t\u00eb gjith\u00eb territorin.<\/span><\/p>\n<p><span style=\"color: #000000;\">\u201cKemi konstatuar nj\u00eb interes t\u00eb shtuar t\u00eb banor\u00ebve t\u00eb zonave p\u00ebrkat\u00ebse sidomos p\u00ebr zhvillimin e ekonomis\u00eb rurale, por edhe nj\u00eb interes i gjith\u00eb shqiptar\u00ebve q\u00eb kan\u00eb lidhje me zonat brenda vendit, por jetojn\u00eb jasht\u00eb Shqip\u00ebris\u00eb. Me miratimin e 4 bashkive t\u00eb fundit do t\u00eb vazhdojm\u00eb me ritme m\u00eb shpejta p\u00ebr aplikimet n\u00eb territor.\u201d<\/span><\/p>\n<p><span style=\"color: #000000;\">I pyetur p\u00ebr reform\u00ebn territorial ministri i pushtetit vendor tha se ka nisur turi i d\u00ebgjesave.<\/span><\/p>\n<p><span style=\"color: #000000;\">\u201cAjo q\u00eb duhet t\u00eb garantojm\u00eb \u00ebsht\u00eb q\u00eb bashkit\u00eb duhet me ato \u00e7far\u00eb kan\u00eb, kompetenca t\u00eb deleguara apo q\u00eb burojn\u00eb nga ligji, t\u00eb jen\u00eb m\u00eb t\u00eb forta dhe t\u00eb ofrojn\u00eb sh\u00ebrbime m\u00eb t\u00eb mira n\u00eb territor. Besoj<\/span><\/p>\n<p><span style=\"color: #000000;\">q\u00eb do t\u00eb d\u00ebgjojm\u00eb shum\u00eb kryetar\u00eb dhe aktor\u00eb t\u00eb tjer\u00eb n\u00eb territor q\u00eb mund t\u00eb ken\u00eb q\u00ebndrime t\u00eb ndryshme p\u00ebr reform\u00ebn apo element\u00ebt\u201d, tha Demo.<\/span><\/p>\n<p><span style=\"color: #000000;\">Ministri i Turizmit Blendi Gonxhja i pyetur nga gazetar\u00ebt foli p\u00ebr zhvillimet n\u00eb furnizimin me uj\u00eb dhe trajtimin e mbetjeve te bashkit\u00eb para nisjes s\u00eb sezonit turistik.<\/span><\/p>\n<p><span style=\"color: #000000;\">\u201cKrijimi i ministris\u00eb s\u00eb re ka sjell\u00eb riorganizim institucional. Jan\u00eb nd\u00ebrmarr\u00eb hapa konkret\u00eb nga Ministria e Mjedisit. N\u00eb kuad\u00ebr t\u00eb p\u00ebrmir\u00ebsimit t\u00eb sh\u00ebrbimeve p\u00ebr pastrimin e zonave bregdtare.<\/span><\/p>\n<p><span style=\"color: #000000;\">\u00cbsht\u00eb shtuar nj\u00eb kontrat\u00eb q\u00eb p\u00ebrfshin edhe Lezh\u00ebn dhe Pogradecin. Synohet nivel m\u00eb i mir\u00eb pastrimi, ve\u00e7an\u00ebrisht gjat\u00eb sezonit turistik. Po vendosen orare t\u00eb p\u00ebrcaktuara p\u00ebr menaxhimin e mbetjeve.<\/span><\/p>\n<p><span style=\"color: #000000;\">P\u00ebr ujin e pijsh\u00ebm ministri Gonxhe tha se Uj\u00ebsjell\u00ebsi administrohet n\u00eb disa raste nga bashkit\u00eb N\u00eb raste t\u00eb tjera lidhet me Agjencin\u00eb Komb\u00ebtare t\u00eb Kanalizimeve<\/span><\/p>\n<p><span style=\"color: #000000;\">Jan\u00eb zhvilluar gjithashtu takime me turoperator\u00eb dhe hotele p\u00ebr t\u00eb adresuar problematikat. Situata \u00ebsht\u00eb p\u00ebrmir\u00ebsuar me p\u00ebrdorimin e kolektor\u00ebve. Nga ana tjet\u00ebr sipas VKM Subjektet jan\u00eb t\u00eb detyruara t\u00eb ken\u00eb pajisje trajtimi para shkarkimit n\u00eb rrjet. N\u00eb rast moszbatimi, aplikohen gjoba dhe penalitete sipas VKM\u201d.<span style=\"color: #0000ff;\"><em><a style=\"color: #0000ff;\" href=\"https:\/\/monitor.al\/paketa-e-maleve-ministri-demo-zonat-prioriatare-jane-miratuar-ne-40-bashki\/\">\/Monitor<\/a><\/em><\/span><\/span><\/p>\n","protected":false,"gt_translate_keys":[{"key":"rendered","format":"html"}]},"excerpt":{"rendered":"<p>Pas p\u00ebrfundimit t\u00eb mbledhjes s\u00eb K\u00ebshillit t\u00eb Ministrave n\u00eb nj\u00eb dalje p\u00ebr mediat Ervin Demo, minist\u00ebr i Pushtetit Vendor, theksoi se procesi i miratimit t\u00eb zonave prioritare p\u00ebr bashkit\u00eb po vazhdon. \u201cDeri tani jan\u00eb miratuar zona prioritare n\u00eb 40 bashki. S\u00eb fundmi jan\u00eb shtuar edhe 4 bashki t\u00eb tjera. Procesi pritet t\u00eb vijoj\u00eb me miratime [&hellip;]<\/p>\n","protected":false,"gt_translate_keys":[{"key":"rendered","format":"html"}]},"author":49,"featured_media":797862,"comment_status":"closed","ping_status":"open","sticky":false,"template":"","format":"standard","meta":{"footnotes":""},"categories":[65],"tags":[],"class_list":["post-797859","post","type-post","status-publish","format-standard","has-post-thumbnail","hentry","category-lajme"],"gt_translate_keys":[{"key":"link","format":"url"}],"_links":{"self":[{"href":"https:\/\/www.hashtag.al\/index.php\/wp-json\/wp\/v2\/posts\/797859","targetHints":{"allow":["GET"]}}],"collection":[{"href":"https:\/\/www.hashtag.al\/index.php\/wp-json\/wp\/v2\/posts"}],"about":[{"href":"https:\/\/www.hashtag.al\/index.php\/wp-json\/wp\/v2\/types\/post"}],"author":[{"embeddable":true,"href":"https:\/\/www.hashtag.al\/index.php\/wp-json\/wp\/v2\/users\/49"}],"replies":[{"embeddable":true,"href":"https:\/\/www.hashtag.al\/index.php\/wp-json\/wp\/v2\/comments?post=797859"}],"version-history":[{"count":99999,"href":"https:\/\/www.hashtag.al\/index.php\/wp-json\/wp\/v2\/posts\/797859\/revisions"}],"predecessor-version":[{"id":797886,"href":"https:\/\/www.hashtag.al\/index.php\/wp-json\/wp\/v2\/posts\/797859\/revisions\/797886"}],"wp:featuredmedia":[{"embeddable":true,"href":"https:\/\/www.hashtag.al\/index.php\/wp-json\/wp\/v2\/media\/797862"}],"wp:attachment":[{"href":"https:\/\/www.hashtag.al\/index.php\/wp-json\/wp\/v2\/media?parent=797859"}],"wp:term":[{"taxonomy":"category","embeddable":true,"href":"https:\/\/www.hashtag.al\/index.php\/wp-json\/wp\/v2\/categories?post=797859"},{"taxonomy":"post_tag","embeddable":true,"href":"https:\/\/www.hashtag.al\/index.php\/wp-json\/wp\/v2\/tags?post=797859"}],"curies":[{"name":"wp","href":"https:\/\/api.w.org\/{rel}","templated":true}]}}