{"id":797682,"date":"2026-04-23T12:33:59","date_gmt":"2026-04-23T10:33:59","guid":{"rendered":"https:\/\/www.hashtag.al\/?p=797682"},"modified":"2026-04-23T12:41:05","modified_gmt":"2026-04-23T10:41:05","slug":"klevis-qose-emerohet-kreu-i-ri-i-amp-se-largohet-eduart-merkaj","status":"publish","type":"post","link":"https:\/\/www.hashtag.al\/index.php\/2026\/04\/23\/klevis-qose-emerohet-kreu-i-ri-i-amp-se-largohet-eduart-merkaj\/","title":{"rendered":"Klevis Qose em\u00ebrohet kreu i ri i AMP-s\u00eb, largohet Eduart Merkaj","gt_translate_keys":[{"key":"rendered","format":"text"}]},"content":{"rendered":"<p class=\"p1\"><span class=\"s1\"><img loading=\"lazy\" decoding=\"async\" class=\"aligncenter size-full wp-image-784327\" src=\"https:\/\/www.hashtag.al\/wp-content\/uploads\/2026\/02\/AMP-policia-629x450-1.jpg\" alt=\"\" width=\"629\" height=\"450\" srcset=\"https:\/\/www.hashtag.al\/wp-content\/uploads\/2026\/02\/AMP-policia-629x450-1.jpg 629w, https:\/\/www.hashtag.al\/wp-content\/uploads\/2026\/02\/AMP-policia-629x450-1-300x215.jpg 300w\" sizes=\"auto, (max-width: 629px) 100vw, 629px\" \/><br \/>\nEduart Merkaj \u00ebsht\u00eb larguar nga posti i drejtuesit t\u00eb Agjencis\u00eb s\u00eb Mbikqyrjes Policore.<br \/>\n<a href=\"https:\/\/www.balkanweb.com\/eduart-merkaj-largohet-nga-drejtimi-i-amp-ja-kush-e-zevendeson-ndryshime-edhe-ne-nivel-drejtuesish-ne-disa-qarqe-te-vendit\/#gsc.tab=0\"><span style=\"color: #0000ff;\"><em>BW<\/em><\/span><\/a> raporton se n\u00eb vend t\u00eb tij em\u00ebrohet ish-drejtori i Burgjeve ,Klevis Qose.<\/span><\/p>\n<p class=\"p1\"><span class=\"s1\">Nd\u00ebrkoh\u00eb jan\u00eb b\u00ebr\u00eb publike nj\u00eb s\u00ebr\u00eb ndryshimesh n\u00eb radh\u00ebt e Policis\u00eb s\u00eb Shtetit, q\u00eb p\u00ebrfshijn\u00eb em\u00ebrime dhe komandime n\u00eb disa qarqe t\u00eb vendit:<\/span><\/p>\n<p class=\"p1\"><span class=\"s1\">Erion Ahmeti \u2014 Komandohet Drejtor i Policis\u00eb Fier<br \/>\nAndi Banushi \u2014 Z\u00ebvend\u00ebsdrejtor i Policis\u00eb Elbasan<br \/>\nKrenar Gu\u00e7e \u2014 Shef Rendi n\u00eb P\u00ebrmet<br \/>\nAlfred Cenaj \u2014 Shef i Komisariatit nr. 2 Tiran\u00eb<br \/>\nGerald Toska \u2014 Shef i Komisariatit Fier<br \/>\nDritan Mu\u00e7a \u2014 Z\u00ebvend\u00ebsdrejtor p\u00ebr Hetimin e Krimit n\u00eb Vlor\u00eb<br \/>\nDritan Malaj \u2014 Z\u00ebvend\u00ebsdrejtor p\u00ebr Hetimin e Krimit n\u00eb Berat<br \/>\nPetrit Halo \u2013 Z\u00ebvend\u00ebsdrejtor n\u00eb Shkod\u00ebr<br \/>\nArben Nasufi \u2013 Z\u00ebvend\u00ebsdrejtor p\u00ebr Rendin n\u00eb Lezh\u00eb<br \/>\nIslor Islami \u2014 Shef Sektori n\u00eb Mb\u00ebshtetjen Hetimore t\u00eb Krimit t\u00eb Organizuar (DPPSH)<br \/>\nErdit Rre\u00e7eku \u2014 Shef Komisariati Peqin<br \/>\nLusjan Zeqaj \u2014 Em\u00ebruar n\u00eb Policin\u00eb Rrugore Tiran\u00eb<br \/>\nErmal Zaimi \u2014 Komandant i Linjave t\u00eb Trafikut Urban<br \/>\nJetnor Shira \u2014 Drejtues i sektorit n\u00eb Policin\u00eb Rrugore Tiran\u00eb<br \/>\nAlfred Cenaj- Shef i Komisariatit num\u00ebr 2 Tiran\u00eb<\/span><\/p>\n","protected":false,"gt_translate_keys":[{"key":"rendered","format":"html"}]},"excerpt":{"rendered":"<p>Eduart Merkaj \u00ebsht\u00eb larguar nga posti i drejtuesit t\u00eb Agjencis\u00eb s\u00eb Mbikqyrjes Policore. BW raporton se n\u00eb vend t\u00eb tij em\u00ebrohet ish-drejtori i Burgjeve ,Klevis Qose. Nd\u00ebrkoh\u00eb jan\u00eb b\u00ebr\u00eb publike nj\u00eb s\u00ebr\u00eb ndryshimesh n\u00eb radh\u00ebt e Policis\u00eb s\u00eb Shtetit, q\u00eb p\u00ebrfshijn\u00eb em\u00ebrime dhe komandime n\u00eb disa qarqe t\u00eb vendit: Erion Ahmeti \u2014 Komandohet Drejtor i [&hellip;]<\/p>\n","protected":false,"gt_translate_keys":[{"key":"rendered","format":"html"}]},"author":49,"featured_media":784327,"comment_status":"closed","ping_status":"open","sticky":false,"template":"","format":"standard","meta":{"footnotes":""},"categories":[65],"tags":[],"class_list":["post-797682","post","type-post","status-publish","format-standard","has-post-thumbnail","hentry","category-lajme"],"gt_translate_keys":[{"key":"link","format":"url"}],"_links":{"self":[{"href":"https:\/\/www.hashtag.al\/index.php\/wp-json\/wp\/v2\/posts\/797682","targetHints":{"allow":["GET"]}}],"collection":[{"href":"https:\/\/www.hashtag.al\/index.php\/wp-json\/wp\/v2\/posts"}],"about":[{"href":"https:\/\/www.hashtag.al\/index.php\/wp-json\/wp\/v2\/types\/post"}],"author":[{"embeddable":true,"href":"https:\/\/www.hashtag.al\/index.php\/wp-json\/wp\/v2\/users\/49"}],"replies":[{"embeddable":true,"href":"https:\/\/www.hashtag.al\/index.php\/wp-json\/wp\/v2\/comments?post=797682"}],"version-history":[{"count":99999,"href":"https:\/\/www.hashtag.al\/index.php\/wp-json\/wp\/v2\/posts\/797682\/revisions"}],"predecessor-version":[{"id":797684,"href":"https:\/\/www.hashtag.al\/index.php\/wp-json\/wp\/v2\/posts\/797682\/revisions\/797684"}],"wp:featuredmedia":[{"embeddable":true,"href":"https:\/\/www.hashtag.al\/index.php\/wp-json\/wp\/v2\/media\/784327"}],"wp:attachment":[{"href":"https:\/\/www.hashtag.al\/index.php\/wp-json\/wp\/v2\/media?parent=797682"}],"wp:term":[{"taxonomy":"category","embeddable":true,"href":"https:\/\/www.hashtag.al\/index.php\/wp-json\/wp\/v2\/categories?post=797682"},{"taxonomy":"post_tag","embeddable":true,"href":"https:\/\/www.hashtag.al\/index.php\/wp-json\/wp\/v2\/tags?post=797682"}],"curies":[{"name":"wp","href":"https:\/\/api.w.org\/{rel}","templated":true}]}}