{"id":797607,"date":"2026-04-22T23:00:51","date_gmt":"2026-04-22T21:00:51","guid":{"rendered":"https:\/\/www.hashtag.al\/?p=797607"},"modified":"2026-04-22T23:00:51","modified_gmt":"2026-04-22T21:00:51","slug":"fondacioni-gates-do-shkurtoje-20-te-stafit-rishikon-lidhjet-me-epstein","status":"publish","type":"post","link":"https:\/\/www.hashtag.al\/index.php\/2026\/04\/22\/fondacioni-gates-do-shkurtoje-20-te-stafit-rishikon-lidhjet-me-epstein\/","title":{"rendered":"Fondacioni Gates do shkurtoj\u00eb 20% t\u00eb stafit, rishikon lidhjet me Epstein","gt_translate_keys":[{"key":"rendered","format":"text"}]},"content":{"rendered":"<p><img loading=\"lazy\" decoding=\"async\" class=\"aligncenter size-full wp-image-604525\" src=\"https:\/\/www.hashtag.al\/wp-content\/uploads\/2023\/07\/gates.jpg\" alt=\"\" width=\"1278\" height=\"1278\" srcset=\"https:\/\/www.hashtag.al\/wp-content\/uploads\/2023\/07\/gates.jpg 1278w, https:\/\/www.hashtag.al\/wp-content\/uploads\/2023\/07\/gates-300x300.jpg 300w, https:\/\/www.hashtag.al\/wp-content\/uploads\/2023\/07\/gates-1024x1024.jpg 1024w, https:\/\/www.hashtag.al\/wp-content\/uploads\/2023\/07\/gates-150x150.jpg 150w, https:\/\/www.hashtag.al\/wp-content\/uploads\/2023\/07\/gates-768x768.jpg 768w, https:\/\/www.hashtag.al\/wp-content\/uploads\/2023\/07\/gates-600x600.jpg 600w, https:\/\/www.hashtag.al\/wp-content\/uploads\/2023\/07\/gates-180x180.jpg 180w, https:\/\/www.hashtag.al\/wp-content\/uploads\/2023\/07\/gates-80x80.jpg 80w\" sizes=\"auto, (max-width: 1278px) 100vw, 1278px\" \/><\/p>\n<p><span style=\"color: #000000;\">Bill &amp; Melinda Gates Foundation po shkurton deri n\u00eb 500 vende pune, ose rreth 20% t\u00eb stafit t\u00eb tij, gjat\u00eb disa viteve t\u00eb ardhshme, dhe gjigandi filantropik ka hapur gjithashtu nj\u00eb rishikim t\u00eb jasht\u00ebm t\u00eb angazhimit me t\u00eb ndjerin Jeffrey Epstein.<\/span><\/p>\n<p><span style=\"color: #000000;\">Masat u njoftuan t\u00eb mart\u00ebn n\u00eb nj\u00eb email drejtuar stafit q\u00eb u rishikua nga The Wall Street Journal. Fondacioni dhe bashk\u00ebthemeluesi i tij, Bill Gates, jan\u00eb tronditur nga zbulimet mbi lidhjen e miliarderit t\u00eb Microsoft me Epstein.<\/span><\/p>\n<p><span style=\"color: #000000;\">M\u00eb her\u00ebt k\u00ebt\u00eb vit, Gates k\u00ebrkoi falje n\u00eb nj\u00eb mbledhje t\u00eb hapur p\u00ebr pasjen e lidhjeve me dy gra dhe tha se e kishte penduar lidhjen e tij me Epstein dhe se nuk kishte marr\u00eb pjes\u00eb n\u00eb krimet e shkel\u00ebsit seksual. Ai \u00ebsht\u00eb thirrur p\u00ebr t\u00eb d\u00ebshmuar p\u00ebr lidhjet e tij me Epstein p\u00ebrpara Kongresit n\u00eb qershor.<\/span><\/p>\n<p><span style=\"color: #000000;\"><em>\u201cKjo \u00ebsht\u00eb nj\u00eb koh\u00eb sfiduese p\u00ebr organizat\u00ebn ton\u00eb n\u00eb shum\u00eb m\u00ebnyra, por gjithashtu thekson r\u00ebnd\u00ebsin\u00eb kritike t\u00eb nd\u00ebrmarrjes s\u00eb veprimeve t\u00eb v\u00ebshtira tani,\u201d<\/em> sipas memorandumit t\u00eb d\u00ebrguar nga shefi i Fondacionit Gates, Mark Suzman. Nj\u00eb z\u00ebdh\u00ebn\u00ebs i Fondacionit Gates nuk iu p\u00ebrgjigj menj\u00ebher\u00eb k\u00ebrkesave p\u00ebr koment.<\/span><\/p>\n<p><span style=\"color: #000000;\">Fondacioni, i cili ka nj\u00eb buxhet p\u00ebr vitin 2026 prej rreth 9 miliard\u00eb dollar\u00ebsh, planifikon t\u00eb kufizoj\u00eb shpenzimet operative n\u00eb 1.25 miliard\u00eb dollar\u00eb, gj\u00eb q\u00eb do t\u00eb k\u00ebrkoj\u00eb uljen e fuqis\u00eb pun\u00ebtore me deri n\u00eb 500 pozicione deri n\u00eb vitin 2030, sipas memorandumit. N\u00eb faz\u00ebn e par\u00eb t\u00eb ristrukturimit, organizata planifikon t\u00eb reduktoj\u00eb stafin aktual prej 2,375 personash me 200 deri n\u00eb fund t\u00eb vitit 2027. Organizata po k\u00ebrkon gjithashtu t\u00eb ul\u00eb shpenzimet p\u00ebr udh\u00ebtime dhe shpenzime t\u00eb tjera.<\/span><\/p>\n<p><span style=\"color: #000000;\">S\u00eb bashku me ristrukturimin, Suzman tha se ka porositur nj\u00eb rishikim t\u00eb jasht\u00ebm lidhur me angazhimin e fondacionit me Epstein dhe politikat p\u00ebr verifikimin dhe zhvillimin e partneriteteve t\u00eb reja filantropike. Rishikimi \u00ebsht\u00eb n\u00eb zhvillim, dhe fondacioni pret t\u00eb marr\u00eb nj\u00eb p\u00ebrdit\u00ebsim n\u00eb ver\u00eb, thuhet n\u00eb memorandum.<\/span><\/p>\n<p><span style=\"color: #000000;\">Suzman u tha punonj\u00ebsve se nj\u00eb mbledhje e fundit e bordit n\u00eb Lond\u00ebr p\u00ebrfshinte nj\u00eb sesion mbi ndikimin e dosjeve t\u00eb Departamentit t\u00eb Drejt\u00ebsis\u00eb p\u00ebr Epstein dhe m\u00ebnyr\u00ebn se si ato lidhen me pun\u00ebn dhe reputacionin e fondacionit.<\/span><\/p>\n<p><span style=\"color: #000000;\">Fondacioni, i cili ka nj\u00eb kapital prej 86 miliard\u00eb dollar\u00ebsh, \u00ebsht\u00eb i fokusuar n\u00eb sh\u00ebndetin global dhe zhvillimin n\u00eb Afrik\u00eb, p\u00ebrfshir\u00eb vdekshm\u00ebrin\u00eb e f\u00ebmij\u00ebve dhe s\u00ebmundjet infektive. Ai do mbyllet n\u00eb vitin 2045. Dy nga mb\u00ebshtet\u00ebsit e tij m\u00eb t\u00eb m\u00ebdhenj, Melinda French Gates dhe miliarderi Warren Buffett, jan\u00eb larguar nga bordi n\u00eb vitet e fundit, pas njoftimit t\u00eb divorcit t\u00eb Gates.<\/span><\/p>\n<p><span style=\"color: #000000;\">Buffett, n\u00eb nj\u00eb intervist\u00eb t\u00eb fundit p\u00ebr CNBC, tha se kishte shum\u00eb gj\u00ebra q\u00eb nuk i dinte p\u00ebr Gates dhe Epstein dhe se nuk kishte folur me Gates q\u00eb nga dalja n\u00eb drit\u00eb e zbulimeve p\u00ebr Epstein. Buffett, i cili ka dh\u00ebn\u00eb rreth 43 miliard\u00eb dollar\u00eb p\u00ebr fondacionin nga viti 2006 deri n\u00eb 2024, la t\u00eb kuptohej se mund t\u00eb mos jap\u00eb m\u00eb para. Dhurimet e tij zakonisht shpallen n\u00eb qershor, shkruan <a style=\"color: #000000;\" href=\"https:\/\/www.wsj.com\/business\/gates-foundation-to-cut-20-of-staff-review-epstein-ties-6df2ccea?mod=hp_lead_pos3\">Wall Street Journal<\/a>.<\/span><\/p>\n","protected":false,"gt_translate_keys":[{"key":"rendered","format":"html"}]},"excerpt":{"rendered":"<p>Bill &amp; Melinda Gates Foundation po shkurton deri n\u00eb 500 vende pune, ose rreth 20% t\u00eb stafit t\u00eb tij, gjat\u00eb disa viteve t\u00eb ardhshme, dhe gjigandi filantropik ka hapur gjithashtu nj\u00eb rishikim t\u00eb jasht\u00ebm t\u00eb angazhimit me t\u00eb ndjerin Jeffrey Epstein. Masat u njoftuan t\u00eb mart\u00ebn n\u00eb nj\u00eb email drejtuar stafit q\u00eb u rishikua nga [&hellip;]<\/p>\n","protected":false,"gt_translate_keys":[{"key":"rendered","format":"html"}]},"author":51,"featured_media":604525,"comment_status":"closed","ping_status":"open","sticky":false,"template":"","format":"standard","meta":{"footnotes":""},"categories":[53],"tags":[],"class_list":["post-797607","post","type-post","status-publish","format-standard","has-post-thumbnail","hentry","category-fast-foodi"],"gt_translate_keys":[{"key":"link","format":"url"}],"_links":{"self":[{"href":"https:\/\/www.hashtag.al\/index.php\/wp-json\/wp\/v2\/posts\/797607","targetHints":{"allow":["GET"]}}],"collection":[{"href":"https:\/\/www.hashtag.al\/index.php\/wp-json\/wp\/v2\/posts"}],"about":[{"href":"https:\/\/www.hashtag.al\/index.php\/wp-json\/wp\/v2\/types\/post"}],"author":[{"embeddable":true,"href":"https:\/\/www.hashtag.al\/index.php\/wp-json\/wp\/v2\/users\/51"}],"replies":[{"embeddable":true,"href":"https:\/\/www.hashtag.al\/index.php\/wp-json\/wp\/v2\/comments?post=797607"}],"version-history":[{"count":99999,"href":"https:\/\/www.hashtag.al\/index.php\/wp-json\/wp\/v2\/posts\/797607\/revisions"}],"predecessor-version":[{"id":797609,"href":"https:\/\/www.hashtag.al\/index.php\/wp-json\/wp\/v2\/posts\/797607\/revisions\/797609"}],"wp:featuredmedia":[{"embeddable":true,"href":"https:\/\/www.hashtag.al\/index.php\/wp-json\/wp\/v2\/media\/604525"}],"wp:attachment":[{"href":"https:\/\/www.hashtag.al\/index.php\/wp-json\/wp\/v2\/media?parent=797607"}],"wp:term":[{"taxonomy":"category","embeddable":true,"href":"https:\/\/www.hashtag.al\/index.php\/wp-json\/wp\/v2\/categories?post=797607"},{"taxonomy":"post_tag","embeddable":true,"href":"https:\/\/www.hashtag.al\/index.php\/wp-json\/wp\/v2\/tags?post=797607"}],"curies":[{"name":"wp","href":"https:\/\/api.w.org\/{rel}","templated":true}]}}