{"id":795202,"date":"2026-04-09T07:58:44","date_gmt":"2026-04-09T05:58:44","guid":{"rendered":"https:\/\/www.hashtag.al\/?p=795202"},"modified":"2026-04-09T07:58:44","modified_gmt":"2026-04-09T05:58:44","slug":"seance-ne-kuvend-interpelance-me-ministrin-e-bujqesise-dhe-diskutime-per-komisione-hetimore","status":"publish","type":"post","link":"https:\/\/www.hashtag.al\/index.php\/2026\/04\/09\/seance-ne-kuvend-interpelance-me-ministrin-e-bujqesise-dhe-diskutime-per-komisione-hetimore\/","title":{"rendered":"Seanc\u00eb n\u00eb Kuvend, interpelanc\u00eb me ministrin e Bujq\u00ebsis\u00eb dhe diskutime p\u00ebr komisione hetimore","gt_translate_keys":[{"key":"rendered","format":"text"}]},"content":{"rendered":"<p><span style=\"color: #000000;\"><a href=\"https:\/\/www.hashtag.al\/index.php\/2026\/03\/17\/nis-seanca-plenare-ne-kuvend-projektrezoluta-per-iranin-ne-rend-dite-opozita-bojkoton-pjesemarrjen\/69b91a6584ba4kuvendi-bos\/\" rel=\"attachment wp-att-791475\"><img loading=\"lazy\" decoding=\"async\" class=\"alignnone size-full wp-image-791475\" src=\"https:\/\/www.hashtag.al\/wp-content\/uploads\/2026\/03\/69b91a6584ba4kuvendi-bos.jpg\" alt=\"\" width=\"780\" height=\"435\" srcset=\"https:\/\/www.hashtag.al\/wp-content\/uploads\/2026\/03\/69b91a6584ba4kuvendi-bos.jpg 780w, https:\/\/www.hashtag.al\/wp-content\/uploads\/2026\/03\/69b91a6584ba4kuvendi-bos-300x167.jpg 300w, https:\/\/www.hashtag.al\/wp-content\/uploads\/2026\/03\/69b91a6584ba4kuvendi-bos-768x428.jpg 768w\" sizes=\"auto, (max-width: 780px) 100vw, 780px\" \/><\/a><br \/>\nMbahet sot seanca e radh\u00ebs plenare n\u00eb Kuvendit t\u00eb Shqip\u00ebris\u00eb, ku n\u00eb rendin e dit\u00ebs p\u00ebrfshihen interpelanca, pyetje\u2013p\u00ebrgjigje dhe shqyrtimi i disa projektligjeve dhe projektvendimeve.<\/span><\/p>\n<p><span style=\"color: #000000;\">Seanca nis me nj\u00eb interpelanc\u00eb t\u00eb k\u00ebrkuar nga deputeti Erion Bra\u00e7e me ministrin e Bujq\u00ebsis\u00eb, Andis Salla. M\u00eb pas do t\u00eb zhvillohet nj\u00eb seanc\u00eb pyetje\u2013p\u00ebrgjigje me ministren e Arsimit, Mirela Kumbaro, e k\u00ebrkuar nga deputetja Erisa Xhixho.<\/span><\/p>\n<p><span style=\"color: #000000;\">N\u00eb fokus t\u00eb diskutimeve pritet t\u00eb jen\u00eb edhe k\u00ebrkesat e opozit\u00ebs p\u00ebr ngritjen e dy komisioneve hetimore: nj\u00eb p\u00ebr kontrollin e ligjshm\u00ebris\u00eb s\u00eb veprimeve t\u00eb Autoritetit Rrugor Shqiptar dhe nj\u00eb tjet\u00ebr p\u00ebr funksionimin e AKSHI, me theks tek siguria kibernetike dhe mbrojtja e t\u00eb dh\u00ebnave t\u00eb qytetar\u00ebve.<\/span><\/p>\n<p><span style=\"color: #000000;\">Gjithashtu, n\u00eb rend dite jan\u00eb edhe shqyrtimi i projektligjeve p\u00ebr portet turistike dhe p\u00ebr parandalimin e pastrimit t\u00eb parave, si dhe zgjedhja e nj\u00eb an\u00ebtari t\u00eb K\u00ebshillit Mbik\u00ebqyr\u00ebs t\u00eb Bank\u00ebs s\u00eb Shqip\u00ebris\u00eb.<\/span><\/p>\n<p><span style=\"color: #000000;\">Seanca do t\u00eb mbyllet me diskutime p\u00ebr \u00e7\u00ebshtje jasht\u00eb rendit t\u00eb dit\u00ebs.<\/span><\/p>\n","protected":false,"gt_translate_keys":[{"key":"rendered","format":"html"}]},"excerpt":{"rendered":"<p>Mbahet sot seanca e radh\u00ebs plenare n\u00eb Kuvendit t\u00eb Shqip\u00ebris\u00eb, ku n\u00eb rendin e dit\u00ebs p\u00ebrfshihen interpelanca, pyetje\u2013p\u00ebrgjigje dhe shqyrtimi i disa projektligjeve dhe projektvendimeve. Seanca nis me nj\u00eb interpelanc\u00eb t\u00eb k\u00ebrkuar nga deputeti Erion Bra\u00e7e me ministrin e Bujq\u00ebsis\u00eb, Andis Salla. M\u00eb pas do t\u00eb zhvillohet nj\u00eb seanc\u00eb pyetje\u2013p\u00ebrgjigje me ministren e Arsimit, Mirela [&hellip;]<\/p>\n","protected":false,"gt_translate_keys":[{"key":"rendered","format":"html"}]},"author":32,"featured_media":791475,"comment_status":"closed","ping_status":"open","sticky":false,"template":"","format":"standard","meta":{"footnotes":""},"categories":[65],"tags":[],"class_list":["post-795202","post","type-post","status-publish","format-standard","has-post-thumbnail","hentry","category-lajme"],"gt_translate_keys":[{"key":"link","format":"url"}],"_links":{"self":[{"href":"https:\/\/www.hashtag.al\/index.php\/wp-json\/wp\/v2\/posts\/795202","targetHints":{"allow":["GET"]}}],"collection":[{"href":"https:\/\/www.hashtag.al\/index.php\/wp-json\/wp\/v2\/posts"}],"about":[{"href":"https:\/\/www.hashtag.al\/index.php\/wp-json\/wp\/v2\/types\/post"}],"author":[{"embeddable":true,"href":"https:\/\/www.hashtag.al\/index.php\/wp-json\/wp\/v2\/users\/32"}],"replies":[{"embeddable":true,"href":"https:\/\/www.hashtag.al\/index.php\/wp-json\/wp\/v2\/comments?post=795202"}],"version-history":[{"count":99999,"href":"https:\/\/www.hashtag.al\/index.php\/wp-json\/wp\/v2\/posts\/795202\/revisions"}],"predecessor-version":[{"id":795203,"href":"https:\/\/www.hashtag.al\/index.php\/wp-json\/wp\/v2\/posts\/795202\/revisions\/795203"}],"wp:featuredmedia":[{"embeddable":true,"href":"https:\/\/www.hashtag.al\/index.php\/wp-json\/wp\/v2\/media\/791475"}],"wp:attachment":[{"href":"https:\/\/www.hashtag.al\/index.php\/wp-json\/wp\/v2\/media?parent=795202"}],"wp:term":[{"taxonomy":"category","embeddable":true,"href":"https:\/\/www.hashtag.al\/index.php\/wp-json\/wp\/v2\/categories?post=795202"},{"taxonomy":"post_tag","embeddable":true,"href":"https:\/\/www.hashtag.al\/index.php\/wp-json\/wp\/v2\/tags?post=795202"}],"curies":[{"name":"wp","href":"https:\/\/api.w.org\/{rel}","templated":true}]}}