{"id":795200,"date":"2026-04-09T07:26:30","date_gmt":"2026-04-09T05:26:30","guid":{"rendered":"https:\/\/www.hashtag.al\/?p=795200"},"modified":"2026-04-09T07:26:30","modified_gmt":"2026-04-09T05:26:30","slug":"greqia-drejt-ndalimit-te-rrjeteve-sociale-per-femijet-nen-15-vjec","status":"publish","type":"post","link":"https:\/\/www.hashtag.al\/index.php\/2026\/04\/09\/greqia-drejt-ndalimit-te-rrjeteve-sociale-per-femijet-nen-15-vjec\/","title":{"rendered":"Greqia drejt ndalimit t\u00eb rrjeteve sociale p\u00ebr f\u00ebmij\u00ebt n\u00ebn 15 vje\u00e7","gt_translate_keys":[{"key":"rendered","format":"text"}]},"content":{"rendered":"<p><a href=\"https:\/\/www.hashtag.al\/index.php\/2021\/10\/04\/bien-aplikacionet-ne-pronesi-te-facebook\/facebook-instagram-whatsapp-illustration\/\" rel=\"attachment wp-att-476539\"><img loading=\"lazy\" decoding=\"async\" class=\"size-full wp-image-476539\" src=\"https:\/\/www.hashtag.al\/wp-content\/uploads\/2021\/10\/GettyImages-1136013704.jpg\" alt=\"\" width=\"4120\" height=\"2785\" srcset=\"https:\/\/www.hashtag.al\/wp-content\/uploads\/2021\/10\/GettyImages-1136013704.jpg 4120w, https:\/\/www.hashtag.al\/wp-content\/uploads\/2021\/10\/GettyImages-1136013704-300x203.jpg 300w, https:\/\/www.hashtag.al\/wp-content\/uploads\/2021\/10\/GettyImages-1136013704-768x519.jpg 768w, https:\/\/www.hashtag.al\/wp-content\/uploads\/2021\/10\/GettyImages-1136013704-1024x692.jpg 1024w\" sizes=\"auto, (max-width: 4120px) 100vw, 4120px\" \/><\/a><\/p>\n<p><span style=\"color: #000000;\">Greqia ka njoftuar nj\u00eb plan p\u00ebr t\u00eb ndaluar p\u00ebrdorimin e rrjeteve sociale p\u00ebr f\u00ebmij\u00ebt n\u00ebn 15 vje\u00e7, duke filluar nga 1 janari, n\u00eb nj\u00eb p\u00ebrpjekje p\u00ebr t\u00eb mbrojtur sh\u00ebndetin mendor dhe mir\u00ebqenien e tyre.<\/span><\/p>\n<p><span style=\"color: #000000;\">Kryeministri Kyriakos Mitsotakis deklaroi se masa \u00ebsht\u00eb \u201ce v\u00ebshtir\u00eb, por e domosdoshme\u201d, duke p\u00ebrmendur rritjen e ankthit, problemet me gjumin dhe ndikimin negativ t\u00eb p\u00ebrdorimit t\u00eb tep\u00ebrt t\u00eb ekraneve tek f\u00ebmij\u00ebt.<\/span><\/p>\n<p><span style=\"color: #000000;\">Ai theksoi se q\u00ebllimi nuk \u00ebsht\u00eb largimi i f\u00ebmij\u00ebve nga teknologjia, por kufizimi i p\u00ebrdorimit t\u00eb tepruar t\u00eb saj. Sipas tij, studimet tregojn\u00eb se q\u00ebndrimi i gjat\u00eb para ekranit ndikon drejtp\u00ebrdrejt n\u00eb zhvillimin dhe pushimin e mendjes s\u00eb f\u00ebmij\u00ebve.<\/span><\/p>\n<p><span style=\"color: #000000;\">Projektligji pritet t\u00eb votohet k\u00ebt\u00eb ver\u00eb n\u00eb parlamentin grek dhe, n\u00ebse miratohet, do ta b\u00ebj\u00eb Greqin\u00eb nj\u00eb nga vendet e para n\u00eb Evrop\u00eb q\u00eb nd\u00ebrmerr nj\u00eb hap t\u00eb till\u00eb. M\u00eb her\u00ebt, qeveria ka ndaluar p\u00ebrdorimin e telefonave n\u00eb shkolla dhe ka krijuar platforma p\u00ebr kontroll prind\u00ebror.<\/span><\/p>\n<p><span style=\"color: #000000;\">Nisma vjen pas shqet\u00ebsimeve t\u00eb shumta p\u00ebr ngacmimin kibernetik dhe var\u00ebsin\u00eb nga rrjetet sociale, nd\u00ebrsa sondazhet tregojn\u00eb mb\u00ebshtetje t\u00eb gjer\u00eb nga publiku p\u00ebr masa t\u00eb tilla.<\/span><\/p>\n<p><span style=\"color: #000000;\">Nd\u00ebrkoh\u00eb, vende t\u00eb tjera si Franca dhe Australia kan\u00eb nd\u00ebrmarr\u00eb hapa t\u00eb ngjash\u00ebm, nd\u00ebrsa disa shtete europiane po shqyrtojn\u00eb kufizime t\u00eb ngjashme. Athina synon gjithashtu q\u00eb kjo \u00e7\u00ebshtje t\u00eb trajtohet n\u00eb nivel europian, duke k\u00ebrkuar standardizimin e verifikimit t\u00eb mosh\u00ebs deri n\u00eb vitin 2027.<\/span><\/p>\n","protected":false,"gt_translate_keys":[{"key":"rendered","format":"html"}]},"excerpt":{"rendered":"<p>Greqia ka njoftuar nj\u00eb plan p\u00ebr t\u00eb ndaluar p\u00ebrdorimin e rrjeteve sociale p\u00ebr f\u00ebmij\u00ebt n\u00ebn 15 vje\u00e7, duke filluar nga 1 janari, n\u00eb nj\u00eb p\u00ebrpjekje p\u00ebr t\u00eb mbrojtur sh\u00ebndetin mendor dhe mir\u00ebqenien e tyre. Kryeministri Kyriakos Mitsotakis deklaroi se masa \u00ebsht\u00eb \u201ce v\u00ebshtir\u00eb, por e domosdoshme\u201d, duke p\u00ebrmendur rritjen e ankthit, problemet me gjumin dhe [&hellip;]<\/p>\n","protected":false,"gt_translate_keys":[{"key":"rendered","format":"html"}]},"author":32,"featured_media":476539,"comment_status":"closed","ping_status":"open","sticky":false,"template":"","format":"standard","meta":{"footnotes":""},"categories":[149],"tags":[],"class_list":["post-795200","post","type-post","status-publish","format-standard","has-post-thumbnail","hentry","category-kosoverajon"],"gt_translate_keys":[{"key":"link","format":"url"}],"_links":{"self":[{"href":"https:\/\/www.hashtag.al\/index.php\/wp-json\/wp\/v2\/posts\/795200","targetHints":{"allow":["GET"]}}],"collection":[{"href":"https:\/\/www.hashtag.al\/index.php\/wp-json\/wp\/v2\/posts"}],"about":[{"href":"https:\/\/www.hashtag.al\/index.php\/wp-json\/wp\/v2\/types\/post"}],"author":[{"embeddable":true,"href":"https:\/\/www.hashtag.al\/index.php\/wp-json\/wp\/v2\/users\/32"}],"replies":[{"embeddable":true,"href":"https:\/\/www.hashtag.al\/index.php\/wp-json\/wp\/v2\/comments?post=795200"}],"version-history":[{"count":99999,"href":"https:\/\/www.hashtag.al\/index.php\/wp-json\/wp\/v2\/posts\/795200\/revisions"}],"predecessor-version":[{"id":795201,"href":"https:\/\/www.hashtag.al\/index.php\/wp-json\/wp\/v2\/posts\/795200\/revisions\/795201"}],"wp:featuredmedia":[{"embeddable":true,"href":"https:\/\/www.hashtag.al\/index.php\/wp-json\/wp\/v2\/media\/476539"}],"wp:attachment":[{"href":"https:\/\/www.hashtag.al\/index.php\/wp-json\/wp\/v2\/media?parent=795200"}],"wp:term":[{"taxonomy":"category","embeddable":true,"href":"https:\/\/www.hashtag.al\/index.php\/wp-json\/wp\/v2\/categories?post=795200"},{"taxonomy":"post_tag","embeddable":true,"href":"https:\/\/www.hashtag.al\/index.php\/wp-json\/wp\/v2\/tags?post=795200"}],"curies":[{"name":"wp","href":"https:\/\/api.w.org\/{rel}","templated":true}]}}