{"id":794914,"date":"2026-04-07T15:37:29","date_gmt":"2026-04-07T13:37:29","guid":{"rendered":"https:\/\/www.hashtag.al\/?p=794914"},"modified":"2026-04-07T15:37:35","modified_gmt":"2026-04-07T13:37:35","slug":"kerkuan-heqjen-e-sekuestros-per-disa-prona-gjykata-e-larte-rrezon-ciftin-malltezi","status":"publish","type":"post","link":"https:\/\/www.hashtag.al\/index.php\/2026\/04\/07\/kerkuan-heqjen-e-sekuestros-per-disa-prona-gjykata-e-larte-rrezon-ciftin-malltezi\/","title":{"rendered":"K\u00ebrkuan heqjen e sekuestros p\u00ebr disa prona, Gjykata e Lart\u00eb rr\u00ebzon \u00e7iftin Malltezi","gt_translate_keys":[{"key":"rendered","format":"text"}]},"content":{"rendered":"<p><span style=\"color: #000000;\"><a href=\"https:\/\/www.hashtag.al\/index.php\/2026\/04\/07\/kerkuan-heqjen-e-sekuestros-per-disa-prona-gjykata-e-larte-rrezon-ciftin-malltezi\/1200-630-1727100584xcover-malltezi-web-581\/\" rel=\"attachment wp-att-794915\"><img loading=\"lazy\" decoding=\"async\" class=\"alignnone size-full wp-image-794915\" src=\"https:\/\/www.hashtag.al\/wp-content\/uploads\/2026\/04\/1200-630-1727100584xcover-malltezi-web-581.png\" alt=\"\" width=\"1200\" height=\"630\" srcset=\"https:\/\/www.hashtag.al\/wp-content\/uploads\/2026\/04\/1200-630-1727100584xcover-malltezi-web-581.png 1200w, https:\/\/www.hashtag.al\/wp-content\/uploads\/2026\/04\/1200-630-1727100584xcover-malltezi-web-581-300x158.png 300w, https:\/\/www.hashtag.al\/wp-content\/uploads\/2026\/04\/1200-630-1727100584xcover-malltezi-web-581-1024x538.png 1024w, https:\/\/www.hashtag.al\/wp-content\/uploads\/2026\/04\/1200-630-1727100584xcover-malltezi-web-581-768x403.png 768w\" sizes=\"auto, (max-width: 1200px) 100vw, 1200px\" \/><\/a><\/span><\/p>\n<p><span style=\"color: #000000;\">Gjykata e Lart\u00eb ka rr\u00ebzuar k\u00ebrkes\u00ebn e Jamarb\u00ebr dhe Argita Malltezit p\u00ebr heqjen e sekuestros mbi pasurit\u00eb e tyre.<\/span><\/p>\n<p><span style=\"color: #000000;\">\u00c7ifti Malltezi kishin k\u00ebrkuar gjithashtu kthimin e t\u00eb ardhurave nga qirat\u00eb e administruara nga Agjencia p\u00ebr Administrimin e Pasurive t\u00eb Sekuestruara gjat\u00eb periudh\u00ebs s\u00eb sekuestrimit, por edhe kjo k\u00ebrkes\u00eb \u00ebsht\u00eb refuzuar nga gjykata.<\/span><\/p>\n<p><span style=\"color: #000000;\">Vendimi i Gjykat\u00ebs s\u00eb Lart\u00eb l\u00eb n\u00eb fuqi mas\u00ebn e sekuestros mbi pasurit\u00eb n\u00eb fjal\u00eb, duke mbyllur p\u00ebr momentin p\u00ebrpjekjen ligjore t\u00eb \u00e7iftit p\u00ebr \u00e7lirimin e tyre dhe rikthimin e p\u00ebrfitimeve financiare.<\/span><\/p>\n","protected":false,"gt_translate_keys":[{"key":"rendered","format":"html"}]},"excerpt":{"rendered":"<p>Gjykata e Lart\u00eb ka rr\u00ebzuar k\u00ebrkes\u00ebn e Jamarb\u00ebr dhe Argita Malltezit p\u00ebr heqjen e sekuestros mbi pasurit\u00eb e tyre. \u00c7ifti Malltezi kishin k\u00ebrkuar gjithashtu kthimin e t\u00eb ardhurave nga qirat\u00eb e administruara nga Agjencia p\u00ebr Administrimin e Pasurive t\u00eb Sekuestruara gjat\u00eb periudh\u00ebs s\u00eb sekuestrimit, por edhe kjo k\u00ebrkes\u00eb \u00ebsht\u00eb refuzuar nga gjykata. Vendimi i Gjykat\u00ebs [&hellip;]<\/p>\n","protected":false,"gt_translate_keys":[{"key":"rendered","format":"html"}]},"author":32,"featured_media":794915,"comment_status":"closed","ping_status":"open","sticky":false,"template":"","format":"standard","meta":{"footnotes":""},"categories":[65],"tags":[],"class_list":["post-794914","post","type-post","status-publish","format-standard","has-post-thumbnail","hentry","category-lajme"],"gt_translate_keys":[{"key":"link","format":"url"}],"_links":{"self":[{"href":"https:\/\/www.hashtag.al\/index.php\/wp-json\/wp\/v2\/posts\/794914","targetHints":{"allow":["GET"]}}],"collection":[{"href":"https:\/\/www.hashtag.al\/index.php\/wp-json\/wp\/v2\/posts"}],"about":[{"href":"https:\/\/www.hashtag.al\/index.php\/wp-json\/wp\/v2\/types\/post"}],"author":[{"embeddable":true,"href":"https:\/\/www.hashtag.al\/index.php\/wp-json\/wp\/v2\/users\/32"}],"replies":[{"embeddable":true,"href":"https:\/\/www.hashtag.al\/index.php\/wp-json\/wp\/v2\/comments?post=794914"}],"version-history":[{"count":99999,"href":"https:\/\/www.hashtag.al\/index.php\/wp-json\/wp\/v2\/posts\/794914\/revisions"}],"predecessor-version":[{"id":794917,"href":"https:\/\/www.hashtag.al\/index.php\/wp-json\/wp\/v2\/posts\/794914\/revisions\/794917"}],"wp:featuredmedia":[{"embeddable":true,"href":"https:\/\/www.hashtag.al\/index.php\/wp-json\/wp\/v2\/media\/794915"}],"wp:attachment":[{"href":"https:\/\/www.hashtag.al\/index.php\/wp-json\/wp\/v2\/media?parent=794914"}],"wp:term":[{"taxonomy":"category","embeddable":true,"href":"https:\/\/www.hashtag.al\/index.php\/wp-json\/wp\/v2\/categories?post=794914"},{"taxonomy":"post_tag","embeddable":true,"href":"https:\/\/www.hashtag.al\/index.php\/wp-json\/wp\/v2\/tags?post=794914"}],"curies":[{"name":"wp","href":"https:\/\/api.w.org\/{rel}","templated":true}]}}