{"id":794840,"date":"2026-04-07T00:08:04","date_gmt":"2026-04-06T22:08:04","guid":{"rendered":"https:\/\/www.hashtag.al\/?p=794840"},"modified":"2026-04-07T00:08:04","modified_gmt":"2026-04-06T22:08:04","slug":"cdo-termocentral-ne-iran-do-dale-jashte-funksionit-brenda-kater-oreve-nese-ska-marreveshje-trump","status":"publish","type":"post","link":"https:\/\/www.hashtag.al\/index.php\/2026\/04\/07\/cdo-termocentral-ne-iran-do-dale-jashte-funksionit-brenda-kater-oreve-nese-ska-marreveshje-trump\/","title":{"rendered":"\u201c\u00c7do termocentral n\u00eb Iran do dal\u00eb jasht\u00eb funksionit brenda kat\u00ebr or\u00ebve n\u00ebse s\u2019ka marr\u00ebveshje\u201d &#8211; Trump","gt_translate_keys":[{"key":"rendered","format":"text"}]},"content":{"rendered":"<p><img loading=\"lazy\" decoding=\"async\" class=\"aligncenter size-full wp-image-794841\" src=\"https:\/\/www.hashtag.al\/wp-content\/uploads\/2026\/04\/H1znFwW211l_0_220_2088_1175_0_x-large-ezgif.com-avif-to-jpg-converter.jpg\" alt=\"\" width=\"1024\" height=\"576\" srcset=\"https:\/\/www.hashtag.al\/wp-content\/uploads\/2026\/04\/H1znFwW211l_0_220_2088_1175_0_x-large-ezgif.com-avif-to-jpg-converter.jpg 1024w, https:\/\/www.hashtag.al\/wp-content\/uploads\/2026\/04\/H1znFwW211l_0_220_2088_1175_0_x-large-ezgif.com-avif-to-jpg-converter-300x169.jpg 300w, https:\/\/www.hashtag.al\/wp-content\/uploads\/2026\/04\/H1znFwW211l_0_220_2088_1175_0_x-large-ezgif.com-avif-to-jpg-converter-768x432.jpg 768w\" sizes=\"auto, (max-width: 1024px) 100vw, 1024px\" \/><\/p>\n<p><span style=\"color: #000000;\">Presidenti i SHBA-s\u00eb, Donald Trump, k\u00ebrc\u00ebnoi t\u00eb h\u00ebn\u00ebn me l\u00ebshimin e sulmeve gjith\u00ebp\u00ebrfshir\u00ebse mbi infrastruktur\u00ebn e Iranit brenda pak or\u00ebsh, n\u00ebse Teherani d\u00ebshton t\u00eb p\u00ebrmbush\u00eb afatin p\u00ebr nj\u00eb marr\u00ebveshje q\u00eb i jep fund luft\u00ebs.<\/span><\/p>\n<p><span style=\"color: #000000;\">\u201cNe kemi nj\u00eb plan ku \u00e7do ur\u00eb n\u00eb Iran do t\u00eb asgj\u00ebsohet, dhe ku \u00e7do termocentral n\u00eb Iran do t\u00eb jet\u00eb jasht\u00eb funksionit, duke u djegur, duke shp\u00ebrthyer dhe p\u00ebr t\u00eb mos u p\u00ebrdorur kurr\u00eb m\u00eb,\u201d tha Trump n\u00eb nj\u00eb konferenc\u00eb p\u00ebr shtyp n\u00eb Sht\u00ebpin\u00eb e Bardh\u00eb.<\/span><\/p>\n<p><span style=\"color: #000000;\">\u201cE kam fjal\u00ebn p\u00ebr demolim t\u00eb plot\u00eb \u2014 deri n\u00eb or\u00ebn 12, dhe kjo do t\u00eb ndodh\u00eb gjat\u00eb nj\u00eb periudhe prej kat\u00ebr or\u00ebsh n\u00ebse ne duam. Ne nuk d\u00ebshirojm\u00eb q\u00eb kjo t\u00eb ndodh\u00eb.\u201d<\/span><\/p>\n<p><span style=\"color: #000000;\">Trump tha se sulmet mund t\u00eb fillojn\u00eb q\u00eb t\u00eb mart\u00ebn mbr\u00ebma, p\u00ebrpara afatit t\u00eb or\u00ebs 20:00 (sipas koh\u00ebs lindore t\u00eb SHBA-s\u00eb) q\u00eb ai i ka vendosur Iranit p\u00ebr t\u00eb p\u00ebrmbushur k\u00ebrkesat amerikane, p\u00ebrfshir\u00eb braktisjen e ambicieve b\u00ebrthamore dhe rihapjen e Ngushtic\u00ebs s\u00eb Hormuzit.<\/span><\/p>\n<p><span style=\"color: #000000;\">\u201cI gjith\u00eb vendi mund t\u00eb nxirret jasht\u00eb loje brenda nj\u00eb nate, dhe ajo nat\u00eb mund t\u00eb jet\u00eb nata e nes\u00ebrme,\u201d tha ai. \u201cShpresoj t\u00eb mos m\u00eb duhet ta b\u00ebj k\u00ebt\u00eb.\u201d<\/span><\/p>\n<p><span style=\"color: #000000;\">Trump hodhi posht\u00eb kritikat se sh\u00ebnjestrimi i infrastruktur\u00ebs civile mund t\u00eb p\u00ebrb\u00ebj\u00eb krim lufte.<\/span><\/p>\n<p><span style=\"color: #000000;\">\u201cNuk jam i shqet\u00ebsuar p\u00ebr k\u00ebt\u00eb. E dini \u00e7far\u00eb \u00ebsht\u00eb krim lufte? T\u00eb kesh nj\u00eb arm\u00eb b\u00ebrthamore,\u201d tha ai m\u00eb her\u00ebt gjat\u00eb nj\u00eb aktiviteti t\u00eb Pashk\u00ebve n\u00eb Sht\u00ebpin\u00eb e Bardh\u00eb.<\/span><\/p>\n<p><span style=\"color: #000000;\">Sekretari i Mbrojtjes, Pete Hegseth, tha se sulmet m\u00eb t\u00eb r\u00ebnda t\u00eb luft\u00ebs deri m\u00eb tani priteshin t\u00eb h\u00ebn\u00ebn, duke paralajm\u00ebruar se e marta mund t\u00eb sjell\u00eb edhe m\u00eb shum\u00eb.<\/span><\/p>\n<p><span style=\"color: #000000;\">Irani: \u2018Trump ka humbur kontrollin\u2019<\/span><\/p>\n<p><span style=\"color: #000000;\">Nj\u00eb zyrtar iranian i siguris\u00eb i tha CNN-it se Teherani nuk ka nd\u00ebrmend t\u2019i jap\u00eb fund luft\u00ebs sipas afatit t\u00eb Trump-it, duke akuzuar presidentin amerikan p\u00ebr p\u00ebrshkall\u00ebzim t\u00eb retorik\u00ebs pas prapambetjeve n\u00eb fush\u00ebbetej\u00eb.<\/span><\/p>\n<p><span style=\"color: #000000;\">\u201cIrani d\u00ebshiron q\u00eb lufta t\u00eb p\u00ebrfundoj\u00eb \u2014 por jo n\u00eb m\u00ebnyr\u00ebn apo sipas orarit q\u00eb d\u00ebshiron Trump,\u201d tha zyrtari.<\/span><\/p>\n<p><span style=\"color: #000000;\">Ai shtoi se Irani nuk ka besim te Trump ose ekipi i tij negociues dhe prandaj ka k\u00ebrkuar garanci shtes\u00eb n\u00eb p\u00ebrgjigjen e tij drejtuar nd\u00ebrmjet\u00ebsve.<\/span><\/p>\n<p><span style=\"color: #000000;\">Sipas zyrtarit, gjuha gjithnj\u00eb e m\u00eb agresive e Trump-it tregon se ai ka \u201chumbur kontrollin\u201d e konfliktit.<\/span><\/p>\n<p><span style=\"color: #000000;\">\u201cD\u00ebshtimi ushtarak n\u00eb jug t\u00eb Isfahanit, i koordinuar me Netanyahun, ishte nj\u00eb d\u00ebshtim strategjik,\u201d tha ai, duke iu referuar mbase rr\u00ebzimit t\u00eb nj\u00eb avioni amerikan F-15 mbi Iran dhe operacionit pasues t\u00eb shp\u00ebtimit.<\/span><\/p>\n<p><span style=\"color: #000000;\">\u201cP\u00ebrshkall\u00ebzimi i fyerjeve dhe gjuha agresive ndaj popullit iranian tregon se ai ka humbur kontrollin e menaxhimit t\u00eb luft\u00ebs.\u201d<\/span><\/p>\n<p><span style=\"color: #000000;\">P\u00ebrgjigja e Teheranit, e dor\u00ebzuar her\u00ebt t\u00eb h\u00ebn\u00ebn p\u00ebrmes Pakistanit, p\u00ebrfshin gjithashtu k\u00ebrkesa p\u00ebr nj\u00eb korniz\u00eb t\u00eb re q\u00eb rregullon kalimin p\u00ebrmes Ngushtic\u00ebs s\u00eb Hormuzit.<\/span><\/p>\n<p><span style=\"color: #000000;\">Irani ka b\u00ebr\u00eb t\u00eb qart\u00eb se rruga ujore \u201cnuk do t\u00eb kthehet n\u00eb kushtet e m\u00ebparshme\u201d n\u00ebse lufta nuk p\u00ebrfundon p\u00ebrgjithmon\u00eb, tha zyrtari, mes thirrjeve n\u00eb rritje brenda Iranit p\u00ebr t\u00eb vendosur tarifa ndaj anijeve n\u00eb korridorin strategjik, shkruan <a href=\"https:\/\/www.ynetnews.com\/article\/bypt8czhbl#autoplay\">Ynet<\/a>.<\/span><\/p>\n","protected":false,"gt_translate_keys":[{"key":"rendered","format":"html"}]},"excerpt":{"rendered":"<p>Presidenti i SHBA-s\u00eb, Donald Trump, k\u00ebrc\u00ebnoi t\u00eb h\u00ebn\u00ebn me l\u00ebshimin e sulmeve gjith\u00ebp\u00ebrfshir\u00ebse mbi infrastruktur\u00ebn e Iranit brenda pak or\u00ebsh, n\u00ebse Teherani d\u00ebshton t\u00eb p\u00ebrmbush\u00eb afatin p\u00ebr nj\u00eb marr\u00ebveshje q\u00eb i jep fund luft\u00ebs. \u201cNe kemi nj\u00eb plan ku \u00e7do ur\u00eb n\u00eb Iran do t\u00eb asgj\u00ebsohet, dhe ku \u00e7do termocentral n\u00eb Iran do t\u00eb jet\u00eb [&hellip;]<\/p>\n","protected":false,"gt_translate_keys":[{"key":"rendered","format":"html"}]},"author":51,"featured_media":794841,"comment_status":"closed","ping_status":"open","sticky":false,"template":"","format":"standard","meta":{"footnotes":""},"categories":[53],"tags":[],"class_list":["post-794840","post","type-post","status-publish","format-standard","has-post-thumbnail","hentry","category-fast-foodi"],"gt_translate_keys":[{"key":"link","format":"url"}],"_links":{"self":[{"href":"https:\/\/www.hashtag.al\/index.php\/wp-json\/wp\/v2\/posts\/794840","targetHints":{"allow":["GET"]}}],"collection":[{"href":"https:\/\/www.hashtag.al\/index.php\/wp-json\/wp\/v2\/posts"}],"about":[{"href":"https:\/\/www.hashtag.al\/index.php\/wp-json\/wp\/v2\/types\/post"}],"author":[{"embeddable":true,"href":"https:\/\/www.hashtag.al\/index.php\/wp-json\/wp\/v2\/users\/51"}],"replies":[{"embeddable":true,"href":"https:\/\/www.hashtag.al\/index.php\/wp-json\/wp\/v2\/comments?post=794840"}],"version-history":[{"count":99999,"href":"https:\/\/www.hashtag.al\/index.php\/wp-json\/wp\/v2\/posts\/794840\/revisions"}],"predecessor-version":[{"id":794842,"href":"https:\/\/www.hashtag.al\/index.php\/wp-json\/wp\/v2\/posts\/794840\/revisions\/794842"}],"wp:featuredmedia":[{"embeddable":true,"href":"https:\/\/www.hashtag.al\/index.php\/wp-json\/wp\/v2\/media\/794841"}],"wp:attachment":[{"href":"https:\/\/www.hashtag.al\/index.php\/wp-json\/wp\/v2\/media?parent=794840"}],"wp:term":[{"taxonomy":"category","embeddable":true,"href":"https:\/\/www.hashtag.al\/index.php\/wp-json\/wp\/v2\/categories?post=794840"},{"taxonomy":"post_tag","embeddable":true,"href":"https:\/\/www.hashtag.al\/index.php\/wp-json\/wp\/v2\/tags?post=794840"}],"curies":[{"name":"wp","href":"https:\/\/api.w.org\/{rel}","templated":true}]}}