{"id":794800,"date":"2026-04-06T20:21:14","date_gmt":"2026-04-06T18:21:14","guid":{"rendered":"https:\/\/www.hashtag.al\/?p=794800"},"modified":"2026-04-06T21:35:38","modified_gmt":"2026-04-06T19:35:38","slug":"liberalet-e-humben-busullen-ish-shefi-i-stafit-te-presidentit-obama-vide","status":"publish","type":"post","link":"https:\/\/www.hashtag.al\/index.php\/2026\/04\/06\/liberalet-e-humben-busullen-ish-shefi-i-stafit-te-presidentit-obama-vide\/","title":{"rendered":"&#8220;Liberal\u00ebt e humb\u00ebn busull\u00ebn&#8221; &#8211; Ish-shefi i stafit t\u00eb presidentit Obama (Video)","gt_translate_keys":[{"key":"rendered","format":"text"}]},"content":{"rendered":"<p><img loading=\"lazy\" decoding=\"async\" class=\"aligncenter size-full wp-image-794801\" src=\"https:\/\/www.hashtag.al\/wp-content\/uploads\/2026\/04\/shba.jpg\" alt=\"\" width=\"768\" height=\"432\" srcset=\"https:\/\/www.hashtag.al\/wp-content\/uploads\/2026\/04\/shba.jpg 768w, https:\/\/www.hashtag.al\/wp-content\/uploads\/2026\/04\/shba-300x169.jpg 300w\" sizes=\"auto, (max-width: 768px) 100vw, 768px\" \/><\/p>\n<p><span style=\"color: #000000;\">Rahm Emanuel, ish-kryetar i bashkis\u00eb s\u00eb Chicago dhe ish-shef i stafit n\u00eb Sht\u00ebpin\u00eb e Bardh\u00eb gjat\u00eb presidenc\u00ebs s\u00eb Barack Obama, ka kritikuar partin\u00eb e tij p\u00ebr p\u00ebrqafimin e aktivizmit mbi rac\u00ebn dhe gjinin\u00eb n\u00eb vend t\u00eb \u201cvlerave t\u00eb klas\u00ebs s\u00eb mesme\u201d. A mund t\u00eb t\u00ebrhiqen Demokrat\u00ebt nga teprimet e epok\u00ebs \u201cwoke\u201d? Dhe a mund ta drejtoj\u00eb Emanuel partin\u00eb n\u00eb vitin 2028?<\/span><\/p>\n<p><span style=\"color: #000000;\">\u201cNe e humb\u00ebm drejtimin,\u201d tha Emanuel k\u00ebt\u00eb jav\u00eb n\u00eb podcastin The Fifth Column. \u201cNe si Demokrat\u00eb n\u00eb nivel komb\u00ebtar, nga \u2018Latinx\u2019, te ideja p\u00ebr t\u00eb hequr financimin e policis\u00eb, te pretendimi se organizatat policore jan\u00eb raciste, deri te futja e luft\u00ebrave kulturore n\u00eb shkolla. Ne jemi n\u00eb an\u00ebn humb\u00ebse t\u00eb k\u00ebtyre luft\u00ebrave kulturore. Pik\u00eb.\u201d<\/span><\/p>\n<p><span style=\"color: #000000;\">\u201cAskush nuk duket se po e ndalon k\u00ebt\u00eb,\u201d vazhdoi ai. \u201cJu shqet\u00ebsoheni p\u00ebr qasjen n\u00eb banjo dhe dhoma zhveshjeje, pse nuk p\u00ebrqendroheni te cil\u00ebsia e arsimit?\u201d<\/span><\/p>\n<p><span style=\"color: #000000;\">\u201cNe kaluam nga pranimi te avokimi aktiv. Mbaj mend kur luftonim p\u00ebr Titullin IX,\u201d tha ai, duke iu referuar ligjit kund\u00ebr diskriminimit q\u00eb garanton mund\u00ebsi t\u00eb barabarta sportive p\u00ebr grat\u00eb n\u00eb shkolla dhe universitete. \u201cPse ta minosh premis\u00ebn e Titullit IX duke lejuar q\u00eb burra transgjinor\u00eb t\u00eb garojn\u00eb n\u00eb sportet e grave?\u201d<\/span><\/p>\n<p><span style=\"color: #000000;\">Emanuel konsiderohet \u2013 ose konsiderohej \u2013 nj\u00eb figur\u00eb e r\u00ebnd\u00ebsishme n\u00eb Partia Demokratike e SHBA. Pas tre mandateve si p\u00ebrfaq\u00ebsues i Illinois n\u00eb Kongres, ai sh\u00ebrbeu si shef stafi i Obam\u00ebs nga 2009 deri m\u00eb 2010, kryetar bashkie i Chicagos nga 2011 deri m\u00eb 2019, dhe ambasador i SHBA n\u00eb Japoni nga 2022 deri m\u00eb 2025.<\/span><\/p>\n<p><span style=\"color: #000000;\">Ai \u00ebsht\u00eb nj\u00eb nga disa figura t\u00eb fuqishme demokrate q\u00eb jan\u00eb distancuar nga teprimet e epok\u00ebs \u201cwoke\u201d. Strategu i ish-presidentit Bill Clinton, James Carville, u ka b\u00ebr\u00eb thirrje demokrat\u00ebve t\u00eb braktisin \u201cpolitik\u00ebn performative woke\u201d dhe t\u00eb p\u00ebrqafojn\u00eb nj\u00eb platform\u00eb ekonomike m\u00eb agresive. Senatori John Fetterman ka deklaruar se \u201cnuk \u00ebsht\u00eb woke\u201d dhe ka k\u00ebrkuar qasje m\u00eb t\u00eb ashp\u00ebr ndaj krimit. Institute liberale t\u00eb mendimit kan\u00eb k\u00ebrkuar q\u00eb Demokrat\u00ebt t\u00eb ndalojn\u00eb p\u00ebrdorimin e termave q\u00eb krijojn\u00eb distanc\u00eb me votuesit e zakonsh\u00ebm, si \u201cheteronormative\u201d, \u201cmicroaggression\u201d dhe \u201cLGBTQIA+\u201d.<\/span><\/p>\n<p><strong><span style=\"color: #000000;\">Kulmi i epok\u00ebs \u201cwoke\u201d<\/span><\/strong><\/p>\n<p><span style=\"color: #000000;\">Sipas kritik\u00ebve, kthesa \u201cwoke\u201d e Demokrat\u00ebve arriti kulmin n\u00eb vitin 2024. At\u00eb vit, presidenti Joe Biden shpalli Pashk\u00ebt si \u201cDita e Dukshm\u00ebris\u00eb Transgjinore\u201d, nd\u00ebrsa organizata Planned Parenthood ofroi procedura falas nga nj\u00eb furgon i vendosur jasht\u00eb Konvent\u00ebs Komb\u00ebtare Demokrate n\u00eb Chicago. Kamala Harris mbrojti gjithashtu q\u00ebndrimet e saj mbi financimin publik t\u00eb operacioneve t\u00eb ndryshimit t\u00eb gjinis\u00eb p\u00ebr t\u00eb burgosur dhe emigrant\u00eb t\u00eb paligjsh\u00ebm.<\/span><\/p>\n<p><span style=\"color: #000000;\">Fushata e presidentit aktual Donald Trump p\u00ebrfitoi nga kjo situat\u00eb, duke transmetuar reklama ku Harris mb\u00ebshteste abortin n\u00eb faza t\u00eb vona dhe pjes\u00ebmarrjen e atlet\u00ebve transgjinor\u00eb n\u00eb sportet e grave. N\u00eb nj\u00eb spot televiziv u shfaq\u00ebn edhe figura si Rachel Levine dhe Sam Brinton, nd\u00ebrsa narratori deklaronte: \u201cKamala \u00ebsht\u00eb p\u00ebr \u2018ata\/ato\u2019. Presidenti Trump \u00ebsht\u00eb p\u00ebr ju.\u201d<\/span><\/p>\n<p><span style=\"color: #000000;\">Votuesit i dhan\u00eb Trump-it fitore n\u00eb shtat\u00eb shtetet vendimtare, si dhe fitoren e par\u00eb n\u00eb vot\u00ebn popullore p\u00ebr nj\u00eb republikan q\u00eb nga viti 2004. Sipas analizave, vendimtare ishin votat e meshkujve t\u00eb rinj t\u00eb bardh\u00eb, nj\u00eb grup demografik q\u00eb, sipas kritik\u00ebve, u neglizhua nga demokrat\u00ebt.<\/span><\/p>\n<div style=\"width: 720px;\" class=\"wp-video\"><video class=\"wp-video-shortcode\" id=\"video-794800-1\" width=\"720\" height=\"1280\" preload=\"metadata\" controls=\"controls\"><source type=\"video\/mp4\" src=\"https:\/\/www.hashtag.al\/wp-content\/uploads\/2026\/04\/ssstwitter.com_1775423163303.mp4?_=1\" \/><a href=\"https:\/\/www.hashtag.al\/wp-content\/uploads\/2026\/04\/ssstwitter.com_1775423163303.mp4\">https:\/\/www.hashtag.al\/wp-content\/uploads\/2026\/04\/ssstwitter.com_1775423163303.mp4<\/a><\/video><\/div>\n<p><strong><span style=\"color: #000000;\">A do kthehen Demokrat\u00ebt n\u00eb qend\u00ebr?<\/span><\/strong><\/p>\n<p><span style=\"color: #000000;\">Emanuel beson se p\u00ebr t\u00eb fituar s\u00ebrish, Demokrat\u00ebt duhet t\u00eb rikthehen n\u00eb qendr\u00ebn kulturore. \u201c\u00c7do president i suksessh\u00ebm elektoral i partis\u00eb son\u00eb \u00ebsht\u00eb mb\u00ebshtetur te vlerat e klas\u00ebs s\u00eb mesme,\u201d tha ai n\u00eb podcast.<\/span><\/p>\n<p><span style=\"color: #000000;\">Megjithat\u00eb, disa e shohin k\u00ebt\u00eb si l\u00ebvizje politike personale. Sipas burimeve t\u00eb intervistuara nga media si The Atlantic dhe Politico, Emanuel po p\u00ebrgatitet publikisht dhe privatisht p\u00ebr nj\u00eb kandidim presidencial n\u00eb vitin 2028.<\/span><\/p>\n<p><span style=\"color: #000000;\">Nj\u00eb rival i mundsh\u00ebm \u00ebsht\u00eb guvernatori i California, Gavin Newsom. Edhe pse ai ka kritikuar disa politika t\u00eb lidhura me aktivizmin gjinor, Newsom ka mbrojtur politikat e \u201cstrehimit\u201d p\u00ebr emigrant\u00ebt e paligjsh\u00ebm, ka krijuar nj\u00eb departament p\u00ebr t\u00eb shqyrtuar kompensime p\u00ebr pasardh\u00ebsit e skllav\u00ebris\u00eb dhe ka lejuar udh\u00ebtimin e t\u00eb miturve n\u00eb Kaliforni p\u00ebr operacione t\u00eb ndryshimit t\u00eb gjinis\u00eb q\u00eb jan\u00eb t\u00eb ndaluara n\u00eb shtetet e tyre.<\/span><\/p>\n<p><span style=\"color: #000000;\">Nj\u00eb faktor tjet\u00ebr \u00ebsht\u00eb mb\u00ebshtetja n\u00eb rritje p\u00ebr figura m\u00eb t\u00eb majta si Zohran Mamdani, i cili fitoi bindsh\u00ebm ndaj Andrew Cuomo n\u00eb gar\u00ebn p\u00ebr kryetar bashkie t\u00eb New York City vitin e kaluar, shkruan <a style=\"color: #000000;\" href=\"https:\/\/www.rt.com\/news\/637186-rahm-emanuel-democrats-lost\/\">RT<\/a>.<\/span><\/p>\n<p><span style=\"color: #000000;\">Pavar\u00ebsisht drejtimit q\u00eb do t\u00eb marr\u00eb partia deri n\u00eb vitin 2028, Demokrat\u00ebt p\u00ebrballen me nj\u00eb sfid\u00eb t\u00eb v\u00ebshtir\u00eb: sipas t\u00eb dh\u00ebnave t\u00eb RealClearPolitics, vler\u00ebsimi neto i Trump aktualisht \u00ebsht\u00eb rreth -15.5 pik\u00eb, nd\u00ebrsa favorizimi neto p\u00ebr Demokrat\u00ebt \u00ebsht\u00eb edhe m\u00eb i ul\u00ebt, rreth -20.4 pik\u00eb.<\/span><\/p>\n<p><span style=\"color: #000000;\">P\u00ebr t\u00eb ngushtuar k\u00ebt\u00eb hendek, partia duhet t\u00eb p\u00ebrballet me trash\u00ebgimin\u00eb e nj\u00eb ideologjie q\u00eb kritik\u00ebt thon\u00eb se shp\u00ebrqendroi v\u00ebmendjen nga problemet ekonomike dhe sociale t\u00eb qytetar\u00ebve. Pranimi i Emanuel se \u201chumb\u00ebn drejtimin\u201d mund t\u00eb theksoj\u00eb nj\u00eb debat q\u00eb rrezikon t\u00eb p\u00ebr\u00e7aj\u00eb m\u00eb tej baz\u00ebn demokrate.<\/span><\/p>\n<div style=\"width: 640px;\" class=\"wp-video\"><video class=\"wp-video-shortcode\" id=\"video-794800-2\" width=\"640\" height=\"360\" preload=\"metadata\" controls=\"controls\"><source type=\"video\/mp4\" src=\"https:\/\/www.hashtag.al\/wp-content\/uploads\/2026\/04\/ssstwitter.com_1775423180443.mp4?_=2\" \/><a href=\"https:\/\/www.hashtag.al\/wp-content\/uploads\/2026\/04\/ssstwitter.com_1775423180443.mp4\">https:\/\/www.hashtag.al\/wp-content\/uploads\/2026\/04\/ssstwitter.com_1775423180443.mp4<\/a><\/video><\/div>\n","protected":false,"gt_translate_keys":[{"key":"rendered","format":"html"}]},"excerpt":{"rendered":"<p>Rahm Emanuel, ish-kryetar i bashkis\u00eb s\u00eb Chicago dhe ish-shef i stafit n\u00eb Sht\u00ebpin\u00eb e Bardh\u00eb gjat\u00eb presidenc\u00ebs s\u00eb Barack Obama, ka kritikuar partin\u00eb e tij p\u00ebr p\u00ebrqafimin e aktivizmit mbi rac\u00ebn dhe gjinin\u00eb n\u00eb vend t\u00eb \u201cvlerave t\u00eb klas\u00ebs s\u00eb mesme\u201d. A mund t\u00eb t\u00ebrhiqen Demokrat\u00ebt nga teprimet e epok\u00ebs \u201cwoke\u201d? Dhe a mund ta [&hellip;]<\/p>\n","protected":false,"gt_translate_keys":[{"key":"rendered","format":"html"}]},"author":51,"featured_media":794801,"comment_status":"closed","ping_status":"open","sticky":false,"template":"","format":"standard","meta":{"footnotes":""},"categories":[53],"tags":[],"class_list":["post-794800","post","type-post","status-publish","format-standard","has-post-thumbnail","hentry","category-fast-foodi"],"gt_translate_keys":[{"key":"link","format":"url"}],"_links":{"self":[{"href":"https:\/\/www.hashtag.al\/index.php\/wp-json\/wp\/v2\/posts\/794800","targetHints":{"allow":["GET"]}}],"collection":[{"href":"https:\/\/www.hashtag.al\/index.php\/wp-json\/wp\/v2\/posts"}],"about":[{"href":"https:\/\/www.hashtag.al\/index.php\/wp-json\/wp\/v2\/types\/post"}],"author":[{"embeddable":true,"href":"https:\/\/www.hashtag.al\/index.php\/wp-json\/wp\/v2\/users\/51"}],"replies":[{"embeddable":true,"href":"https:\/\/www.hashtag.al\/index.php\/wp-json\/wp\/v2\/comments?post=794800"}],"version-history":[{"count":99999,"href":"https:\/\/www.hashtag.al\/index.php\/wp-json\/wp\/v2\/posts\/794800\/revisions"}],"predecessor-version":[{"id":794821,"href":"https:\/\/www.hashtag.al\/index.php\/wp-json\/wp\/v2\/posts\/794800\/revisions\/794821"}],"wp:featuredmedia":[{"embeddable":true,"href":"https:\/\/www.hashtag.al\/index.php\/wp-json\/wp\/v2\/media\/794801"}],"wp:attachment":[{"href":"https:\/\/www.hashtag.al\/index.php\/wp-json\/wp\/v2\/media?parent=794800"}],"wp:term":[{"taxonomy":"category","embeddable":true,"href":"https:\/\/www.hashtag.al\/index.php\/wp-json\/wp\/v2\/categories?post=794800"},{"taxonomy":"post_tag","embeddable":true,"href":"https:\/\/www.hashtag.al\/index.php\/wp-json\/wp\/v2\/tags?post=794800"}],"curies":[{"name":"wp","href":"https:\/\/api.w.org\/{rel}","templated":true}]}}