{"id":794734,"date":"2026-04-06T14:57:00","date_gmt":"2026-04-06T12:57:00","guid":{"rendered":"https:\/\/www.hashtag.al\/?p=794734"},"modified":"2026-04-06T14:57:06","modified_gmt":"2026-04-06T12:57:06","slug":"ceshtja-e-presidentit-abdixhiku-pas-takimit-me-kurtin-kemi-me-pak-se-3-jave-per-te-arritur-konsensus","status":"publish","type":"post","link":"https:\/\/www.hashtag.al\/index.php\/2026\/04\/06\/ceshtja-e-presidentit-abdixhiku-pas-takimit-me-kurtin-kemi-me-pak-se-3-jave-per-te-arritur-konsensus\/","title":{"rendered":"\u00c7\u00ebshtja e Presidentit\/ Abdixhiku pas takimit me Kurtin: Kemi m\u00eb pak se 3 jav\u00eb p\u00ebr t\u00eb arritur konsensus","gt_translate_keys":[{"key":"rendered","format":"text"}]},"content":{"rendered":"<p><span style=\"color: #000000;\"><a href=\"https:\/\/www.hashtag.al\/index.php\/2026\/04\/06\/ceshtja-e-presidentit-abdixhiku-pas-takimit-me-kurtin-kemi-me-pak-se-3-jave-per-te-arritur-konsensus\/lumir-2\/\" rel=\"attachment wp-att-794735\"><img loading=\"lazy\" decoding=\"async\" class=\"alignnone size-full wp-image-794735\" src=\"https:\/\/www.hashtag.al\/wp-content\/uploads\/2026\/04\/Lumir.png\" alt=\"\" width=\"884\" height=\"612\" srcset=\"https:\/\/www.hashtag.al\/wp-content\/uploads\/2026\/04\/Lumir.png 884w, https:\/\/www.hashtag.al\/wp-content\/uploads\/2026\/04\/Lumir-300x208.png 300w, https:\/\/www.hashtag.al\/wp-content\/uploads\/2026\/04\/Lumir-768x532.png 768w\" sizes=\"auto, (max-width: 884px) 100vw, 884px\" \/><\/a><\/span><\/p>\n<p><span style=\"color: #000000;\">Pas takimit me kryeministrin Albin Kurti, kryetari i Lidhjes Demokratike t\u00eb Kosov\u00ebs, Lumir Abdixhiku, ka dh\u00ebn\u00eb nj\u00eb deklarat\u00eb p\u00ebr mediat, ku ka folur p\u00ebr \u00e7\u00ebshtjen e presidentit.<\/span><\/p>\n<p><span style=\"color: #000000;\">Ai \u00ebsht\u00eb shprehur se n\u00eb k\u00ebto diskutime nuk pati progres, dhe se nuk pati l\u00ebvizje t\u00eb reja. Asnj\u00eb rezultat p\u00ebr marr\u00ebveshje.<\/span><\/p>\n<p><span style=\"color: #000000;\">Megjithat\u00eb, sipas tij, takimet do t\u00eb vazhdojn\u00eb q\u00eb t\u00eb gjendet nj\u00eb zgjidhje, sepse n\u00eb t\u00eb kund\u00ebrt\u00ebn, vendi shkon n\u00eb zgjedhje.<\/span><\/p>\n<p><span style=\"color: #000000;\"><em>\u201cNuk kemi ndonj\u00eb t\u00eb re. Zhvillova takimin e radh\u00ebs me kryetarin e LVV dhe kryeministrin Albin Kurti. Diskutuam p\u00ebr afatin kohor, kemi m\u00eb pak se 3 jav\u00eb p\u00ebr t\u00eb arritur nj\u00eb konsensus dhe p\u00ebr t\u00eb arritur nj\u00eb marr\u00ebveshje eventuale, n\u00eb t\u00eb kund\u00ebrt\u00ebn vendi shkon n\u00eb zgjedhje. Po provojm\u00eb q\u00eb p\u00ebrmes takimeve t\u00eb gjejm\u00eb nj\u00eb zgjidhje t\u00eb p\u00ebrbashk\u00ebt. Nuk kemi ndonj\u00eb l\u00ebvizje t\u00eb re nga ky takim i sot\u00ebm<\/em>\u201d,\u00a0tha Abdixhiku.<\/span><\/p>\n","protected":false,"gt_translate_keys":[{"key":"rendered","format":"html"}]},"excerpt":{"rendered":"<p>Pas takimit me kryeministrin Albin Kurti, kryetari i Lidhjes Demokratike t\u00eb Kosov\u00ebs, Lumir Abdixhiku, ka dh\u00ebn\u00eb nj\u00eb deklarat\u00eb p\u00ebr mediat, ku ka folur p\u00ebr \u00e7\u00ebshtjen e presidentit. Ai \u00ebsht\u00eb shprehur se n\u00eb k\u00ebto diskutime nuk pati progres, dhe se nuk pati l\u00ebvizje t\u00eb reja. Asnj\u00eb rezultat p\u00ebr marr\u00ebveshje. Megjithat\u00eb, sipas tij, takimet do t\u00eb vazhdojn\u00eb [&hellip;]<\/p>\n","protected":false,"gt_translate_keys":[{"key":"rendered","format":"html"}]},"author":32,"featured_media":794735,"comment_status":"closed","ping_status":"open","sticky":false,"template":"","format":"standard","meta":{"footnotes":""},"categories":[149],"tags":[],"class_list":["post-794734","post","type-post","status-publish","format-standard","has-post-thumbnail","hentry","category-kosoverajon"],"gt_translate_keys":[{"key":"link","format":"url"}],"_links":{"self":[{"href":"https:\/\/www.hashtag.al\/index.php\/wp-json\/wp\/v2\/posts\/794734","targetHints":{"allow":["GET"]}}],"collection":[{"href":"https:\/\/www.hashtag.al\/index.php\/wp-json\/wp\/v2\/posts"}],"about":[{"href":"https:\/\/www.hashtag.al\/index.php\/wp-json\/wp\/v2\/types\/post"}],"author":[{"embeddable":true,"href":"https:\/\/www.hashtag.al\/index.php\/wp-json\/wp\/v2\/users\/32"}],"replies":[{"embeddable":true,"href":"https:\/\/www.hashtag.al\/index.php\/wp-json\/wp\/v2\/comments?post=794734"}],"version-history":[{"count":99999,"href":"https:\/\/www.hashtag.al\/index.php\/wp-json\/wp\/v2\/posts\/794734\/revisions"}],"predecessor-version":[{"id":794737,"href":"https:\/\/www.hashtag.al\/index.php\/wp-json\/wp\/v2\/posts\/794734\/revisions\/794737"}],"wp:featuredmedia":[{"embeddable":true,"href":"https:\/\/www.hashtag.al\/index.php\/wp-json\/wp\/v2\/media\/794735"}],"wp:attachment":[{"href":"https:\/\/www.hashtag.al\/index.php\/wp-json\/wp\/v2\/media?parent=794734"}],"wp:term":[{"taxonomy":"category","embeddable":true,"href":"https:\/\/www.hashtag.al\/index.php\/wp-json\/wp\/v2\/categories?post=794734"},{"taxonomy":"post_tag","embeddable":true,"href":"https:\/\/www.hashtag.al\/index.php\/wp-json\/wp\/v2\/tags?post=794734"}],"curies":[{"name":"wp","href":"https:\/\/api.w.org\/{rel}","templated":true}]}}