{"id":794726,"date":"2026-04-06T14:05:10","date_gmt":"2026-04-06T12:05:10","guid":{"rendered":"https:\/\/www.hashtag.al\/?p=794726"},"modified":"2026-04-06T14:05:18","modified_gmt":"2026-04-06T12:05:18","slug":"gjuha-amtare-eshte-e-drejte-jo-privilegj-universiteti-i-tiranes-ne-krah-te-studenteve-shqiptare-ne-maqedonine-e-veriut","status":"publish","type":"post","link":"https:\/\/www.hashtag.al\/index.php\/2026\/04\/06\/gjuha-amtare-eshte-e-drejte-jo-privilegj-universiteti-i-tiranes-ne-krah-te-studenteve-shqiptare-ne-maqedonine-e-veriut\/","title":{"rendered":"&#8216;Gjuha amtare \u00ebsht\u00eb e drejt\u00eb, jo privilegj&#8217;, Universiteti i Tiran\u00ebs n\u00eb krah t\u00eb student\u00ebve shqiptar\u00eb n\u00eb Maqedonin\u00eb e Veriut","gt_translate_keys":[{"key":"rendered","format":"text"}]},"content":{"rendered":"<p><span style=\"color: #000000;\"><a style=\"color: #000000;\" href=\"https:\/\/www.hashtag.al\/index.php\/2026\/04\/06\/gjuha-amtare-eshte-e-drejte-jo-privilegj-universiteti-i-tiranes-ne-krah-te-studenteve-shqiptare-ne-maqedonine-e-veriut\/1775474851_10000universiteti\/\" rel=\"attachment wp-att-794727\"><img loading=\"lazy\" decoding=\"async\" class=\"alignnone size-full wp-image-794727\" src=\"https:\/\/www.hashtag.al\/wp-content\/uploads\/2026\/04\/1775474851_10000universiteti.jpg\" alt=\"\" width=\"780\" height=\"440\" srcset=\"https:\/\/www.hashtag.al\/wp-content\/uploads\/2026\/04\/1775474851_10000universiteti.jpg 780w, https:\/\/www.hashtag.al\/wp-content\/uploads\/2026\/04\/1775474851_10000universiteti-300x169.jpg 300w, https:\/\/www.hashtag.al\/wp-content\/uploads\/2026\/04\/1775474851_10000universiteti-768x433.jpg 768w\" sizes=\"auto, (max-width: 780px) 100vw, 780px\" \/><\/a><\/span><\/p>\n<p><span style=\"color: #000000;\">Universiteti i Tiran\u00ebs ka dal\u00eb hapur n\u00eb mb\u00ebshtetje t\u00eb student\u00ebve shqiptar\u00eb n\u00eb Maqedonin\u00eb e Veriut, t\u00eb cil\u00ebt po protestojn\u00eb p\u00ebr t\u00eb drejt\u00ebn e tyre p\u00ebr mbajtjen e provimeve n\u00eb gjuh\u00ebn shqipe.<\/span><\/p>\n<p><span style=\"color: #000000;\">N\u00eb nj\u00eb reagim zyrtar, institucioni dhe rektori Artan Hoxha theksojn\u00eb se p\u00ebrdorimi i gjuh\u00ebs amtare n\u00eb arsim dhe n\u00eb vler\u00ebsimin profesional nuk \u00ebsht\u00eb privilegj, por nj\u00eb standard i njohur nd\u00ebrkomb\u00ebtarisht dhe nj\u00eb element baz\u00eb i barazis\u00eb n\u00eb shoq\u00ebrit\u00eb shum\u00ebgjuh\u00ebshe.<\/span><\/p>\n<p><span style=\"color: #000000;\">Universiteti i Tiran\u00ebs thekson se mb\u00ebshtet \u00e7do p\u00ebrpjekje q\u00eb forcon t\u00eb drejtat gjuh\u00ebsore dhe garanton standarde t\u00eb barabarta n\u00eb arsim dhe n\u00eb jet\u00ebn publike, nd\u00ebrsa u b\u00ebn thirrje institucioneve p\u00ebrkat\u00ebse q\u00eb t\u00eb gjejn\u00eb zgjidhje t\u00eb drejta dhe gjith\u00ebp\u00ebrfshir\u00ebse.<\/span><\/p>\n<p><span style=\"color: #000000;\">Deklarata e plot\u00eb e Universitetit t\u00eb Tiran\u00ebs<\/span><\/p>\n<p><span style=\"color: #000000;\"><em>Universiteti i Tiran\u00ebs shpreh mb\u00ebshtetjen e plot\u00eb p\u00ebr student\u00ebt shqiptar\u00eb n\u00eb Maqedonin\u00eb e Veriut, t\u00eb cil\u00ebt po k\u00ebrkojn\u00eb realizimin e nj\u00eb t\u00eb drejte themelore: p\u00ebrdorimin e gjuh\u00ebs s\u00eb tyre amtare n\u00eb proceset arsimore dhe profesionale. E drejta p\u00ebr t\u2019u arsimuar dhe p\u00ebr t\u2019u vler\u00ebsuar n\u00eb gjuh\u00ebn amtare nuk \u00ebsht\u00eb privilegj, por nj\u00eb standard i njohur nd\u00ebrkomb\u00ebtarisht dhe nj\u00eb element thelb\u00ebsor i barazis\u00eb reale n\u00eb shoq\u00ebri shum\u00ebgjuh\u00ebshe. Kur student\u00ebt ndjekin studimet e tyre n\u00eb nj\u00eb gjuh\u00eb t\u00eb caktuar, \u00ebsht\u00eb e drejt\u00eb legjitime q\u00eb edhe vler\u00ebsimi p\u00ebrfundimtar profesional t\u00eb b\u00ebhet n\u00eb t\u00eb nj\u00ebjt\u00ebn gjuh\u00eb. K\u00ebrkesa e student\u00ebve shqiptar\u00eb p\u00ebr t\u00eb zhvilluar provimet shtet\u00ebrore n\u00eb gjuh\u00ebn shqipe p\u00ebrfaq\u00ebson nj\u00eb aspirat\u00eb t\u00eb drejt\u00eb p\u00ebr barazi, dinjitet dhe mosdiskriminim. Mosrespektimi i k\u00ebtij parimi rrezikon t\u00eb krijoj\u00eb pengesa t\u00eb panevojshme n\u00eb zhvillimin profesional t\u00eb tyre dhe t\u00eb cenoj\u00eb besimin n\u00eb institucionet shtet\u00ebrore. Universiteti i Tiran\u00ebs mb\u00ebshtet \u00e7do p\u00ebrpjekje q\u00eb synon forcimin e t\u00eb drejtave gjuh\u00ebsore dhe garantimin e standardeve t\u00eb barabarta n\u00eb arsim dhe n\u00eb jet\u00ebn publike. Ne inkurajojm\u00eb institucionet p\u00ebrkat\u00ebse q\u00eb, n\u00eb frym\u00ebn e ligjit dhe t\u00eb bashk\u00ebjetes\u00ebs demokratike, t\u00eb gjejn\u00eb zgjidhje t\u00eb drejta dhe gjith\u00ebp\u00ebrfshir\u00ebse. Respektimi i diversitetit gjuh\u00ebsor nuk \u00ebsht\u00eb vet\u00ebm detyrim ligjor, por edhe vler\u00eb q\u00eb pasuron shoq\u00ebrin\u00eb dhe forcon kohezionin social n\u00eb rrug\u00ebn e integrimit t\u00eb rajonit n\u00eb Bashkimin Evropian!<\/em><\/span><\/p>\n","protected":false,"gt_translate_keys":[{"key":"rendered","format":"html"}]},"excerpt":{"rendered":"<p>Universiteti i Tiran\u00ebs ka dal\u00eb hapur n\u00eb mb\u00ebshtetje t\u00eb student\u00ebve shqiptar\u00eb n\u00eb Maqedonin\u00eb e Veriut, t\u00eb cil\u00ebt po protestojn\u00eb p\u00ebr t\u00eb drejt\u00ebn e tyre p\u00ebr mbajtjen e provimeve n\u00eb gjuh\u00ebn shqipe. N\u00eb nj\u00eb reagim zyrtar, institucioni dhe rektori Artan Hoxha theksojn\u00eb se p\u00ebrdorimi i gjuh\u00ebs amtare n\u00eb arsim dhe n\u00eb vler\u00ebsimin profesional nuk \u00ebsht\u00eb privilegj, [&hellip;]<\/p>\n","protected":false,"gt_translate_keys":[{"key":"rendered","format":"html"}]},"author":32,"featured_media":794727,"comment_status":"closed","ping_status":"open","sticky":false,"template":"","format":"standard","meta":{"footnotes":""},"categories":[65],"tags":[],"class_list":["post-794726","post","type-post","status-publish","format-standard","has-post-thumbnail","hentry","category-lajme"],"gt_translate_keys":[{"key":"link","format":"url"}],"_links":{"self":[{"href":"https:\/\/www.hashtag.al\/index.php\/wp-json\/wp\/v2\/posts\/794726","targetHints":{"allow":["GET"]}}],"collection":[{"href":"https:\/\/www.hashtag.al\/index.php\/wp-json\/wp\/v2\/posts"}],"about":[{"href":"https:\/\/www.hashtag.al\/index.php\/wp-json\/wp\/v2\/types\/post"}],"author":[{"embeddable":true,"href":"https:\/\/www.hashtag.al\/index.php\/wp-json\/wp\/v2\/users\/32"}],"replies":[{"embeddable":true,"href":"https:\/\/www.hashtag.al\/index.php\/wp-json\/wp\/v2\/comments?post=794726"}],"version-history":[{"count":99999,"href":"https:\/\/www.hashtag.al\/index.php\/wp-json\/wp\/v2\/posts\/794726\/revisions"}],"predecessor-version":[{"id":794729,"href":"https:\/\/www.hashtag.al\/index.php\/wp-json\/wp\/v2\/posts\/794726\/revisions\/794729"}],"wp:featuredmedia":[{"embeddable":true,"href":"https:\/\/www.hashtag.al\/index.php\/wp-json\/wp\/v2\/media\/794727"}],"wp:attachment":[{"href":"https:\/\/www.hashtag.al\/index.php\/wp-json\/wp\/v2\/media?parent=794726"}],"wp:term":[{"taxonomy":"category","embeddable":true,"href":"https:\/\/www.hashtag.al\/index.php\/wp-json\/wp\/v2\/categories?post=794726"},{"taxonomy":"post_tag","embeddable":true,"href":"https:\/\/www.hashtag.al\/index.php\/wp-json\/wp\/v2\/tags?post=794726"}],"curies":[{"name":"wp","href":"https:\/\/api.w.org\/{rel}","templated":true}]}}