{"id":794722,"date":"2026-04-06T13:42:33","date_gmt":"2026-04-06T11:42:33","guid":{"rendered":"https:\/\/www.hashtag.al\/?p=794722"},"modified":"2026-04-06T13:42:33","modified_gmt":"2026-04-06T11:42:33","slug":"gjuha-shqipe-nuk-negociohet-studentet-shqiptare-ngrene-ne-kembe-tetoven-kerkojne-doreheqjen-e-ministrit-fillkov","status":"publish","type":"post","link":"https:\/\/www.hashtag.al\/index.php\/2026\/04\/06\/gjuha-shqipe-nuk-negociohet-studentet-shqiptare-ngrene-ne-kembe-tetoven-kerkojne-doreheqjen-e-ministrit-fillkov\/","title":{"rendered":"\u201cGjuha Shqipe nuk negociohet\u201d\/ Student\u00ebt shqiptar\u00eb ngren\u00eb n\u00eb k\u00ebmb\u00eb Tetov\u00ebn, k\u00ebrkojn\u00eb dor\u00ebheqjen e ministrit Fillkov","gt_translate_keys":[{"key":"rendered","format":"text"}]},"content":{"rendered":"<p data-start=\"58\" data-end=\"243\"><span style=\"color: #000000;\"><em><img loading=\"lazy\" decoding=\"async\" class=\"aligncenter size-full wp-image-794723\" src=\"https:\/\/www.hashtag.al\/wp-content\/uploads\/2026\/04\/studente-RMV-768x385-1.jpg\" alt=\"\" width=\"768\" height=\"385\" srcset=\"https:\/\/www.hashtag.al\/wp-content\/uploads\/2026\/04\/studente-RMV-768x385-1.jpg 768w, https:\/\/www.hashtag.al\/wp-content\/uploads\/2026\/04\/studente-RMV-768x385-1-300x150.jpg 300w\" sizes=\"auto, (max-width: 768px) 100vw, 768px\" \/><\/em><\/span><\/p>\n<p data-start=\"58\" data-end=\"243\"><span style=\"color: #000000;\"><em>\u201cNe flasim shqip, nuk ka shtet pa rini\u201d<\/em> dhe <em>\u201c\u00cbndrra ime flet shqip\u201d<\/em> ishin disa nga thirrjet e student\u00ebve shqiptar\u00eb gjat\u00eb protest\u00ebs n\u00eb Maqedonin\u00eb e Veriut n\u00eb mbrojtje t\u00eb gjuh\u00ebs shqipe.<\/span><\/p>\n<p data-start=\"245\" data-end=\"399\"><span style=\"color: #000000;\">Student\u00ebt k\u00ebrkojn\u00eb q\u00eb provimi i Jurisprudenc\u00ebs t\u00eb zhvillohet n\u00eb gjuh\u00ebn shqipe, duke theksuar nevoj\u00ebn p\u00ebr barazi, si edhe dor\u00ebheqjen e ministrit Fillkov.<\/span><\/p>\n<p data-start=\"401\" data-end=\"653\" data-is-last-node=\"\" data-is-only-node=\"\"><span style=\"color: #000000;\">Protesta po t\u00ebrheq gjithnj\u00eb e m\u00eb shum\u00eb pjes\u00ebmarr\u00ebs, t\u00eb cil\u00ebt mbajn\u00eb pankarta dhe brohorasin p\u00ebr t\u00eb drejtat e tyre.<\/span><\/p>\n<p><span style=\"color: #000000;\">Mesazhet q\u00eb shihen n\u00eb shesh jan\u00eb t\u00eb qarta dhe t\u00eb drejtp\u00ebrdrejta, duke reflektuar pak\u00ebnaq\u00ebsin\u00eb dhe k\u00ebrkesat e student\u00ebve.<em> \u201cGjuha Shqipe nuk negociohet\u201d<\/em>, shprehen nd\u00ebr t\u00eb tjera student\u00ebt.<\/span><\/p>\n<p><span style=\"color: #000000;\">Nj\u00eb prej student\u00ebve, ka dh\u00ebn\u00eb nj\u00eb mesazh t\u00eb qart\u00eb duke k\u00ebrkuar q\u00eb t\u00eb respektohen t\u00eb drejtat e tyre. Gjithashtu nj\u00eb thirrje p\u00ebr reagim i \u00ebsht\u00eb b\u00ebr\u00eb, Ministrit t\u00eb Drejt\u00ebsis\u00eb, por edhe t\u00eb Kryeministrit t\u00eb vendit<img loading=\"lazy\" decoding=\"async\" src=\"https:\/\/ads.balkanweb.com\/www\/delivery\/lg.php?bannerid=0&amp;campaignid=0&amp;zoneid=426&amp;loc=https%3A%2F%2Fwww.balkanweb.com%2Fne-dime-edhe-te-rebelohemi-studentet-shqiptare-ne-proteste-ministri-i-drejtesise-dhe-kryeministri-te-mos-injorojne-kerkesat-tona-per-gjuhen-shqipe%2F&amp;referer=https%3A%2F%2Fwww.balkanweb.com%2F&amp;cb=97c2f83764\" alt=\"\" width=\"0\" height=\"0\" \/><\/span><\/p>\n<p><span style=\"color: #000000;\"><em>\u201cK\u00ebrkesa jon\u00eb \u00ebsht\u00eb e qart\u00eb, mund\u00ebsia q\u00eb provimi i Jurisprudenc\u00ebs t\u00eb jen\u00eb n\u00eb Gjuh\u00ebn Shqipe dhe kjo nuk \u00ebsht\u00eb k\u00ebrkes\u00eb emocionale, por parimore. N\u00eb nj\u00eb shtet multietnik si Maqedonia e Veriut, duhet respektuar diversiteti n\u00eb k\u00ebt\u00eb vend. <\/em><\/span><\/p>\n<p><span style=\"color: #000000;\"><em>Ndaj ky \u00ebsht\u00eb edhe nj\u00eb moment reflektimi dhe nj\u00eb mesazh i drejtp\u00ebrdrejt\u00eb p\u00ebr Ministrin e Drejt\u00ebsis\u00eb, Filkov. T\u00eb marr\u00eb seriozisht k\u00ebt\u00eb \u00e7\u00ebshtje dhe t\u00eb reflektoj\u00eb dhe jo t\u00eb injoroj\u00eb k\u00ebrkesat tona. <\/em><\/span><\/p>\n<p><span style=\"color: #000000;\"><em>Ne dim\u00eb edhe t\u00eb rebelohemi, po ashtu \u00ebsht\u00eb edhe nj\u00eb thirrje p\u00ebr kryeministrin Micokvski, q\u00eb t\u00eb mos e trajtoj\u00eb \u00e7\u00ebshtjen vet\u00ebm n\u00eb kuad\u00ebr t\u00eb deklaratave por t\u00eb angazhohet p\u00ebr zgjidhje reale. Nuk k\u00ebrkojm\u00eb asgj\u00eb m\u00eb shum\u00eb se t\u00eb drejt\u00ebn ton\u00eb, k\u00ebt\u00eb duhet ta kuptoj\u00eb \u00e7do politika shqiptar\u201d<\/em>, tha ai.<\/span><\/p>\n","protected":false,"gt_translate_keys":[{"key":"rendered","format":"html"}]},"excerpt":{"rendered":"<p>\u201cNe flasim shqip, nuk ka shtet pa rini\u201d dhe \u201c\u00cbndrra ime flet shqip\u201d ishin disa nga thirrjet e student\u00ebve shqiptar\u00eb gjat\u00eb protest\u00ebs n\u00eb Maqedonin\u00eb e Veriut n\u00eb mbrojtje t\u00eb gjuh\u00ebs shqipe. Student\u00ebt k\u00ebrkojn\u00eb q\u00eb provimi i Jurisprudenc\u00ebs t\u00eb zhvillohet n\u00eb gjuh\u00ebn shqipe, duke theksuar nevoj\u00ebn p\u00ebr barazi, si edhe dor\u00ebheqjen e ministrit Fillkov. Protesta po [&hellip;]<\/p>\n","protected":false,"gt_translate_keys":[{"key":"rendered","format":"html"}]},"author":49,"featured_media":794723,"comment_status":"closed","ping_status":"open","sticky":false,"template":"","format":"standard","meta":{"footnotes":""},"categories":[65],"tags":[],"class_list":["post-794722","post","type-post","status-publish","format-standard","has-post-thumbnail","hentry","category-lajme"],"gt_translate_keys":[{"key":"link","format":"url"}],"_links":{"self":[{"href":"https:\/\/www.hashtag.al\/index.php\/wp-json\/wp\/v2\/posts\/794722","targetHints":{"allow":["GET"]}}],"collection":[{"href":"https:\/\/www.hashtag.al\/index.php\/wp-json\/wp\/v2\/posts"}],"about":[{"href":"https:\/\/www.hashtag.al\/index.php\/wp-json\/wp\/v2\/types\/post"}],"author":[{"embeddable":true,"href":"https:\/\/www.hashtag.al\/index.php\/wp-json\/wp\/v2\/users\/49"}],"replies":[{"embeddable":true,"href":"https:\/\/www.hashtag.al\/index.php\/wp-json\/wp\/v2\/comments?post=794722"}],"version-history":[{"count":99999,"href":"https:\/\/www.hashtag.al\/index.php\/wp-json\/wp\/v2\/posts\/794722\/revisions"}],"predecessor-version":[{"id":794725,"href":"https:\/\/www.hashtag.al\/index.php\/wp-json\/wp\/v2\/posts\/794722\/revisions\/794725"}],"wp:featuredmedia":[{"embeddable":true,"href":"https:\/\/www.hashtag.al\/index.php\/wp-json\/wp\/v2\/media\/794723"}],"wp:attachment":[{"href":"https:\/\/www.hashtag.al\/index.php\/wp-json\/wp\/v2\/media?parent=794722"}],"wp:term":[{"taxonomy":"category","embeddable":true,"href":"https:\/\/www.hashtag.al\/index.php\/wp-json\/wp\/v2\/categories?post=794722"},{"taxonomy":"post_tag","embeddable":true,"href":"https:\/\/www.hashtag.al\/index.php\/wp-json\/wp\/v2\/tags?post=794722"}],"curies":[{"name":"wp","href":"https:\/\/api.w.org\/{rel}","templated":true}]}}