{"id":794587,"date":"2026-04-05T14:01:41","date_gmt":"2026-04-05T12:01:41","guid":{"rendered":"https:\/\/www.hashtag.al\/?p=794587"},"modified":"2026-04-05T14:01:41","modified_gmt":"2026-04-05T12:01:41","slug":"eksploziv-prane-tubacionit-te-gazit-reagon-vucic-njoftova-orbanin","status":"publish","type":"post","link":"https:\/\/www.hashtag.al\/index.php\/2026\/04\/05\/eksploziv-prane-tubacionit-te-gazit-reagon-vucic-njoftova-orbanin\/","title":{"rendered":"Eksploziv pran\u00eb tubacionit t\u00eb gazit, reagon Vu\u00e7i\u00e7: Njoftova Orbanin","gt_translate_keys":[{"key":"rendered","format":"text"}]},"content":{"rendered":"<p data-start=\"75\" data-end=\"346\"><span style=\"color: #000000;\"><a href=\"https:\/\/www.hashtag.al\/index.php\/2025\/07\/28\/sdo-i-veme-sanksione-rusise-per-ca-perfitime-afatshkurtra-me-be-ne-vucic\/vucic-81\/\" rel=\"attachment wp-att-753231\"><img loading=\"lazy\" decoding=\"async\" class=\"alignnone size-full wp-image-753231\" src=\"https:\/\/www.hashtag.al\/wp-content\/uploads\/2025\/07\/vucic.jpg\" alt=\"\" width=\"768\" height=\"432\" srcset=\"https:\/\/www.hashtag.al\/wp-content\/uploads\/2025\/07\/vucic.jpg 768w, https:\/\/www.hashtag.al\/wp-content\/uploads\/2025\/07\/vucic-300x169.jpg 300w\" sizes=\"auto, (max-width: 768px) 100vw, 768px\" \/><\/a><br \/>\nPresidenti i <span class=\"hover:entity-accent entity-underline inline cursor-pointer align-baseline\"><span class=\"whitespace-normal\">Serbis\u00eb<\/span><\/span>, <span class=\"hover:entity-accent entity-underline inline cursor-pointer align-baseline\"><span class=\"whitespace-normal\">Aleksandar Vu\u010di\u0107<\/span><\/span>, ka b\u00ebr\u00eb t\u00eb ditur se forcat e ushtris\u00eb dhe policis\u00eb kan\u00eb gjetur eksploziv pran\u00eb nj\u00eb tubacioni q\u00eb transporton gaz nga Rusia drejt Serbis\u00eb dhe <span class=\"hover:entity-accent entity-underline inline cursor-pointer align-baseline\"><span class=\"whitespace-normal\">Hungaria, p\u00ebrcjell <span style=\"color: #0000ff;\"><a style=\"color: #0000ff;\" href=\"https:\/\/www.euronews.com\/my-europe\/2026\/04\/05\/serbian-president-explosives-found-near-gas-pipeline-to-hungary\">Euronews<\/a><\/span>.<\/span><\/span><\/span><\/p>\n<p data-start=\"348\" data-end=\"529\"><span style=\"color: #000000;\">Sipas tij, \u201cdy pako t\u00eb m\u00ebdha eksplozivi me detonator\u00eb\u201d jan\u00eb zbuluar brenda \u00e7antave shpine n\u00eb zon\u00ebn e Kanjiz\u00ebs, n\u00eb veri t\u00eb vendit, vet\u00ebm disa qindra metra larg tubacionit t\u00eb gazit.<\/span><\/p>\n<p data-start=\"531\" data-end=\"681\"><span style=\"color: #000000;\">Tubacioni \u201cBalkan Stream\u201d, q\u00eb \u00ebsht\u00eb nj\u00eb zgjatim i <span class=\"hover:entity-accent entity-underline inline cursor-pointer align-baseline\"><span class=\"whitespace-normal\">TurkStream<\/span><\/span>, sh\u00ebrben p\u00ebr furnizimin me gaz rus t\u00eb Serbis\u00eb dhe Hungaris\u00eb.<\/span><\/p>\n<p data-start=\"683\" data-end=\"998\"><span style=\"color: #000000;\">Vu\u00e7i\u00e7 deklaroi se ka informuar menj\u00ebher\u00eb kryeministrin e Hungaris\u00eb, <span class=\"hover:entity-accent entity-underline inline cursor-pointer align-baseline\"><span class=\"whitespace-normal\">Viktor Orb\u00e1n<\/span><\/span>, mbi rezultatet paraprake t\u00eb hetimeve p\u00ebr k\u00ebt\u00eb k\u00ebrc\u00ebnim ndaj infrastruktur\u00ebs energjetike. Nga ana e tij, Orb\u00e1n konfirmoi komunikimin dhe njoftoi se ka thirrur nj\u00eb mbledhje urgjente t\u00eb k\u00ebshillit t\u00eb mbrojtjes.<\/span><\/p>\n<p data-start=\"1000\" data-end=\"1173\"><span style=\"color: #000000;\">Deri m\u00eb tani nuk ka detaje mbi autor\u00ebt apo motivet e vendosjes s\u00eb eksplozivit, nd\u00ebrsa Vu\u00e7i\u00e7 u shpreh se ekzistojn\u00eb disa gjurm\u00eb hetimore, por pa dh\u00ebn\u00eb m\u00eb shum\u00eb informacion.<\/span><\/p>\n<p data-start=\"1175\" data-end=\"1365\" data-is-last-node=\"\" data-is-only-node=\"\"><span style=\"color: #000000;\">Ngjarja vjen n\u00eb nj\u00eb moment t\u00eb ndjesh\u00ebm p\u00ebr sigurin\u00eb energjetike n\u00eb rajon, nd\u00ebrsa Serbia mbetet nj\u00eb nga vendet m\u00eb t\u00eb varura nga gazi rus, duke importuar rreth 6 milion\u00eb metra kub gaz n\u00eb dit\u00eb.<\/span><\/p>\n","protected":false,"gt_translate_keys":[{"key":"rendered","format":"html"}]},"excerpt":{"rendered":"<p>Presidenti i Serbis\u00eb, Aleksandar Vu\u010di\u0107, ka b\u00ebr\u00eb t\u00eb ditur se forcat e ushtris\u00eb dhe policis\u00eb kan\u00eb gjetur eksploziv pran\u00eb nj\u00eb tubacioni q\u00eb transporton gaz nga Rusia drejt Serbis\u00eb dhe Hungaria, p\u00ebrcjell Euronews. Sipas tij, \u201cdy pako t\u00eb m\u00ebdha eksplozivi me detonator\u00eb\u201d jan\u00eb zbuluar brenda \u00e7antave shpine n\u00eb zon\u00ebn e Kanjiz\u00ebs, n\u00eb veri t\u00eb vendit, vet\u00ebm [&hellip;]<\/p>\n","protected":false,"gt_translate_keys":[{"key":"rendered","format":"html"}]},"author":32,"featured_media":753231,"comment_status":"closed","ping_status":"open","sticky":false,"template":"","format":"standard","meta":{"footnotes":""},"categories":[149],"tags":[],"class_list":["post-794587","post","type-post","status-publish","format-standard","has-post-thumbnail","hentry","category-kosoverajon"],"gt_translate_keys":[{"key":"link","format":"url"}],"_links":{"self":[{"href":"https:\/\/www.hashtag.al\/index.php\/wp-json\/wp\/v2\/posts\/794587","targetHints":{"allow":["GET"]}}],"collection":[{"href":"https:\/\/www.hashtag.al\/index.php\/wp-json\/wp\/v2\/posts"}],"about":[{"href":"https:\/\/www.hashtag.al\/index.php\/wp-json\/wp\/v2\/types\/post"}],"author":[{"embeddable":true,"href":"https:\/\/www.hashtag.al\/index.php\/wp-json\/wp\/v2\/users\/32"}],"replies":[{"embeddable":true,"href":"https:\/\/www.hashtag.al\/index.php\/wp-json\/wp\/v2\/comments?post=794587"}],"version-history":[{"count":99999,"href":"https:\/\/www.hashtag.al\/index.php\/wp-json\/wp\/v2\/posts\/794587\/revisions"}],"predecessor-version":[{"id":794588,"href":"https:\/\/www.hashtag.al\/index.php\/wp-json\/wp\/v2\/posts\/794587\/revisions\/794588"}],"wp:featuredmedia":[{"embeddable":true,"href":"https:\/\/www.hashtag.al\/index.php\/wp-json\/wp\/v2\/media\/753231"}],"wp:attachment":[{"href":"https:\/\/www.hashtag.al\/index.php\/wp-json\/wp\/v2\/media?parent=794587"}],"wp:term":[{"taxonomy":"category","embeddable":true,"href":"https:\/\/www.hashtag.al\/index.php\/wp-json\/wp\/v2\/categories?post=794587"},{"taxonomy":"post_tag","embeddable":true,"href":"https:\/\/www.hashtag.al\/index.php\/wp-json\/wp\/v2\/tags?post=794587"}],"curies":[{"name":"wp","href":"https:\/\/api.w.org\/{rel}","templated":true}]}}