{"id":794581,"date":"2026-04-05T12:51:39","date_gmt":"2026-04-05T10:51:39","guid":{"rendered":"https:\/\/www.hashtag.al\/?p=794581"},"modified":"2026-04-05T12:51:39","modified_gmt":"2026-04-05T10:51:39","slug":"sali-berisha-uron-besimtaret-katolike-me-rastin-e-pashkes","status":"publish","type":"post","link":"https:\/\/www.hashtag.al\/index.php\/2026\/04\/05\/sali-berisha-uron-besimtaret-katolike-me-rastin-e-pashkes\/","title":{"rendered":"Sali Berisha uron besimtar\u00ebt katolik\u00eb me rastin e Pashk\u00ebs","gt_translate_keys":[{"key":"rendered","format":"text"}]},"content":{"rendered":"<p data-start=\"65\" data-end=\"193\"><span style=\"color: #000000;\"><a href=\"https:\/\/www.hashtag.al\/index.php\/2026\/02\/28\/berisha-revolta-tronditese-e-qytetareve-shqiptare-vuri-me-shpatulla-pas-muri-edi-ramen\/sali-berisha15\/\" rel=\"attachment wp-att-788599\"><img loading=\"lazy\" decoding=\"async\" class=\"alignnone size-full wp-image-788599\" src=\"https:\/\/www.hashtag.al\/wp-content\/uploads\/2026\/02\/sali-berisha15.jpeg\" alt=\"\" width=\"1280\" height=\"853\" srcset=\"https:\/\/www.hashtag.al\/wp-content\/uploads\/2026\/02\/sali-berisha15.jpeg 1280w, https:\/\/www.hashtag.al\/wp-content\/uploads\/2026\/02\/sali-berisha15-300x200.jpeg 300w, https:\/\/www.hashtag.al\/wp-content\/uploads\/2026\/02\/sali-berisha15-1024x682.jpeg 1024w, https:\/\/www.hashtag.al\/wp-content\/uploads\/2026\/02\/sali-berisha15-768x512.jpeg 768w\" sizes=\"auto, (max-width: 1280px) 100vw, 1280px\" \/><\/a><br \/>\nKryetari i Partis\u00eb Demokratike, Sali Berisha, ka p\u00ebrcjell\u00eb urimet e tij p\u00ebr besimtar\u00ebt katolik\u00eb me rastin e fest\u00ebs s\u00eb Pashk\u00ebs.<\/span><\/p>\n<p data-start=\"195\" data-end=\"357\"><span style=\"color: #000000;\">Pas vizit\u00ebs n\u00eb Katedralen e Sh\u00ebn Palit n\u00eb Tiran\u00eb, Berisha e cil\u00ebsoi dit\u00ebn e Ringjalljes s\u00eb Krishtit si m\u00eb t\u00eb r\u00ebnd\u00ebsishmen n\u00eb historin\u00eb e qytet\u00ebrimit per\u00ebndimor.<\/span><\/p>\n<p data-start=\"359\" data-end=\"701\"><span style=\"color: #000000;\">\u201cBesimtar\u00ebve katolik\u00eb shqiptar\u00eb dhe n\u00eb mbar\u00eb bot\u00ebn, ju uroj g\u00ebzuar ngjalljen e Krishtit. Dit\u00ebn m\u00eb t\u00eb r\u00ebnd\u00ebsishme n\u00eb historin\u00eb e qytet\u00ebrimit per\u00ebndimor. Ringjallja e Krishtit sh\u00ebnon momentin m\u00eb frym\u00ebzues p\u00ebr mbar\u00eb njer\u00ebzimin, pasi parimet e tij u shnd\u00ebrruan n\u00eb parime morale t\u00eb qytet\u00ebruar t\u00eb njeriut dhe qytet\u00ebrimit per\u00ebndimor,\u201d tha Berisha.<\/span><\/p>\n<p data-start=\"703\" data-end=\"860\" data-is-last-node=\"\" data-is-only-node=\"\"><span style=\"color: #000000;\">Ai shtoi gjithashtu: \u201cLe t\u00eb urojm\u00eb q\u00eb Pashk\u00ebn tjet\u00ebr ta kremtojm\u00eb m\u00eb mir\u00eb dhe pa k\u00ebt\u00eb t\u00eb keqe t\u00eb madhe q\u00eb i ka r\u00ebn\u00eb hise Shqip\u00ebris\u00eb k\u00ebto vite. Faleminderit!\u201d<\/span><\/p>\n","protected":false,"gt_translate_keys":[{"key":"rendered","format":"html"}]},"excerpt":{"rendered":"<p>Kryetari i Partis\u00eb Demokratike, Sali Berisha, ka p\u00ebrcjell\u00eb urimet e tij p\u00ebr besimtar\u00ebt katolik\u00eb me rastin e fest\u00ebs s\u00eb Pashk\u00ebs. Pas vizit\u00ebs n\u00eb Katedralen e Sh\u00ebn Palit n\u00eb Tiran\u00eb, Berisha e cil\u00ebsoi dit\u00ebn e Ringjalljes s\u00eb Krishtit si m\u00eb t\u00eb r\u00ebnd\u00ebsishmen n\u00eb historin\u00eb e qytet\u00ebrimit per\u00ebndimor. \u201cBesimtar\u00ebve katolik\u00eb shqiptar\u00eb dhe n\u00eb mbar\u00eb bot\u00ebn, ju uroj [&hellip;]<\/p>\n","protected":false,"gt_translate_keys":[{"key":"rendered","format":"html"}]},"author":32,"featured_media":788599,"comment_status":"closed","ping_status":"open","sticky":false,"template":"","format":"standard","meta":{"footnotes":""},"categories":[65],"tags":[],"class_list":["post-794581","post","type-post","status-publish","format-standard","has-post-thumbnail","hentry","category-lajme"],"gt_translate_keys":[{"key":"link","format":"url"}],"_links":{"self":[{"href":"https:\/\/www.hashtag.al\/index.php\/wp-json\/wp\/v2\/posts\/794581","targetHints":{"allow":["GET"]}}],"collection":[{"href":"https:\/\/www.hashtag.al\/index.php\/wp-json\/wp\/v2\/posts"}],"about":[{"href":"https:\/\/www.hashtag.al\/index.php\/wp-json\/wp\/v2\/types\/post"}],"author":[{"embeddable":true,"href":"https:\/\/www.hashtag.al\/index.php\/wp-json\/wp\/v2\/users\/32"}],"replies":[{"embeddable":true,"href":"https:\/\/www.hashtag.al\/index.php\/wp-json\/wp\/v2\/comments?post=794581"}],"version-history":[{"count":99999,"href":"https:\/\/www.hashtag.al\/index.php\/wp-json\/wp\/v2\/posts\/794581\/revisions"}],"predecessor-version":[{"id":794582,"href":"https:\/\/www.hashtag.al\/index.php\/wp-json\/wp\/v2\/posts\/794581\/revisions\/794582"}],"wp:featuredmedia":[{"embeddable":true,"href":"https:\/\/www.hashtag.al\/index.php\/wp-json\/wp\/v2\/media\/788599"}],"wp:attachment":[{"href":"https:\/\/www.hashtag.al\/index.php\/wp-json\/wp\/v2\/media?parent=794581"}],"wp:term":[{"taxonomy":"category","embeddable":true,"href":"https:\/\/www.hashtag.al\/index.php\/wp-json\/wp\/v2\/categories?post=794581"},{"taxonomy":"post_tag","embeddable":true,"href":"https:\/\/www.hashtag.al\/index.php\/wp-json\/wp\/v2\/tags?post=794581"}],"curies":[{"name":"wp","href":"https:\/\/api.w.org\/{rel}","templated":true}]}}