{"id":794576,"date":"2026-04-05T12:25:55","date_gmt":"2026-04-05T10:25:55","guid":{"rendered":"https:\/\/www.hashtag.al\/?p=794576"},"modified":"2026-04-05T12:26:00","modified_gmt":"2026-04-05T10:26:00","slug":"arrestohet-nje-26-vjecar-per-vjedhje-ne-laprake-dyshohet-se-ka-kryer-edhe-te-tjera-me-pare","status":"publish","type":"post","link":"https:\/\/www.hashtag.al\/index.php\/2026\/04\/05\/arrestohet-nje-26-vjecar-per-vjedhje-ne-laprake-dyshohet-se-ka-kryer-edhe-te-tjera-me-pare\/","title":{"rendered":"Arrestohet nj\u00eb 26-vje\u00e7ar p\u00ebr vjedhje n\u00eb Laprak\u00eb, dyshohet se ka kryer edhe t\u00eb tjera m\u00eb par\u00eb","gt_translate_keys":[{"key":"rendered","format":"text"}]},"content":{"rendered":"<p data-start=\"64\" data-end=\"199\"><span style=\"color: #000000;\"><a href=\"https:\/\/www.hashtag.al\/index.php\/2026\/04\/05\/arrestohet-nje-26-vjecar-per-vjedhje-ne-laprake-dyshohet-se-ka-kryer-edhe-te-tjera-me-pare\/img_8781\/\" rel=\"attachment wp-att-794577\"><img loading=\"lazy\" decoding=\"async\" class=\"alignnone size-full wp-image-794577\" src=\"https:\/\/www.hashtag.al\/wp-content\/uploads\/2026\/04\/IMG_8781.jpeg\" alt=\"\" width=\"1017\" height=\"610\" srcset=\"https:\/\/www.hashtag.al\/wp-content\/uploads\/2026\/04\/IMG_8781.jpeg 1017w, https:\/\/www.hashtag.al\/wp-content\/uploads\/2026\/04\/IMG_8781-300x180.jpeg 300w, https:\/\/www.hashtag.al\/wp-content\/uploads\/2026\/04\/IMG_8781-768x461.jpeg 768w\" sizes=\"auto, (max-width: 1017px) 100vw, 1017px\" \/><\/a><br \/>\nNj\u00eb shtetas 26-vje\u00e7ar \u00ebsht\u00eb v\u00ebn\u00eb n\u00eb pranga nga policia e Tiran\u00ebs, pasi u kap n\u00eb flagranc\u00eb duke kryer nj\u00eb vjedhje n\u00eb zon\u00ebn e Laprak\u00ebs.<\/span><\/p>\n<p data-start=\"201\" data-end=\"377\"><span style=\"color: #000000;\">Sipas njoftimit t\u00eb policis\u00eb, i riu dyshohet gjithashtu p\u00ebr kat\u00ebr vjedhje t\u00eb tjera n\u00eb subjekte t\u00eb ndryshme dhe rezulton me precedent t\u00eb theksuar kriminal n\u00eb fush\u00ebn e vjedhjes.<\/span><\/p>\n<p data-start=\"379\" data-end=\"551\"><span style=\"color: #000000;\">Sh\u00ebrbimet e Komisariatit t\u00eb Policis\u00eb Nr. 3, n\u00eb bashk\u00ebpunim me Komisariatin Nr. 2, kap\u00ebn shtetasin A. B., 26 vje\u00e7, duke vjedhur nj\u00eb bi\u00e7iklet\u00eb n\u00eb rrug\u00ebn \u201cBuna\u201d, n\u00eb Laprak\u00eb.<\/span><\/p>\n<p data-start=\"553\" data-end=\"753\" data-is-last-node=\"\" data-is-only-node=\"\"><span style=\"color: #000000;\">Materialet procedurale jan\u00eb referuar Prokuroris\u00eb p\u00ebr veprime t\u00eb m\u00ebtejshme, nd\u00ebrsa operacioni \u00ebsht\u00eb rezultat i pun\u00ebs s\u00eb p\u00ebrbashk\u00ebt p\u00ebr goditjen e paligjshm\u00ebris\u00eb n\u00eb fush\u00ebn e pron\u00ebs dhe siguris\u00eb publike.<\/span><\/p>\n","protected":false,"gt_translate_keys":[{"key":"rendered","format":"html"}]},"excerpt":{"rendered":"<p>Nj\u00eb shtetas 26-vje\u00e7ar \u00ebsht\u00eb v\u00ebn\u00eb n\u00eb pranga nga policia e Tiran\u00ebs, pasi u kap n\u00eb flagranc\u00eb duke kryer nj\u00eb vjedhje n\u00eb zon\u00ebn e Laprak\u00ebs. Sipas njoftimit t\u00eb policis\u00eb, i riu dyshohet gjithashtu p\u00ebr kat\u00ebr vjedhje t\u00eb tjera n\u00eb subjekte t\u00eb ndryshme dhe rezulton me precedent t\u00eb theksuar kriminal n\u00eb fush\u00ebn e vjedhjes. Sh\u00ebrbimet e Komisariatit [&hellip;]<\/p>\n","protected":false,"gt_translate_keys":[{"key":"rendered","format":"html"}]},"author":32,"featured_media":794577,"comment_status":"closed","ping_status":"open","sticky":false,"template":"","format":"standard","meta":{"footnotes":""},"categories":[65,1],"tags":[],"class_list":["post-794576","post","type-post","status-publish","format-standard","has-post-thumbnail","hentry","category-lajme","category-uncategorized"],"gt_translate_keys":[{"key":"link","format":"url"}],"_links":{"self":[{"href":"https:\/\/www.hashtag.al\/index.php\/wp-json\/wp\/v2\/posts\/794576","targetHints":{"allow":["GET"]}}],"collection":[{"href":"https:\/\/www.hashtag.al\/index.php\/wp-json\/wp\/v2\/posts"}],"about":[{"href":"https:\/\/www.hashtag.al\/index.php\/wp-json\/wp\/v2\/types\/post"}],"author":[{"embeddable":true,"href":"https:\/\/www.hashtag.al\/index.php\/wp-json\/wp\/v2\/users\/32"}],"replies":[{"embeddable":true,"href":"https:\/\/www.hashtag.al\/index.php\/wp-json\/wp\/v2\/comments?post=794576"}],"version-history":[{"count":99999,"href":"https:\/\/www.hashtag.al\/index.php\/wp-json\/wp\/v2\/posts\/794576\/revisions"}],"predecessor-version":[{"id":794579,"href":"https:\/\/www.hashtag.al\/index.php\/wp-json\/wp\/v2\/posts\/794576\/revisions\/794579"}],"wp:featuredmedia":[{"embeddable":true,"href":"https:\/\/www.hashtag.al\/index.php\/wp-json\/wp\/v2\/media\/794577"}],"wp:attachment":[{"href":"https:\/\/www.hashtag.al\/index.php\/wp-json\/wp\/v2\/media?parent=794576"}],"wp:term":[{"taxonomy":"category","embeddable":true,"href":"https:\/\/www.hashtag.al\/index.php\/wp-json\/wp\/v2\/categories?post=794576"},{"taxonomy":"post_tag","embeddable":true,"href":"https:\/\/www.hashtag.al\/index.php\/wp-json\/wp\/v2\/tags?post=794576"}],"curies":[{"name":"wp","href":"https:\/\/api.w.org\/{rel}","templated":true}]}}