{"id":794561,"date":"2026-04-05T10:28:50","date_gmt":"2026-04-05T08:28:50","guid":{"rendered":"https:\/\/www.hashtag.al\/?p=794561"},"modified":"2026-04-05T10:28:50","modified_gmt":"2026-04-05T08:28:50","slug":"ambasada-e-shba-se-uron-besimtaret-katolike-shqiptare-per-pashket","status":"publish","type":"post","link":"https:\/\/www.hashtag.al\/index.php\/2026\/04\/05\/ambasada-e-shba-se-uron-besimtaret-katolike-shqiptare-per-pashket\/","title":{"rendered":"Ambasada e SHBA-s\u00eb uron besimtar\u00ebt katolik\u00eb shqiptar\u00eb p\u00ebr Pashk\u00ebt","gt_translate_keys":[{"key":"rendered","format":"text"}]},"content":{"rendered":"<p data-start=\"63\" data-end=\"246\"><span style=\"color: #000000;\"><span class=\"hover:entity-accent entity-underline inline cursor-pointer align-baseline\"><span class=\"whitespace-normal\"><a href=\"https:\/\/www.hashtag.al\/index.php\/2025\/06\/23\/mund-te-kete-protesta-kunder-interesave-te-shba-se-per-shkak-te-luftes-izrael-iran-ambasada-amerikane-ben-njoftimin\/ambasadaamerikane\/\" rel=\"attachment wp-att-748128\"><img loading=\"lazy\" decoding=\"async\" class=\"alignnone size-full wp-image-748128\" src=\"https:\/\/www.hashtag.al\/wp-content\/uploads\/2025\/06\/ambasadaamerikane.jpg\" alt=\"\" width=\"1920\" height=\"1080\" srcset=\"https:\/\/www.hashtag.al\/wp-content\/uploads\/2025\/06\/ambasadaamerikane.jpg 1920w, https:\/\/www.hashtag.al\/wp-content\/uploads\/2025\/06\/ambasadaamerikane-300x169.jpg 300w, https:\/\/www.hashtag.al\/wp-content\/uploads\/2025\/06\/ambasadaamerikane-1024x576.jpg 1024w, https:\/\/www.hashtag.al\/wp-content\/uploads\/2025\/06\/ambasadaamerikane-768x432.jpg 768w, https:\/\/www.hashtag.al\/wp-content\/uploads\/2025\/06\/ambasadaamerikane-1536x864.jpg 1536w\" sizes=\"auto, (max-width: 1920px) 100vw, 1920px\" \/><\/a><br \/>\nAmbasada e SHBA-s\u00eb n\u00eb Tiran\u00eb<\/span><\/span> ka p\u00ebrcjell\u00eb nj\u00eb mesazh urimi p\u00ebr besimtar\u00ebt katolik\u00eb me rastin e <span class=\"hover:entity-accent entity-underline inline cursor-pointer align-baseline\"><span class=\"whitespace-normal\">Pashk\u00ebve<\/span><\/span>, p\u00ebrmes nj\u00eb postimi n\u00eb rrjetet sociale.<\/span><\/p>\n<p data-start=\"248\" data-end=\"370\"><span style=\"color: #000000;\">N\u00eb mesazhin e saj, ambasada thekson vlerat q\u00eb p\u00ebrcjell kjo fest\u00eb e r\u00ebnd\u00ebsishme, duke uruar t\u00eb gjith\u00eb ata q\u00eb e kremtojn\u00eb.<\/span><\/p>\n<p data-start=\"372\" data-end=\"585\"><span style=\"color: #000000;\">\u201cJu urojm\u00eb Pashk\u00eb t\u00eb g\u00ebzuara t\u00eb gjith\u00eb atyre q\u00eb festojn\u00eb. Ne i vler\u00ebsojm\u00eb m\u00ebnyrat e shumta se si komunitetet e kremtojn\u00eb k\u00ebt\u00eb fest\u00eb dhe festojn\u00eb frym\u00ebn e shpres\u00ebs, lidhjes dhe rip\u00ebrt\u00ebritjes,\u201d shkruhet n\u00eb mesazh.<\/span><\/p>\n<p data-start=\"587\" data-end=\"794\"><span style=\"color: #000000;\">Besimtar\u00ebt katolik\u00eb n\u00eb Shqip\u00ebri dhe n\u00eb mbar\u00eb bot\u00ebn kremtojn\u00eb sot Pashk\u00ebn, fest\u00ebn m\u00eb t\u00eb r\u00ebnd\u00ebsishme n\u00eb kalendarin e krishter\u00eb, e cila simbolizon ringjalljen e Jezu Krishtit dhe triumfin e jet\u00ebs mbi vdekjen.<\/span><\/p>\n<p data-start=\"796\" data-end=\"950\" data-is-last-node=\"\" data-is-only-node=\"\"><span style=\"color: #000000;\">Kjo fest\u00eb p\u00ebrkujton ngjarjen e ringjalljes s\u00eb Krishtit, tri dit\u00eb pas kryq\u00ebzimit, duke p\u00ebrcjell\u00eb nj\u00eb mesazh shprese, besimi dhe rip\u00ebrt\u00ebritjeje shpirt\u00ebrore.<\/span><\/p>\n","protected":false,"gt_translate_keys":[{"key":"rendered","format":"html"}]},"excerpt":{"rendered":"<p>Ambasada e SHBA-s\u00eb n\u00eb Tiran\u00eb ka p\u00ebrcjell\u00eb nj\u00eb mesazh urimi p\u00ebr besimtar\u00ebt katolik\u00eb me rastin e Pashk\u00ebve, p\u00ebrmes nj\u00eb postimi n\u00eb rrjetet sociale. N\u00eb mesazhin e saj, ambasada thekson vlerat q\u00eb p\u00ebrcjell kjo fest\u00eb e r\u00ebnd\u00ebsishme, duke uruar t\u00eb gjith\u00eb ata q\u00eb e kremtojn\u00eb. \u201cJu urojm\u00eb Pashk\u00eb t\u00eb g\u00ebzuara t\u00eb gjith\u00eb atyre q\u00eb festojn\u00eb. Ne [&hellip;]<\/p>\n","protected":false,"gt_translate_keys":[{"key":"rendered","format":"html"}]},"author":32,"featured_media":748128,"comment_status":"closed","ping_status":"open","sticky":false,"template":"","format":"standard","meta":{"footnotes":""},"categories":[65],"tags":[],"class_list":["post-794561","post","type-post","status-publish","format-standard","has-post-thumbnail","hentry","category-lajme"],"gt_translate_keys":[{"key":"link","format":"url"}],"_links":{"self":[{"href":"https:\/\/www.hashtag.al\/index.php\/wp-json\/wp\/v2\/posts\/794561","targetHints":{"allow":["GET"]}}],"collection":[{"href":"https:\/\/www.hashtag.al\/index.php\/wp-json\/wp\/v2\/posts"}],"about":[{"href":"https:\/\/www.hashtag.al\/index.php\/wp-json\/wp\/v2\/types\/post"}],"author":[{"embeddable":true,"href":"https:\/\/www.hashtag.al\/index.php\/wp-json\/wp\/v2\/users\/32"}],"replies":[{"embeddable":true,"href":"https:\/\/www.hashtag.al\/index.php\/wp-json\/wp\/v2\/comments?post=794561"}],"version-history":[{"count":99999,"href":"https:\/\/www.hashtag.al\/index.php\/wp-json\/wp\/v2\/posts\/794561\/revisions"}],"predecessor-version":[{"id":794562,"href":"https:\/\/www.hashtag.al\/index.php\/wp-json\/wp\/v2\/posts\/794561\/revisions\/794562"}],"wp:featuredmedia":[{"embeddable":true,"href":"https:\/\/www.hashtag.al\/index.php\/wp-json\/wp\/v2\/media\/748128"}],"wp:attachment":[{"href":"https:\/\/www.hashtag.al\/index.php\/wp-json\/wp\/v2\/media?parent=794561"}],"wp:term":[{"taxonomy":"category","embeddable":true,"href":"https:\/\/www.hashtag.al\/index.php\/wp-json\/wp\/v2\/categories?post=794561"},{"taxonomy":"post_tag","embeddable":true,"href":"https:\/\/www.hashtag.al\/index.php\/wp-json\/wp\/v2\/tags?post=794561"}],"curies":[{"name":"wp","href":"https:\/\/api.w.org\/{rel}","templated":true}]}}