{"id":794559,"date":"2026-04-05T10:08:25","date_gmt":"2026-04-05T08:08:25","guid":{"rendered":"https:\/\/www.hashtag.al\/?p=794559"},"modified":"2026-04-05T10:08:25","modified_gmt":"2026-04-05T08:08:25","slug":"arrestohet-ne-spanje-40-vjecari-shqiptar-i-denuar-per-trafik-droge","status":"publish","type":"post","link":"https:\/\/www.hashtag.al\/index.php\/2026\/04\/05\/arrestohet-ne-spanje-40-vjecari-shqiptar-i-denuar-per-trafik-droge\/","title":{"rendered":"Arrestohet n\u00eb Spanj\u00eb 40-vje\u00e7ari shqiptar, i d\u00ebnuar p\u00ebr trafik droge","gt_translate_keys":[{"key":"rendered","format":"text"}]},"content":{"rendered":"<p data-start=\"68\" data-end=\"243\"><span style=\"color: #000000;\"><a href=\"https:\/\/www.hashtag.al\/index.php\/2023\/01\/19\/arrestohen-dy-shtetas-shqiptare-ne-spanje-ne-tentative-per-te-vrare-rivalet\/policia-spanjolle-2\/\" rel=\"attachment wp-att-574201\"><img loading=\"lazy\" decoding=\"async\" class=\"alignnone size-full wp-image-574201\" src=\"https:\/\/www.hashtag.al\/wp-content\/uploads\/2023\/01\/policia-spanjolle.png\" alt=\"\" width=\"692\" height=\"412\" srcset=\"https:\/\/www.hashtag.al\/wp-content\/uploads\/2023\/01\/policia-spanjolle.png 692w, https:\/\/www.hashtag.al\/wp-content\/uploads\/2023\/01\/policia-spanjolle-300x179.png 300w\" sizes=\"auto, (max-width: 692px) 100vw, 692px\" \/><\/a><br \/>\nPolicia e Shtetit ka njoftuar se, n\u00eb kuad\u00ebr t\u00eb bashk\u00ebpunimit nd\u00ebrkomb\u00ebtar, \u00ebsht\u00eb b\u00ebr\u00eb i mundur lokalizimi dhe arrestimi i shtetasit Adrian Ogi\u00e7i, 40 vje\u00e7, banues n\u00eb Sarand\u00eb.<\/span><\/p>\n<p data-start=\"245\" data-end=\"381\"><span style=\"color: #000000;\">Arrestimi \u00ebsht\u00eb realizuar n\u00eb <span class=\"hover:entity-accent entity-underline inline cursor-pointer align-baseline\"><span class=\"whitespace-normal\">Spanja<\/span><\/span>, n\u00eb bashk\u00ebpunim me autoritetet vendase dhe partner\u00ebt nd\u00ebrkomb\u00ebtar\u00eb.<\/span><\/p>\n<p data-start=\"383\" data-end=\"524\"><span style=\"color: #000000;\">Ogi\u00e7i \u00ebsht\u00eb i d\u00ebnuar me 20 vite burg p\u00ebr veprat penale \u201cRr\u00ebmbimi i personit\u201d dhe \u201cTrafikimi i l\u00ebnd\u00ebve narkotike\u201d, t\u00eb kryera n\u00eb bashk\u00ebpunim.<\/span><\/p>\n<p data-start=\"526\" data-end=\"767\" data-is-last-node=\"\" data-is-only-node=\"\"><span style=\"color: #000000;\">Sipas policis\u00eb, operacioni u b\u00eb i mundur fal\u00eb shk\u00ebmbimit t\u00eb informacionit dhe koordinimit t\u00eb ngusht\u00eb mes institucioneve ligjzbatuese, duke garantuar v\u00ebnien para drejt\u00ebsis\u00eb t\u00eb t\u00eb d\u00ebnuarit dhe procedurat p\u00ebr ekstradimin e tij drejt Shqip\u00ebris\u00eb.<\/span><\/p>\n","protected":false,"gt_translate_keys":[{"key":"rendered","format":"html"}]},"excerpt":{"rendered":"<p>Policia e Shtetit ka njoftuar se, n\u00eb kuad\u00ebr t\u00eb bashk\u00ebpunimit nd\u00ebrkomb\u00ebtar, \u00ebsht\u00eb b\u00ebr\u00eb i mundur lokalizimi dhe arrestimi i shtetasit Adrian Ogi\u00e7i, 40 vje\u00e7, banues n\u00eb Sarand\u00eb. Arrestimi \u00ebsht\u00eb realizuar n\u00eb Spanja, n\u00eb bashk\u00ebpunim me autoritetet vendase dhe partner\u00ebt nd\u00ebrkomb\u00ebtar\u00eb. Ogi\u00e7i \u00ebsht\u00eb i d\u00ebnuar me 20 vite burg p\u00ebr veprat penale \u201cRr\u00ebmbimi i personit\u201d dhe [&hellip;]<\/p>\n","protected":false,"gt_translate_keys":[{"key":"rendered","format":"html"}]},"author":32,"featured_media":574201,"comment_status":"closed","ping_status":"open","sticky":false,"template":"","format":"standard","meta":{"footnotes":""},"categories":[65],"tags":[],"class_list":["post-794559","post","type-post","status-publish","format-standard","has-post-thumbnail","hentry","category-lajme"],"gt_translate_keys":[{"key":"link","format":"url"}],"_links":{"self":[{"href":"https:\/\/www.hashtag.al\/index.php\/wp-json\/wp\/v2\/posts\/794559","targetHints":{"allow":["GET"]}}],"collection":[{"href":"https:\/\/www.hashtag.al\/index.php\/wp-json\/wp\/v2\/posts"}],"about":[{"href":"https:\/\/www.hashtag.al\/index.php\/wp-json\/wp\/v2\/types\/post"}],"author":[{"embeddable":true,"href":"https:\/\/www.hashtag.al\/index.php\/wp-json\/wp\/v2\/users\/32"}],"replies":[{"embeddable":true,"href":"https:\/\/www.hashtag.al\/index.php\/wp-json\/wp\/v2\/comments?post=794559"}],"version-history":[{"count":99999,"href":"https:\/\/www.hashtag.al\/index.php\/wp-json\/wp\/v2\/posts\/794559\/revisions"}],"predecessor-version":[{"id":794560,"href":"https:\/\/www.hashtag.al\/index.php\/wp-json\/wp\/v2\/posts\/794559\/revisions\/794560"}],"wp:featuredmedia":[{"embeddable":true,"href":"https:\/\/www.hashtag.al\/index.php\/wp-json\/wp\/v2\/media\/574201"}],"wp:attachment":[{"href":"https:\/\/www.hashtag.al\/index.php\/wp-json\/wp\/v2\/media?parent=794559"}],"wp:term":[{"taxonomy":"category","embeddable":true,"href":"https:\/\/www.hashtag.al\/index.php\/wp-json\/wp\/v2\/categories?post=794559"},{"taxonomy":"post_tag","embeddable":true,"href":"https:\/\/www.hashtag.al\/index.php\/wp-json\/wp\/v2\/tags?post=794559"}],"curies":[{"name":"wp","href":"https:\/\/api.w.org\/{rel}","templated":true}]}}