{"id":794557,"date":"2026-04-05T09:47:21","date_gmt":"2026-04-05T07:47:21","guid":{"rendered":"https:\/\/www.hashtag.al\/?p=794557"},"modified":"2026-04-05T09:47:21","modified_gmt":"2026-04-05T07:47:21","slug":"rama-deklaratat-per-bllokimin-e-negociatave-me-be-jane-genjeshter","status":"publish","type":"post","link":"https:\/\/www.hashtag.al\/index.php\/2026\/04\/05\/rama-deklaratat-per-bllokimin-e-negociatave-me-be-jane-genjeshter\/","title":{"rendered":"Rama: Deklaratat p\u00ebr bllokimin e negociatave me BE jan\u00eb g\u00ebnjesht\u00ebr","gt_translate_keys":[{"key":"rendered","format":"text"}]},"content":{"rendered":"<p data-start=\"74\" data-end=\"286\"><span style=\"color: #000000;\"><a href=\"https:\/\/www.hashtag.al\/index.php\/2026\/02\/22\/rama-kerkesa-e-prokuroreve-per-ish-kreret-e-uck-bombe-mbi-kosoven\/rama-pe-768x391\/\" rel=\"attachment wp-att-787603\"><img loading=\"lazy\" decoding=\"async\" class=\"alignnone size-full wp-image-787603\" src=\"https:\/\/www.hashtag.al\/wp-content\/uploads\/2026\/02\/rama-PE-768x391-1.jpg\" alt=\"\" width=\"768\" height=\"391\" srcset=\"https:\/\/www.hashtag.al\/wp-content\/uploads\/2026\/02\/rama-PE-768x391-1.jpg 768w, https:\/\/www.hashtag.al\/wp-content\/uploads\/2026\/02\/rama-PE-768x391-1-300x153.jpg 300w, https:\/\/www.hashtag.al\/wp-content\/uploads\/2026\/02\/rama-PE-768x391-1-568x290.jpg 568w\" sizes=\"auto, (max-width: 768px) 100vw, 768px\" \/><\/a><br \/>\nKryeministri <span class=\"hover:entity-accent entity-underline inline cursor-pointer align-baseline\"><span class=\"whitespace-normal\">Edi Rama<\/span><\/span> ka vijuar me episodin e radh\u00ebs t\u00eb podcastit \u201cFlasim\u201d, ku ka reaguar ndaj deklaratave t\u00eb opozit\u00ebs p\u00ebr procesin e integrimit t\u00eb Shqip\u00ebris\u00eb n\u00eb Bashkimin Europian.<\/span><\/p>\n<p data-start=\"288\" data-end=\"426\"><span style=\"color: #000000;\">Rama i cil\u00ebsoi si t\u00eb pav\u00ebrteta pretendimet se negociatat me BE jan\u00eb bllokuar, duke theksuar se procesi i integrimit po vijon normalisht.<\/span><\/p>\n<p data-start=\"428\" data-end=\"934\"><span style=\"color: #000000;\">\u201c\u00cbsht\u00eb b\u00ebr\u00eb e v\u00ebshtir\u00eb t\u00eb marr\u00ebsh informacion t\u00eb drejt\u00eb p\u00ebr drejt\u00eb, aq m\u00eb tep\u00ebr kur ka nga ata q\u00eb b\u00ebjn\u00eb \u00e7mos q\u00eb pun\u00ebt e Shqip\u00ebris\u00eb t\u00eb mbulohen me ziftin dhe balt\u00ebn e d\u00ebshp\u00ebrimit dhe mllefit t\u00eb tyre. Shqip\u00ebria ka probleme dhe kemi pun\u00eb p\u00ebr t\u00eb b\u00ebr\u00eb, jo \u00e7do pun\u00eb e kemi b\u00ebr\u00eb si dhe sa duhet, por Shqip\u00ebria punon dhe puna e saj n\u00eb t\u00ebr\u00ebsi \u00ebsht\u00eb n\u00eb vij\u00eb. Si\u00e7 \u00ebsht\u00eb n\u00eb vij\u00eb procesi m\u00eb i r\u00ebnd\u00ebsish\u00ebm historik i integrimit n\u00eb BE. Deklaratat p\u00ebr bllokimin e negociatave jan\u00eb nj\u00eb g\u00ebnjesht\u00ebr e madhe,\u201d u shpreh Rama.<\/span><\/p>\n<p data-start=\"936\" data-end=\"1082\" data-is-last-node=\"\" data-is-only-node=\"\"><span style=\"color: #000000;\">Ai shtoi se, sipas tij, pakica n\u00eb Kuvend po p\u00ebrpiqet t\u00eb n\u00ebnvler\u00ebsoj\u00eb arritjet e qeveris\u00eb dhe progresin e b\u00ebr\u00eb n\u00eb rrug\u00ebn drejt integrimit europian.<\/span><\/p>\n","protected":false,"gt_translate_keys":[{"key":"rendered","format":"html"}]},"excerpt":{"rendered":"<p>Kryeministri Edi Rama ka vijuar me episodin e radh\u00ebs t\u00eb podcastit \u201cFlasim\u201d, ku ka reaguar ndaj deklaratave t\u00eb opozit\u00ebs p\u00ebr procesin e integrimit t\u00eb Shqip\u00ebris\u00eb n\u00eb Bashkimin Europian. Rama i cil\u00ebsoi si t\u00eb pav\u00ebrteta pretendimet se negociatat me BE jan\u00eb bllokuar, duke theksuar se procesi i integrimit po vijon normalisht. \u201c\u00cbsht\u00eb b\u00ebr\u00eb e v\u00ebshtir\u00eb t\u00eb [&hellip;]<\/p>\n","protected":false,"gt_translate_keys":[{"key":"rendered","format":"html"}]},"author":32,"featured_media":787603,"comment_status":"closed","ping_status":"open","sticky":false,"template":"","format":"standard","meta":{"footnotes":""},"categories":[65],"tags":[],"class_list":["post-794557","post","type-post","status-publish","format-standard","has-post-thumbnail","hentry","category-lajme"],"gt_translate_keys":[{"key":"link","format":"url"}],"_links":{"self":[{"href":"https:\/\/www.hashtag.al\/index.php\/wp-json\/wp\/v2\/posts\/794557","targetHints":{"allow":["GET"]}}],"collection":[{"href":"https:\/\/www.hashtag.al\/index.php\/wp-json\/wp\/v2\/posts"}],"about":[{"href":"https:\/\/www.hashtag.al\/index.php\/wp-json\/wp\/v2\/types\/post"}],"author":[{"embeddable":true,"href":"https:\/\/www.hashtag.al\/index.php\/wp-json\/wp\/v2\/users\/32"}],"replies":[{"embeddable":true,"href":"https:\/\/www.hashtag.al\/index.php\/wp-json\/wp\/v2\/comments?post=794557"}],"version-history":[{"count":99999,"href":"https:\/\/www.hashtag.al\/index.php\/wp-json\/wp\/v2\/posts\/794557\/revisions"}],"predecessor-version":[{"id":794558,"href":"https:\/\/www.hashtag.al\/index.php\/wp-json\/wp\/v2\/posts\/794557\/revisions\/794558"}],"wp:featuredmedia":[{"embeddable":true,"href":"https:\/\/www.hashtag.al\/index.php\/wp-json\/wp\/v2\/media\/787603"}],"wp:attachment":[{"href":"https:\/\/www.hashtag.al\/index.php\/wp-json\/wp\/v2\/media?parent=794557"}],"wp:term":[{"taxonomy":"category","embeddable":true,"href":"https:\/\/www.hashtag.al\/index.php\/wp-json\/wp\/v2\/categories?post=794557"},{"taxonomy":"post_tag","embeddable":true,"href":"https:\/\/www.hashtag.al\/index.php\/wp-json\/wp\/v2\/tags?post=794557"}],"curies":[{"name":"wp","href":"https:\/\/api.w.org\/{rel}","templated":true}]}}