{"id":794218,"date":"2026-04-03T08:05:14","date_gmt":"2026-04-03T06:05:14","guid":{"rendered":"https:\/\/www.hashtag.al\/?p=794218"},"modified":"2026-04-03T08:05:14","modified_gmt":"2026-04-03T06:05:14","slug":"italia-shtyn-mbylljen-e-centraleve-me-qymyr-deri-ne-vitin-2038-mes-krizes-energjetike","status":"publish","type":"post","link":"https:\/\/www.hashtag.al\/index.php\/2026\/04\/03\/italia-shtyn-mbylljen-e-centraleve-me-qymyr-deri-ne-vitin-2038-mes-krizes-energjetike\/","title":{"rendered":"Italia shtyn mbylljen e centraleve me qymyr deri n\u00eb vitin 2038 mes kriz\u00ebs energjetike","gt_translate_keys":[{"key":"rendered","format":"text"}]},"content":{"rendered":"<p><a href=\"https:\/\/www.hashtag.al\/index.php\/2024\/03\/07\/etja-per-burime-energjetike-mes-kerkeses-ne-rritje-beteja-e-re-e-shba-se\/imrs-ezgif-com-avif-to-jpg-converter-8\/\" rel=\"attachment wp-att-659515\"><img loading=\"lazy\" decoding=\"async\" class=\"size-full wp-image-659515\" src=\"https:\/\/www.hashtag.al\/wp-content\/uploads\/2024\/03\/imrs-ezgif.com-avif-to-jpg-converter-1.jpg\" alt=\"\" width=\"1440\" height=\"960\" srcset=\"https:\/\/www.hashtag.al\/wp-content\/uploads\/2024\/03\/imrs-ezgif.com-avif-to-jpg-converter-1.jpg 1440w, https:\/\/www.hashtag.al\/wp-content\/uploads\/2024\/03\/imrs-ezgif.com-avif-to-jpg-converter-1-300x200.jpg 300w, https:\/\/www.hashtag.al\/wp-content\/uploads\/2024\/03\/imrs-ezgif.com-avif-to-jpg-converter-1-1024x683.jpg 1024w, https:\/\/www.hashtag.al\/wp-content\/uploads\/2024\/03\/imrs-ezgif.com-avif-to-jpg-converter-1-768x512.jpg 768w\" sizes=\"auto, (max-width: 1440px) 100vw, 1440px\" \/><\/a><\/p>\n<p data-start=\"91\" data-end=\"237\"><span style=\"color: #000000;\">Italia ka vendosur t\u00eb shtyj\u00eb mbylljen p\u00ebrfundimtare t\u00eb centraleve me qymyr deri n\u00eb vitin 2038, 13 vite m\u00eb von\u00eb nga afati i parashikuar fillimisht, p\u00ebrcjell <span style=\"color: #0000ff;\"><a style=\"color: #0000ff;\" href=\"https:\/\/www.euronews.com\/2026\/04\/03\/italy-clings-to-coal-powered-plants-as-eu-countries-shield-from-iran-war-with-renewables\">Euronews<\/a><\/span>.<\/span><\/p>\n<p data-start=\"239\" data-end=\"474\"><span style=\"color: #000000;\">Vendimi \u00ebsht\u00eb p\u00ebrfshir\u00eb n\u00eb projektligjin m\u00eb t\u00eb fundit p\u00ebr energjin\u00eb, i miratuar nga qeveria e kryeministres <span class=\"hover:entity-accent entity-underline inline cursor-pointer align-baseline\"><span class=\"whitespace-normal\">Giorgia Meloni<\/span><\/span>, si pjes\u00eb e masave p\u00ebr p\u00ebrballimin e kriz\u00ebs energjetike t\u00eb shkaktuar nga lufta me Iranin.<\/span><\/p>\n<p data-start=\"476\" data-end=\"774\"><span style=\"color: #000000;\">Sipas autoriteteve, kat\u00ebr centralet me qymyr q\u00eb aktualisht jan\u00eb n\u00eb gatishm\u00ebri mund t\u00eb riaktivizohen n\u00eb rast se p\u00ebrkeq\u00ebsohen furnizimet me gaz dhe naft\u00eb. Ministri i Energjis\u00eb, <span class=\"hover:entity-accent entity-underline inline cursor-pointer align-baseline\"><span class=\"whitespace-normal\">Gilberto Pichetto Fratin<\/span><\/span>, ka theksuar se kjo \u00ebsht\u00eb nj\u00eb mas\u00eb e nevojshme p\u00ebr t\u00eb garantuar sigurin\u00eb energjetike.<\/span><\/p>\n<p data-start=\"802\" data-end=\"1032\"><span style=\"color: #000000;\">Qeveria italiane e konsideron shtyrjen si nj\u00eb hap t\u00eb domosdosh\u00ebm. Ministri p\u00ebr \u00c7\u00ebshtjet Evropiane, <span class=\"hover:entity-accent entity-underline inline cursor-pointer align-baseline\"><span class=\"whitespace-normal\">Tommaso Foti<\/span><\/span>, u shpreh se \u201ct\u00eb gjitha burimet e energjis\u00eb duhet t\u00eb shfryt\u00ebzohen maksimalisht n\u00eb k\u00ebt\u00eb faz\u00eb\u201d.<\/span><\/p>\n<p data-start=\"1034\" data-end=\"1221\"><span style=\"color: #000000;\">Megjithat\u00eb, vendimi ka hasur kritika nga grupet mjedisore dhe opozita. Kreu i partis\u00eb s\u00eb gjelb\u00ebr <span class=\"hover:entity-accent entity-underline inline cursor-pointer align-baseline\"><span class=\"whitespace-normal\">Angelo Bonelli<\/span><\/span> e cil\u00ebsoi k\u00ebt\u00eb hap si nj\u00eb \u201cneglizhenc\u00eb ndaj klim\u00ebs\u201d.<\/span><\/p>\n<p data-start=\"1246\" data-end=\"1454\"><span style=\"color: #000000;\">Edhe vende t\u00eb tjera evropiane po shqyrtojn\u00eb masa t\u00eb ngjashme. <span class=\"hover:entity-accent entity-underline inline cursor-pointer align-baseline\"><span class=\"whitespace-normal\">Gjermania<\/span><\/span> ka sinjalizuar se mund t\u00eb ngadal\u00ebsoj\u00eb mbylljen e centraleve me qymyr p\u00ebr t\u00eb garantuar furnizimin me energji.<\/span><\/p>\n<p data-start=\"1456\" data-end=\"1759\"><span style=\"color: #000000;\">Nd\u00ebrkoh\u00eb, disa vende si <span class=\"hover:entity-accent entity-underline inline cursor-pointer align-baseline\"><span class=\"whitespace-normal\">Spanja<\/span><\/span> dhe <span class=\"hover:entity-accent entity-underline inline cursor-pointer align-baseline\"><span class=\"whitespace-normal\">Mbret\u00ebria e Bashkuar<\/span><\/span> po p\u00ebrfitojn\u00eb nga investimet n\u00eb energjin\u00eb e rinovueshme. Spanja ka dyfishuar kapacitetin e energjis\u00eb diellore dhe t\u00eb er\u00ebs q\u00eb nga viti 2019, nd\u00ebrsa n\u00eb Britani energjia e er\u00ebs ka arritur nivele rekord.<\/span><\/p>\n<p data-start=\"1761\" data-end=\"2002\" data-is-last-node=\"\" data-is-only-node=\"\"><span style=\"color: #000000;\">Ekspert\u00ebt theksojn\u00eb se investimet n\u00eb energji t\u00eb past\u00ebr kan\u00eb ndihmuar n\u00eb uljen e var\u00ebsis\u00eb nga gazi dhe kan\u00eb kursyer miliarda euro n\u00eb t\u00eb gjith\u00eb Evrop\u00ebn, duke e b\u00ebr\u00eb k\u00ebt\u00eb sektor gjithnj\u00eb e m\u00eb t\u00eb r\u00ebnd\u00ebsish\u00ebm n\u00eb p\u00ebrballimin e krizave energjetike.<\/span><\/p>\n","protected":false,"gt_translate_keys":[{"key":"rendered","format":"html"}]},"excerpt":{"rendered":"<p>Italia ka vendosur t\u00eb shtyj\u00eb mbylljen p\u00ebrfundimtare t\u00eb centraleve me qymyr deri n\u00eb vitin 2038, 13 vite m\u00eb von\u00eb nga afati i parashikuar fillimisht, p\u00ebrcjell Euronews. Vendimi \u00ebsht\u00eb p\u00ebrfshir\u00eb n\u00eb projektligjin m\u00eb t\u00eb fundit p\u00ebr energjin\u00eb, i miratuar nga qeveria e kryeministres Giorgia Meloni, si pjes\u00eb e masave p\u00ebr p\u00ebrballimin e kriz\u00ebs energjetike t\u00eb shkaktuar [&hellip;]<\/p>\n","protected":false,"gt_translate_keys":[{"key":"rendered","format":"html"}]},"author":32,"featured_media":659515,"comment_status":"closed","ping_status":"open","sticky":false,"template":"","format":"standard","meta":{"footnotes":""},"categories":[53],"tags":[],"class_list":["post-794218","post","type-post","status-publish","format-standard","has-post-thumbnail","hentry","category-fast-foodi"],"gt_translate_keys":[{"key":"link","format":"url"}],"_links":{"self":[{"href":"https:\/\/www.hashtag.al\/index.php\/wp-json\/wp\/v2\/posts\/794218","targetHints":{"allow":["GET"]}}],"collection":[{"href":"https:\/\/www.hashtag.al\/index.php\/wp-json\/wp\/v2\/posts"}],"about":[{"href":"https:\/\/www.hashtag.al\/index.php\/wp-json\/wp\/v2\/types\/post"}],"author":[{"embeddable":true,"href":"https:\/\/www.hashtag.al\/index.php\/wp-json\/wp\/v2\/users\/32"}],"replies":[{"embeddable":true,"href":"https:\/\/www.hashtag.al\/index.php\/wp-json\/wp\/v2\/comments?post=794218"}],"version-history":[{"count":99999,"href":"https:\/\/www.hashtag.al\/index.php\/wp-json\/wp\/v2\/posts\/794218\/revisions"}],"predecessor-version":[{"id":794219,"href":"https:\/\/www.hashtag.al\/index.php\/wp-json\/wp\/v2\/posts\/794218\/revisions\/794219"}],"wp:featuredmedia":[{"embeddable":true,"href":"https:\/\/www.hashtag.al\/index.php\/wp-json\/wp\/v2\/media\/659515"}],"wp:attachment":[{"href":"https:\/\/www.hashtag.al\/index.php\/wp-json\/wp\/v2\/media?parent=794218"}],"wp:term":[{"taxonomy":"category","embeddable":true,"href":"https:\/\/www.hashtag.al\/index.php\/wp-json\/wp\/v2\/categories?post=794218"},{"taxonomy":"post_tag","embeddable":true,"href":"https:\/\/www.hashtag.al\/index.php\/wp-json\/wp\/v2\/tags?post=794218"}],"curies":[{"name":"wp","href":"https:\/\/api.w.org\/{rel}","templated":true}]}}