{"id":794169,"date":"2026-04-02T19:47:14","date_gmt":"2026-04-02T17:47:14","guid":{"rendered":"https:\/\/www.hashtag.al\/?p=794169"},"modified":"2026-04-02T19:59:21","modified_gmt":"2026-04-02T17:59:21","slug":"trump-shkarkon-kryeprokuroren-pam-bondi-pritet-te-zevendesohet-nga-lee-zeldin","status":"publish","type":"post","link":"https:\/\/www.hashtag.al\/index.php\/2026\/04\/02\/trump-shkarkon-kryeprokuroren-pam-bondi-pritet-te-zevendesohet-nga-lee-zeldin\/","title":{"rendered":"Trump shkarkon kryeprokuroren Pam Bondi, pritet t\u00eb z\u00ebvend\u00ebsohet nga Lee Zeldin","gt_translate_keys":[{"key":"rendered","format":"text"}]},"content":{"rendered":"<p><img loading=\"lazy\" decoding=\"async\" class=\"aligncenter size-full wp-image-794170\" src=\"https:\/\/www.hashtag.al\/wp-content\/uploads\/2026\/04\/bondizeldin.jpg\" alt=\"\" width=\"2000\" height=\"1000\" srcset=\"https:\/\/www.hashtag.al\/wp-content\/uploads\/2026\/04\/bondizeldin.jpg 2000w, https:\/\/www.hashtag.al\/wp-content\/uploads\/2026\/04\/bondizeldin-300x150.jpg 300w, https:\/\/www.hashtag.al\/wp-content\/uploads\/2026\/04\/bondizeldin-1024x512.jpg 1024w, https:\/\/www.hashtag.al\/wp-content\/uploads\/2026\/04\/bondizeldin-768x384.jpg 768w, https:\/\/www.hashtag.al\/wp-content\/uploads\/2026\/04\/bondizeldin-1536x768.jpg 1536w\" sizes=\"auto, (max-width: 2000px) 100vw, 2000px\" \/><\/p>\n<p><span style=\"color: #000000;\">Donald Trump ka shkarkuar Prokuroren e P\u00ebrgjithshme Pam Bondi t\u00eb m\u00ebrkur\u00ebn, sipas dy burimeve t\u00eb njohura me \u00e7\u00ebshtjen q\u00eb fol\u00ebn p\u00ebr <span style=\"color: #0000ff;\"><a style=\"color: #0000ff;\" href=\"https:\/\/www.foxnews.com\/politics\/pam-bondi-already-fired-attorney-general-cabinet-official-teed-up-replacement-sources\">Fox News.<\/a><\/span><\/span><\/p>\n<p><span style=\"color: #000000;\">Bondi u takua me Trump n\u00eb Zyr\u00ebn Ovale t\u00eb m\u00ebrkur\u00ebn n\u00eb mbr\u00ebmje, p\u00ebrpara fjalimit t\u00eb tij drejtuar kombit lidhur me luft\u00ebn n\u00eb Iran, sipas dy burimeve t\u00eb njohura me takimin.<\/span><\/p>\n<p><span style=\"color: #000000;\">Z\u00ebvend\u00ebs Prokurori i P\u00ebrgjithsh\u00ebm Todd Blanche do sh\u00ebrbej\u00eb si Prokuror i P\u00ebrgjithsh\u00ebm i p\u00ebrkohsh\u00ebm.<\/span><\/p>\n<p><span style=\"color: #000000;\">Trump po shqyrton mund\u00ebsin\u00eb e z\u00ebvend\u00ebsimit t\u00eb Bondit me drejtorin e Agjencis\u00eb p\u00ebr Mbrojtjen e Mjedisit, Lee Zeldin, sipas burimeve t\u00eb njohura me \u00e7\u00ebshtjen. Trump zhvilloi nj\u00eb takim me Zeldin n\u00eb Sht\u00ebpin\u00eb e Bardh\u00eb t\u00eb mart\u00ebn p\u00ebr t\u00eb diskutuar zjarret n\u00eb pyje dhe parandalimin e tyre, ku sipas nj\u00eb personi t\u00eb njohur me takimin u diskutua edhe p\u00ebr tranzicionin e mundsh\u00ebm.<\/span><\/p>\n<p><span style=\"color: #000000;\">Ky burim i tha Fox News se Zeldin do ishte nj\u00eb z\u00ebvend\u00ebsues i mundsh\u00ebm, duke shtuar se Trump mund t\u00eb ndryshoj\u00eb mendim n\u00eb \u00e7do moment.<\/span><\/p>\n<p><span style=\"color: #000000;\">Sht\u00ebpia e Bardh\u00eb i tha Fox News se t\u00eb dy vazhdojn\u00eb t\u00eb ken\u00eb nj\u00eb marr\u00ebdh\u00ebnie t\u00eb mir\u00eb pavar\u00ebsisht largimit nga detyra.<\/span><\/p>\n<p><span style=\"color: #000000;\">Nj\u00eb z\u00ebdh\u00ebn\u00ebs i Departamenti i Drejt\u00ebsis\u00eb i SHBA i mohoi raportimet kur u kontaktua p\u00ebr koment.<\/span><\/p>\n<p><span style=\"color: #000000;\"><em>\u201cProkurorja e P\u00ebrgjithshme ishte me Trump gjat\u00eb fjalimit mbr\u00ebm\u00eb,\u201d<\/em> shtoi z\u00ebdh\u00ebn\u00ebsi.<\/span><\/p>\n<p><span style=\"color: #000000;\">Kur u pyet p\u00ebr takimet e supozuara dhe largimin e Bondi, nj\u00eb burim i Sht\u00ebpis\u00eb s\u00eb Bardh\u00eb nuk e konfirmoi plot\u00ebsisht informacionin, por tha se situata \u201cnuk \u00ebsht\u00eb e ftoht\u00eb\u201d.<\/span><\/p>\n<p><span style=\"color: #000000;\">Largimi vjen pas nj\u00eb raportimi t\u00eb fundit t\u00eb New York Times, ku thuhej se Trump po p\u00ebrgatitej t\u00eb z\u00ebvend\u00ebsonte Bondi me Zeldin, pasi presidenti ishte gjithnj\u00eb e m\u00eb i pak\u00ebnaqur me paraqitjen e saj n\u00eb k\u00ebt\u00eb rol.<\/span><\/p>\n<p><span style=\"color: #000000;\">I pyetur p\u00ebr takimet dhe largimin e Bondit t\u00eb m\u00ebrkur\u00ebn n\u00eb mbr\u00ebmje, Sht\u00ebpia e Bardh\u00eb e drejtoi Fox News te i nj\u00ebjti koment q\u00eb zyra kishte dh\u00ebn\u00eb p\u00ebr New York Times n\u00eb mbrojtje t\u00eb Bondi.<\/span><\/p>\n<p><span style=\"color: #000000;\"><em>\u201cProkurorja e P\u00ebrgjithshme Pam Bondi \u00ebsht\u00eb nj\u00eb person i mrekulluesh\u00ebm dhe ajo po b\u00ebn nj\u00eb pun\u00eb t\u00eb mir\u00eb,\u201d<\/em> thuhet n\u00eb deklarat\u00ebn e Trump.<\/span><\/p>\n<p><span style=\"color: #000000;\">Largimi ndodhi n\u00eb t\u00eb nj\u00ebjt\u00ebn dit\u00eb kur Bondi shoq\u00ebroi Trump n\u00eb Gjykata Supreme e Shteteve t\u00eb Bashkuara t\u00eb m\u00ebrkur\u00ebn n\u00eb m\u00ebngjes p\u00ebr argumentet gojore n\u00eb \u00e7\u00ebshtjen me r\u00ebnd\u00ebsi t\u00eb madhe p\u00ebr shtet\u00ebsin\u00eb nga e drejta e lindjes.<\/span><\/p>\n<p><span style=\"color: #000000;\">Burime q\u00eb konfirmuan p\u00ebr disa media mund\u00ebsin\u00eb e ngritjes s\u00eb Zeldin n\u00eb k\u00ebt\u00eb detyr\u00eb tregojn\u00eb se kjo ndodh nd\u00ebrkoh\u00eb q\u00eb ai po p\u00ebrgatitet p\u00ebr nj\u00eb aktivitet me Sekretarin e Shendet\u00ebsis\u00eb, Robert F. Kennedy Jr., t\u00eb enjten pasdite p\u00ebr t\u00eb b\u00ebr\u00eb nj\u00eb njoftim mbi trajtimin e rritjes s\u00eb rasteve t\u00eb mikroplastik\u00ebs n\u00eb ujin e pijsh\u00ebm.<\/span><\/p>\n<p><span style=\"color: #000000;\">I gjith\u00eb mandati i Bondit n\u00eb Departamentin e Drejt\u00ebsis\u00eb \u00ebsht\u00eb shoq\u00ebruar me shqyrtim publik, ve\u00e7an\u00ebrisht n\u00eb lidhje me premtimin e saj p\u00ebr t\u00eb publikuar t\u00eb gjitha dosjet e Jeffrey Epstein.<\/span><\/p>\n<p><span style=\"color: #000000;\">Ajo i tha Fox News n\u00eb fillim t\u00eb mandatit t\u00eb saj n\u00eb krye t\u00eb Departamentit t\u00eb Drejt\u00ebsis\u00eb n\u00eb shkurt se dosjet \u201cndodheshin mbi tryez\u00ebn e saj p\u00ebr shqyrtim\u201d.<\/span><\/p>\n<p><span style=\"color: #000000;\">Publikimi gradual i informacionit nga agjencia e saj gjat\u00eb vitit pasues dhe mungesa e informacionit t\u00eb ri i ka l\u00ebn\u00eb shum\u00eb amerikan\u00eb t\u00eb zhg\u00ebnjyer, pasi mendonin se ajo po t\u00ebrhiqej nga premtimi p\u00ebr publikimin e plot\u00eb t\u00eb dosjeve.\u00a0<\/span><\/p>\n","protected":false,"gt_translate_keys":[{"key":"rendered","format":"html"}]},"excerpt":{"rendered":"<p>Donald Trump ka shkarkuar Prokuroren e P\u00ebrgjithshme Pam Bondi t\u00eb m\u00ebrkur\u00ebn, sipas dy burimeve t\u00eb njohura me \u00e7\u00ebshtjen q\u00eb fol\u00ebn p\u00ebr Fox News. Bondi u takua me Trump n\u00eb Zyr\u00ebn Ovale t\u00eb m\u00ebrkur\u00ebn n\u00eb mbr\u00ebmje, p\u00ebrpara fjalimit t\u00eb tij drejtuar kombit lidhur me luft\u00ebn n\u00eb Iran, sipas dy burimeve t\u00eb njohura me takimin. Z\u00ebvend\u00ebs Prokurori [&hellip;]<\/p>\n","protected":false,"gt_translate_keys":[{"key":"rendered","format":"html"}]},"author":51,"featured_media":794170,"comment_status":"closed","ping_status":"open","sticky":false,"template":"","format":"standard","meta":{"footnotes":""},"categories":[22],"tags":[],"class_list":["post-794169","post","type-post","status-publish","format-standard","has-post-thumbnail","hentry","category-ballina"],"gt_translate_keys":[{"key":"link","format":"url"}],"_links":{"self":[{"href":"https:\/\/www.hashtag.al\/index.php\/wp-json\/wp\/v2\/posts\/794169","targetHints":{"allow":["GET"]}}],"collection":[{"href":"https:\/\/www.hashtag.al\/index.php\/wp-json\/wp\/v2\/posts"}],"about":[{"href":"https:\/\/www.hashtag.al\/index.php\/wp-json\/wp\/v2\/types\/post"}],"author":[{"embeddable":true,"href":"https:\/\/www.hashtag.al\/index.php\/wp-json\/wp\/v2\/users\/51"}],"replies":[{"embeddable":true,"href":"https:\/\/www.hashtag.al\/index.php\/wp-json\/wp\/v2\/comments?post=794169"}],"version-history":[{"count":99999,"href":"https:\/\/www.hashtag.al\/index.php\/wp-json\/wp\/v2\/posts\/794169\/revisions"}],"predecessor-version":[{"id":794172,"href":"https:\/\/www.hashtag.al\/index.php\/wp-json\/wp\/v2\/posts\/794169\/revisions\/794172"}],"wp:featuredmedia":[{"embeddable":true,"href":"https:\/\/www.hashtag.al\/index.php\/wp-json\/wp\/v2\/media\/794170"}],"wp:attachment":[{"href":"https:\/\/www.hashtag.al\/index.php\/wp-json\/wp\/v2\/media?parent=794169"}],"wp:term":[{"taxonomy":"category","embeddable":true,"href":"https:\/\/www.hashtag.al\/index.php\/wp-json\/wp\/v2\/categories?post=794169"},{"taxonomy":"post_tag","embeddable":true,"href":"https:\/\/www.hashtag.al\/index.php\/wp-json\/wp\/v2\/tags?post=794169"}],"curies":[{"name":"wp","href":"https:\/\/api.w.org\/{rel}","templated":true}]}}