{"id":794109,"date":"2026-04-02T15:36:13","date_gmt":"2026-04-02T13:36:13","guid":{"rendered":"https:\/\/www.hashtag.al\/?p=794109"},"modified":"2026-04-02T15:39:25","modified_gmt":"2026-04-02T13:39:25","slug":"izraeli-godet-iranin-ne-vale-sulmesh-pretendohet-vrasja-e-nje-komandanti-te-larte-te-hezbollahut","status":"publish","type":"post","link":"https:\/\/www.hashtag.al\/index.php\/2026\/04\/02\/izraeli-godet-iranin-ne-vale-sulmesh-pretendohet-vrasja-e-nje-komandanti-te-larte-te-hezbollahut\/","title":{"rendered":"Izraeli val\u00eb sulmesh ndaj Iranit, pretendohet vrasja e nj\u00eb komandanti t\u00eb lart\u00eb t\u00eb Hezbollahut","gt_translate_keys":[{"key":"rendered","format":"text"}]},"content":{"rendered":"<p><span style=\"color: #000000;\"><a href=\"https:\/\/www.hashtag.al\/index.php\/2026\/04\/02\/izraeli-godet-iranin-ne-vale-sulmesh-pretendohet-vrasja-e-nje-komandanti-te-larte-te-hezbollahut\/screenshot-2026-04-02-061801\/\" rel=\"attachment wp-att-794110\"><img loading=\"lazy\" decoding=\"async\" class=\"alignnone size-full wp-image-794110\" src=\"https:\/\/www.hashtag.al\/wp-content\/uploads\/2026\/04\/Screenshot-2026-04-02-061801.png\" alt=\"\" width=\"756\" height=\"477\" srcset=\"https:\/\/www.hashtag.al\/wp-content\/uploads\/2026\/04\/Screenshot-2026-04-02-061801.png 756w, https:\/\/www.hashtag.al\/wp-content\/uploads\/2026\/04\/Screenshot-2026-04-02-061801-300x189.png 300w\" sizes=\"auto, (max-width: 756px) 100vw, 756px\" \/><\/a><\/span><\/p>\n<p><span style=\"color: #000000;\">Lufta n\u00eb Lindjen e Mesme nuk tregon shenja zbutjeje, pasi Izraeli ka nd\u00ebrmarr\u00eb dy val\u00eb sulmesh ndaj Teheranit, nd\u00ebrsa njoftoi se ka vrar\u00eb nj\u00eb komandant t\u00eb lart\u00eb t\u00eb Hezbollah.<\/span><\/p>\n<p><span style=\"color: #000000;\">Zhvillimet vijn\u00eb n\u00eb nj\u00eb moment kur presidenti i Shtetet e Bashkuara, Donald Trump, pretendoi se udh\u00ebheqja iraniane kishte k\u00ebrkuar arm\u00ebpushim, nj\u00eb deklarat\u00eb q\u00eb u mohua menj\u00ebher\u00eb nga Irani si <em>\u201ce pav\u00ebrtet\u00eb dhe pa baz\u00eb\u201d<\/em>.<\/span><\/p>\n<p><span style=\"color: #000000;\">Trump deklaroi gjithashtu se SHBA mund t\u00eb t\u00ebrhiqet \u201cshum\u00eb shpejt\u201d nga konflikti, duke l\u00ebn\u00eb t\u00eb hapur mund\u00ebsin\u00eb e sulmeve t\u00eb kufizuara ajrore n\u00eb t\u00eb ardhmen. Ai p\u00ebrs\u00ebriti pretendimet p\u00ebr nj\u00eb \u201cndryshim t\u00eb plot\u00eb regjimi\u201d n\u00eb Iran, megjith\u00ebse situata n\u00eb terren mbetet e paqart\u00eb.<\/span><\/p>\n<p><span style=\"color: #000000;\">Presidenti iranian, Masoud Pezeshkian, n\u00eb nj\u00eb mesazh drejtuar qytetar\u00ebve amerikan\u00eb, vuri n\u00eb pik\u00ebpyetje arsyet e luft\u00ebs, duke pyetur: <em>\u201cCilat interesa t\u00eb popullit amerikan po sh\u00ebrbehen nga kjo luft\u00eb?\u201d<\/em> Ai theksoi se Irani nuk ka nisur kurr\u00eb nj\u00eb luft\u00eb dhe nuk ushqen armiq\u00ebsi ndaj popujve t\u00eb tjer\u00eb.<\/span><\/p>\n<p><span style=\"color: #000000;\">Nd\u00ebrkoh\u00eb, udh\u00ebheqja e vendit ka kaluar te Mojtaba Khamenei, pas vrasjes s\u00eb Ali Khamenei n\u00eb fillim t\u00eb konfliktit. N\u00eb nj\u00eb deklarat\u00eb, ai akuzoi SHBA dhe Izraelin si armiq \u201ct\u00eb pam\u00ebshirsh\u00ebm dhe pa kufij moral\u00eb\u201d.<\/span><\/p>\n<h3><span style=\"color: #000000;\">Sulme dhe p\u00ebrshkall\u00ebzim n\u00eb disa fronte<\/span><\/h3>\n<p><span style=\"color: #000000;\">Forcat izraelite deklaruan se kan\u00eb goditur rreth 400 objektiva n\u00eb Iran gjat\u00eb dy dit\u00ebve t\u00eb fundit. Nga ana tjet\u00ebr, Irani l\u00ebshoi rreth 10 raketa drejt Izraelit qendror, pak para nisjes s\u00eb fest\u00ebs hebraike Pashk\u00ebs hebraike.<\/span><\/p>\n<p><span style=\"color: #000000;\">Sulme u raportuan edhe nga aleat\u00ebt e Iranit, p\u00ebrfshir\u00eb Houthis n\u00eb Jemen dhe Hezbollahun n\u00eb Liban.<\/span><\/p>\n<p><span style=\"color: #000000;\">Nj\u00eb goditje detare izraelite n\u00eb Bejrut vrau shtat\u00eb persona, p\u00ebrfshir\u00eb komandantin e frontit jugor t\u00eb Hezbollahut, Youssef Hashem, nj\u00eb nga figurat m\u00eb t\u00eb r\u00ebnd\u00ebsishme t\u00eb vrara deri tani n\u00eb konflikt.<\/span><\/p>\n<h3><span style=\"color: #000000;\">Bilanci i viktimave dhe kriza globale<\/span><\/h3>\n<p><span style=\"color: #000000;\">Sipas vler\u00ebsimeve t\u00eb International Federation of Red Cross and Red Crescent Societies, mbi 1,900 persona jan\u00eb vrar\u00eb dhe rreth 20,000 jan\u00eb plagosur n\u00eb Iran q\u00eb nga fillimi i luft\u00ebs.<\/span><\/p>\n<p><span style=\"color: #000000;\">N\u00eb Izrael, t\u00eb pakt\u00ebn 19 persona jan\u00eb vrar\u00eb dhe mbi 500 jan\u00eb plagosur nga sulmet me raketa. Nj\u00eb vajz\u00eb 11-vje\u00e7are ndodhet n\u00eb gjendje kritike pas nj\u00eb goditjeje n\u00eb Bnei Brak.<\/span><\/p>\n<p><span style=\"color: #000000;\">Konflikti ka ndikuar r\u00ebnd\u00eb edhe n\u00eb tregjet globale, pasi Ngushtica e Hormuzit \u00ebsht\u00eb praktikisht e mbyllur p\u00ebr transportin detar, duke shkaktuar rritje t\u00eb \u00e7mimeve t\u00eb naft\u00ebs dhe mungesa t\u00eb furnizimeve n\u00eb shum\u00eb vende.<\/span><\/p>\n<h3><span style=\"color: #000000;\">Paqart\u00ebsi p\u00ebr arm\u00ebpushim<\/span><\/h3>\n<p><span style=\"color: #000000;\">Pavar\u00ebsisht deklaratave t\u00eb Trump p\u00ebr nj\u00eb marr\u00ebveshje t\u00eb mundshme, autoritetet iraniane i kan\u00eb hedhur posht\u00eb k\u00ebto pretendime. Nd\u00ebrkoh\u00eb, raportime tregojn\u00eb se z\u00ebvend\u00ebspresidenti amerikan, JD Vance, ka kontaktuar nd\u00ebrmjet\u00ebs n\u00eb Pakistan p\u00ebr t\u00eb eksploruar mund\u00ebsin\u00eb e nj\u00eb arm\u00ebpushimi, me kusht rihapjen e Ngushtic\u00ebs s\u00eb Hormuzit.<\/span><\/p>\n<p><span style=\"color: #000000;\">Lufta vazhdon t\u00eb p\u00ebrshkall\u00ebzohet n\u00eb disa fronte, nd\u00ebrsa komuniteti nd\u00ebrkomb\u00ebtar mbetet n\u00eb pritje t\u00eb nj\u00eb zgjidhjeje diplomatike q\u00eb, p\u00ebr momentin, duket ende e larg\u00ebt.<\/span><\/p>\n","protected":false,"gt_translate_keys":[{"key":"rendered","format":"html"}]},"excerpt":{"rendered":"<p>Lufta n\u00eb Lindjen e Mesme nuk tregon shenja zbutjeje, pasi Izraeli ka nd\u00ebrmarr\u00eb dy val\u00eb sulmesh ndaj Teheranit, nd\u00ebrsa njoftoi se ka vrar\u00eb nj\u00eb komandant t\u00eb lart\u00eb t\u00eb Hezbollah. Zhvillimet vijn\u00eb n\u00eb nj\u00eb moment kur presidenti i Shtetet e Bashkuara, Donald Trump, pretendoi se udh\u00ebheqja iraniane kishte k\u00ebrkuar arm\u00ebpushim, nj\u00eb deklarat\u00eb q\u00eb u mohua menj\u00ebher\u00eb [&hellip;]<\/p>\n","protected":false,"gt_translate_keys":[{"key":"rendered","format":"html"}]},"author":32,"featured_media":794110,"comment_status":"closed","ping_status":"open","sticky":false,"template":"","format":"standard","meta":{"footnotes":""},"categories":[6],"tags":[],"class_list":["post-794109","post","type-post","status-publish","format-standard","has-post-thumbnail","hentry","category-nderkombetare"],"gt_translate_keys":[{"key":"link","format":"url"}],"_links":{"self":[{"href":"https:\/\/www.hashtag.al\/index.php\/wp-json\/wp\/v2\/posts\/794109","targetHints":{"allow":["GET"]}}],"collection":[{"href":"https:\/\/www.hashtag.al\/index.php\/wp-json\/wp\/v2\/posts"}],"about":[{"href":"https:\/\/www.hashtag.al\/index.php\/wp-json\/wp\/v2\/types\/post"}],"author":[{"embeddable":true,"href":"https:\/\/www.hashtag.al\/index.php\/wp-json\/wp\/v2\/users\/32"}],"replies":[{"embeddable":true,"href":"https:\/\/www.hashtag.al\/index.php\/wp-json\/wp\/v2\/comments?post=794109"}],"version-history":[{"count":99999,"href":"https:\/\/www.hashtag.al\/index.php\/wp-json\/wp\/v2\/posts\/794109\/revisions"}],"predecessor-version":[{"id":794113,"href":"https:\/\/www.hashtag.al\/index.php\/wp-json\/wp\/v2\/posts\/794109\/revisions\/794113"}],"wp:featuredmedia":[{"embeddable":true,"href":"https:\/\/www.hashtag.al\/index.php\/wp-json\/wp\/v2\/media\/794110"}],"wp:attachment":[{"href":"https:\/\/www.hashtag.al\/index.php\/wp-json\/wp\/v2\/media?parent=794109"}],"wp:term":[{"taxonomy":"category","embeddable":true,"href":"https:\/\/www.hashtag.al\/index.php\/wp-json\/wp\/v2\/categories?post=794109"},{"taxonomy":"post_tag","embeddable":true,"href":"https:\/\/www.hashtag.al\/index.php\/wp-json\/wp\/v2\/tags?post=794109"}],"curies":[{"name":"wp","href":"https:\/\/api.w.org\/{rel}","templated":true}]}}