{"id":794020,"date":"2026-04-02T00:10:40","date_gmt":"2026-04-01T22:10:40","guid":{"rendered":"https:\/\/www.hashtag.al\/?p=794020"},"modified":"2026-04-02T00:11:07","modified_gmt":"2026-04-01T22:11:07","slug":"presidencialet-ne-brazil-djali-i-ish-presidentit-te-djathte-brazilian-flavio-bolsonaro-rritet-ndjeshem-ne-sondazhe","status":"publish","type":"post","link":"https:\/\/www.hashtag.al\/index.php\/2026\/04\/02\/presidencialet-ne-brazil-djali-i-ish-presidentit-te-djathte-brazilian-flavio-bolsonaro-rritet-ndjeshem-ne-sondazhe\/","title":{"rendered":"Presidencialet\/ Djali i ish-presidentit t\u00eb djatht\u00eb brazilian Flavio Bolsonaro rritet ndjesh\u00ebm n\u00eb sondazhe","gt_translate_keys":[{"key":"rendered","format":"text"}]},"content":{"rendered":"<p><img loading=\"lazy\" decoding=\"async\" class=\"aligncenter size-full wp-image-794021\" src=\"https:\/\/www.hashtag.al\/wp-content\/uploads\/2026\/04\/7b32cb169aefe38abe476d72fba71209-ezgif.com-avif-to-jpg-converter.jpg\" alt=\"\" width=\"862\" height=\"485\" srcset=\"https:\/\/www.hashtag.al\/wp-content\/uploads\/2026\/04\/7b32cb169aefe38abe476d72fba71209-ezgif.com-avif-to-jpg-converter.jpg 862w, https:\/\/www.hashtag.al\/wp-content\/uploads\/2026\/04\/7b32cb169aefe38abe476d72fba71209-ezgif.com-avif-to-jpg-converter-300x169.jpg 300w, https:\/\/www.hashtag.al\/wp-content\/uploads\/2026\/04\/7b32cb169aefe38abe476d72fba71209-ezgif.com-avif-to-jpg-converter-768x432.jpg 768w\" sizes=\"auto, (max-width: 862px) 100vw, 862px\" \/><\/p>\n<p><span style=\"color: #000000;\">Rritja e mb\u00ebshtetjes publike p\u00ebr kandidatur\u00ebn presidenciale t\u00eb senatorit opozitar brazilian Flavio Bolsonaro i ka mund\u00ebsuar atij t\u00eb shtyj\u00eb em\u00ebrimin e k\u00ebshilltar\u00ebve kryesor\u00eb ekonomik\u00eb, than\u00eb ndihm\u00ebsit e tij, edhe pse rival\u00ebt e djatht\u00eb po hyjn\u00eb n\u00eb gar\u00eb p\u00ebr zgjedhjet e tetorit.<\/span><\/p>\n<p><span style=\"color: #000000;\">Q\u00eb nga shpallja e kandidatur\u00ebs vitin e kaluar, senatori ka kaluar shumic\u00ebn e koh\u00ebs duke udh\u00ebtuar jasht\u00eb vendit p\u00ebr t\u2019u takuar me aleat\u00eb konservator\u00eb, ose duke vizituar t\u00eb atin, ish-presidentin Jair Bolsonaro, i cili po vuan nj\u00eb d\u00ebnim n\u00eb Brasilia p\u00ebr nj\u00eb tentativ\u00eb t\u00eb d\u00ebshtuar pu\u00e7i.<\/span><\/p>\n<p><span style=\"color: #000000;\">Megjithat\u00eb, 44-vje\u00e7ari ka arritur t\u00eb ngjitet n\u00eb sondazhe duke u barazuar me mb\u00ebshtetjen ndaj presidentit Luiz Inacio Lula da Silva, nd\u00ebrsa udh\u00ebheq\u00ebsi 80-vje\u00e7ar i majt\u00eb po p\u00ebrballet me nj\u00eb ekonomi n\u00eb ngadal\u00ebsim dhe nj\u00eb skandal bankar q\u00eb ka tronditur Brasilian.<\/span><\/p>\n<p><span style=\"color: #000000;\">Dy burime pran\u00eb senatorit than\u00eb se momentumi q\u00eb ai ka fituar, duke sinjalizuar nj\u00eb platform\u00eb n\u00eb p\u00ebrputhje t\u00eb gjer\u00eb me qasjen e t\u00eb atit, duhet t\u2019i jap\u00eb m\u00eb shum\u00eb koh\u00eb p\u00ebr t\u00eb hartuar k\u00ebshilltar\u00ebt dhe p\u00ebr t\u00eb formuluar propozime q\u00eb forcojn\u00eb nj\u00eb koalicion fitues.<\/span><\/p>\n<p><span style=\"color: #000000;\">N\u00ebse tendenca vazhdon, publikimi i ekipit t\u00eb tij ekonomik, i cili ishte planifikuar p\u00ebr majin, mund t\u00eb shtyhet edhe m\u00eb tej, tha nj\u00eb nga burimet. N\u00eb dhjetor, kur Bolsonaro po p\u00ebrpiqej t\u00eb qet\u00ebsonte bizneset, nj\u00eb ndihm\u00ebs sugjeroi se ai mund t\u00eb prezantoj\u00eb programin e tij ekonomik deri n\u00eb shkurt.<\/span><\/p>\n<p><span style=\"color: #000000;\">Kjo \u00ebsht\u00eb nj\u00eb kontrast i thell\u00eb me fushat\u00ebn e vitit 2018 t\u00eb Jair Bolsonaro, i cili, at\u00ebher\u00eb ligjv\u00ebn\u00ebs pa ndikim, zgjodhi t\u00eb ardhsh\u00ebm Minist\u00ebr t\u00eb Ekonomis\u00eb Paulo Guedes si k\u00ebshilltar ekonomik pothuajse nj\u00eb vit para zgjedhjeve p\u00ebr t\u00eb qet\u00ebsuar investitor\u00ebt.<\/span><\/p>\n<p><span style=\"color: #000000;\">Qasja m\u00eb e kujdesshme e senatorit Bolsonaro deri tani do t\u00eb p\u00ebrballet me nj\u00eb test t\u00eb ri nd\u00ebrsa partit\u00eb e tjera t\u00eb djathta nisin em\u00ebrimet e tyre. Partia Socialdemokrate e Brazilit k\u00ebt\u00eb jav\u00eb zgjodhi Ronaldo Caiado, guvernator i shtetit Goias, nd\u00ebrsa guvernatori i Minas Gerais, Romeu Zema, po kandidon p\u00ebr Partin\u00eb Novo.<\/span><\/p>\n<p><span style=\"color: #000000;\">\u201cDo t\u00eb jet\u00eb nj\u00eb fushat\u00eb e trazuar,\u201d tha Carlos Melo nga Insper n\u00eb Sao Paulo, duke komentuar p\u00ebr fushat\u00ebn m\u00eb t\u00eb mbipopulluar konservatore, duke shtuar se guvernator\u00ebt kan\u00eb pak shanse p\u00ebr t\u00eb tejkaluar Bolsonaro-n.<\/span><\/p>\n<p><span style=\"color: #000000;\">T\u00eb h\u00ebn\u00ebn, Caiado b\u00ebri nj\u00eb apel t\u00eb drejtp\u00ebrdrejt\u00eb ndaj mb\u00ebshtet\u00ebsve t\u00eb Jair Bolsonaro duke premtuar nj\u00eb amnisti t\u00eb gjer\u00eb p\u00ebr ata t\u00eb d\u00ebnuar p\u00ebr lidhje me tentativ\u00ebn e pu\u00e7it t\u00eb vitit 2023, p\u00ebrfshir\u00eb ish-presidentin, i cili tani po sh\u00ebrben d\u00ebnimin n\u00eb sht\u00ebpi p\u00ebr arsye sh\u00ebndet\u00ebsore.<\/span><\/p>\n<p><span style=\"color: #000000;\">Zema tha p\u00ebr Reuters se do t\u00eb p\u00ebrdor\u00eb rekordin e tij ekzekutiv n\u00eb Minas Gerais dhe pastrin\u00eb e tij n\u00eb nj\u00eb vend t\u00eb goditur nga skandalet e korrupsionit p\u00ebr t\u2019u ofruar votuesve nj\u00eb alternativ\u00eb t\u00eb djatht\u00eb, duke ulur r\u00ebnd\u00ebsin\u00eb e sfid\u00ebs s\u00eb tij t\u00eb v\u00ebshtir\u00eb n\u00eb sondazhet e hershme.<\/span><\/p>\n<p><span style=\"color: #000000;\">Flavio Bolsonaro, i cili ka qen\u00eb ligjv\u00ebn\u00ebs n\u00eb shtetin e Rio de Janeiro para se fushata e t\u00eb atit n\u00eb 2018 ta ndihmonte t\u00eb fitonte nj\u00eb vend n\u00eb Senat, ka dh\u00ebn\u00eb pak detaje mbi propozimet e tij ekonomike, duke premtuar uljen e taksave dhe shpenzimeve, nd\u00ebrkoh\u00eb q\u00eb p\u00ebrmir\u00ebson ambientin p\u00ebr biznes.<\/span><\/p>\n<p><span style=\"color: #000000;\">Ndihm\u00ebsit e tij than\u00eb se momentumi n\u00eb sondazhe duhet t\u00eb ndihmoj\u00eb p\u00ebr t\u00eb t\u00ebrhequr m\u00eb shum\u00eb interes nga an\u00ebtar\u00ebt potencial\u00eb t\u00eb kabinetit.<\/span><\/p>\n<p><span style=\"color: #000000;\">Burime pran\u00eb Bolsonaro than\u00eb se fushata e tij ka b\u00ebr\u00eb kontakt informal me k\u00ebshilltar\u00eb t\u00eb mundsh\u00ebm, p\u00ebrfshir\u00eb ish-Sekretarin e Thesarit Mansueto AlmeidaRoberto Campos Neto, shkruan <a style=\"color: #000000;\" href=\"https:\/\/www.reuters.com\/world\/americas\/stronger-polls-buy-flavio-bolsonaro-time-economic-team-brazil-race-heats-up-2026-04-01\/\">Reuters<\/a>.<\/span><\/p>\n","protected":false,"gt_translate_keys":[{"key":"rendered","format":"html"}]},"excerpt":{"rendered":"<p>Rritja e mb\u00ebshtetjes publike p\u00ebr kandidatur\u00ebn presidenciale t\u00eb senatorit opozitar brazilian Flavio Bolsonaro i ka mund\u00ebsuar atij t\u00eb shtyj\u00eb em\u00ebrimin e k\u00ebshilltar\u00ebve kryesor\u00eb ekonomik\u00eb, than\u00eb ndihm\u00ebsit e tij, edhe pse rival\u00ebt e djatht\u00eb po hyjn\u00eb n\u00eb gar\u00eb p\u00ebr zgjedhjet e tetorit. Q\u00eb nga shpallja e kandidatur\u00ebs vitin e kaluar, senatori ka kaluar shumic\u00ebn e koh\u00ebs [&hellip;]<\/p>\n","protected":false,"gt_translate_keys":[{"key":"rendered","format":"html"}]},"author":51,"featured_media":794021,"comment_status":"closed","ping_status":"open","sticky":false,"template":"","format":"standard","meta":{"footnotes":""},"categories":[53],"tags":[],"class_list":["post-794020","post","type-post","status-publish","format-standard","has-post-thumbnail","hentry","category-fast-foodi"],"gt_translate_keys":[{"key":"link","format":"url"}],"_links":{"self":[{"href":"https:\/\/www.hashtag.al\/index.php\/wp-json\/wp\/v2\/posts\/794020","targetHints":{"allow":["GET"]}}],"collection":[{"href":"https:\/\/www.hashtag.al\/index.php\/wp-json\/wp\/v2\/posts"}],"about":[{"href":"https:\/\/www.hashtag.al\/index.php\/wp-json\/wp\/v2\/types\/post"}],"author":[{"embeddable":true,"href":"https:\/\/www.hashtag.al\/index.php\/wp-json\/wp\/v2\/users\/51"}],"replies":[{"embeddable":true,"href":"https:\/\/www.hashtag.al\/index.php\/wp-json\/wp\/v2\/comments?post=794020"}],"version-history":[{"count":99999,"href":"https:\/\/www.hashtag.al\/index.php\/wp-json\/wp\/v2\/posts\/794020\/revisions"}],"predecessor-version":[{"id":794023,"href":"https:\/\/www.hashtag.al\/index.php\/wp-json\/wp\/v2\/posts\/794020\/revisions\/794023"}],"wp:featuredmedia":[{"embeddable":true,"href":"https:\/\/www.hashtag.al\/index.php\/wp-json\/wp\/v2\/media\/794021"}],"wp:attachment":[{"href":"https:\/\/www.hashtag.al\/index.php\/wp-json\/wp\/v2\/media?parent=794020"}],"wp:term":[{"taxonomy":"category","embeddable":true,"href":"https:\/\/www.hashtag.al\/index.php\/wp-json\/wp\/v2\/categories?post=794020"},{"taxonomy":"post_tag","embeddable":true,"href":"https:\/\/www.hashtag.al\/index.php\/wp-json\/wp\/v2\/tags?post=794020"}],"curies":[{"name":"wp","href":"https:\/\/api.w.org\/{rel}","templated":true}]}}