{"id":793808,"date":"2026-03-31T21:21:26","date_gmt":"2026-03-31T19:21:26","guid":{"rendered":"https:\/\/www.hashtag.al\/?p=793808"},"modified":"2026-03-31T21:21:26","modified_gmt":"2026-03-31T19:21:26","slug":"ish-shtepia-e-maradones-shnderrohet-ne-nje-kuzhine-popullore-ne-argjentine","status":"publish","type":"post","link":"https:\/\/www.hashtag.al\/index.php\/2026\/03\/31\/ish-shtepia-e-maradones-shnderrohet-ne-nje-kuzhine-popullore-ne-argjentine\/","title":{"rendered":"Ish-sht\u00ebpia e Maradon\u00ebs shnd\u00ebrrohet n\u00eb nj\u00eb kuzhin\u00eb popullore n\u00eb Argjentin\u00eb","gt_translate_keys":[{"key":"rendered","format":"text"}]},"content":{"rendered":"<p><img loading=\"lazy\" decoding=\"async\" class=\"aligncenter size-full wp-image-793809\" src=\"https:\/\/www.hashtag.al\/wp-content\/uploads\/2026\/03\/3N66B265ZZLTXPU5FJSTPWDMMI.jpg\" alt=\"\" width=\"960\" height=\"625\" srcset=\"https:\/\/www.hashtag.al\/wp-content\/uploads\/2026\/03\/3N66B265ZZLTXPU5FJSTPWDMMI.jpg 960w, https:\/\/www.hashtag.al\/wp-content\/uploads\/2026\/03\/3N66B265ZZLTXPU5FJSTPWDMMI-300x195.jpg 300w, https:\/\/www.hashtag.al\/wp-content\/uploads\/2026\/03\/3N66B265ZZLTXPU5FJSTPWDMMI-768x500.jpg 768w\" sizes=\"auto, (max-width: 960px) 100vw, 960px\" \/><\/p>\n<p><span style=\"color: #000000;\">\u00c7do jav\u00eb, qindra njer\u00ebz rreshtohen p\u00ebr t\u00eb mbushur nj\u00eb en\u00eb plastike me ushqim n\u00eb nj\u00eb vend t\u00eb pazakont\u00eb: sht\u00ebpin\u00eb modeste ku lindi legjenda argjentinase e futbollit, Diego Armando Maradona.<\/span><\/p>\n<p><span style=\"color: #000000;\">Sht\u00ebpia n\u00eb Villa Fiorito, nj\u00eb lagje e varf\u00ebr n\u00eb periferi t\u00eb Buenos Aires, nuk i p\u00ebrket m\u00eb familjes s\u00eb Maradon\u00ebs, i cili vdiq n\u00eb vitin 2020 pas nj\u00eb ataku kardiak, por gjat\u00eb muajit t\u00eb fundit, pronari i saj i tanish\u00ebm ka huazuar oborrin e saj p\u00ebr nj\u00eb grup vullnetar\u00ebsh q\u00eb ndezin nj\u00eb skar\u00eb dhe gatuajn\u00eb p\u00ebr fqinj\u00ebt.<\/span><\/p>\n<p><span style=\"color: #000000;\">T\u00eb enjten e kaluar, Maria Torres p\u00ebrziente nj\u00eb gjell\u00eb n\u00eb dy tenxhere t\u00eb m\u00ebdha nd\u00ebrsa disa t\u00eb tjer\u00eb q\u00ebronin patate dhe prisnin copa pule.<\/span><\/p>\n<p><span style=\"color: #000000;\">Varf\u00ebria ka pasur nj\u00eb tendenc\u00eb r\u00ebn\u00ebse n\u00eb Argjentin\u00eb, me statistikat zyrtare q\u00eb tregojn\u00eb se ajo ka r\u00ebn\u00eb n\u00eb 31.6% n\u00eb gjysm\u00ebn e par\u00eb t\u00eb vitit 2025 nga 52.9% n\u00eb gjysm\u00ebn e par\u00eb t\u00eb vitit 2024, kur Presidenti Javier Milei zhvler\u00ebsoi ndjesh\u00ebm peson dhe inflacioni u rrit tej mase. Shifrat p\u00ebr gjysm\u00ebn e dyt\u00eb t\u00eb vitit 2025 do t\u00eb publikohen t\u00eb mart\u00ebn.<\/span><\/p>\n<p><img loading=\"lazy\" decoding=\"async\" class=\"aligncenter size-full wp-image-793810\" src=\"https:\/\/www.hashtag.al\/wp-content\/uploads\/2026\/03\/WQK4MGBU35NYFPBISL2JGQT7FM.jpg\" alt=\"\" width=\"960\" height=\"613\" srcset=\"https:\/\/www.hashtag.al\/wp-content\/uploads\/2026\/03\/WQK4MGBU35NYFPBISL2JGQT7FM.jpg 960w, https:\/\/www.hashtag.al\/wp-content\/uploads\/2026\/03\/WQK4MGBU35NYFPBISL2JGQT7FM-300x192.jpg 300w, https:\/\/www.hashtag.al\/wp-content\/uploads\/2026\/03\/WQK4MGBU35NYFPBISL2JGQT7FM-768x490.jpg 768w\" sizes=\"auto, (max-width: 960px) 100vw, 960px\" \/><\/p>\n<p><span style=\"color: #000000;\">Nd\u00ebrkoh\u00eb q\u00eb ka pasur nj\u00eb &#8220;r\u00ebnie shum\u00eb t\u00eb r\u00ebnd\u00ebsishme&#8221; t\u00eb varf\u00ebris\u00eb, Argjentina duhet t\u00eb shoh\u00eb m\u00eb shum\u00eb rritje t\u00eb PBB-s\u00eb n\u00eb sektor\u00ebt me intensitet t\u00eb lart\u00eb pune, si minierat, n\u00eb dallim nga sektor\u00ebt me intensitet kapitali, si bujq\u00ebsia, tha Eduardo Donza, nj\u00eb sociolog n\u00eb Universitetin Katolik t\u00eb Argjentin\u00ebs.<\/span><\/p>\n<p><span style=\"color: #000000;\">R\u00ebnia e shkall\u00ebs s\u00eb varf\u00ebris\u00eb ka pasuar nj\u00eb r\u00ebnie substanciale t\u00eb inflacionit mujor, nga dyshifror kur Milei mori detyr\u00ebn n\u00eb 2.9% n\u00eb shkurt.<\/span><\/p>\n<p><span style=\"color: #000000;\">Megjithat\u00eb, masat shtr\u00ebnguese t\u00eb Mileit kan\u00eb zvog\u00ebluar ndjesh\u00ebm fuqin\u00eb pun\u00ebtore n\u00eb sektorin publik dhe shum\u00eb thon\u00eb se kan\u00eb humbur fuqin\u00eb bler\u00ebse pasi qeveria ka shkurtuar subvencionet e transportit dhe energjis\u00eb.<\/span><\/p>\n<p><span style=\"color: #000000;\">Leonardo Fabian Alvarez, nj\u00eb pastor q\u00eb drejton kuzhin\u00ebn popullore t\u00eb improvizuar, tha se ka par\u00eb k\u00ebrkes\u00ebn p\u00ebr ushqim n\u00eb Villa Fiorito dhe lagje t\u00eb tjera t\u00eb rritet nd\u00ebrsa fabrikat e vogla jan\u00eb mbyllur. \u00c7rregullimi (deregulimi) dhe nj\u00eb peso m\u00eb e fort\u00eb kan\u00eb \u00e7uar n\u00eb importe m\u00eb t\u00eb lira n\u00ebn drejtimin e Mileit.<\/span><\/p>\n<p><span style=\"color: #000000;\">&#8220;Njer\u00ebzit natyrisht humb\u00ebn pun\u00ebt e tyre,&#8221; tha ai, duke shtuar se &#8220;ata vijn\u00eb n\u00eb radh\u00eb, marrin ushqimin, marrin at\u00eb q\u00eb u japim ne.&#8221;<\/span><\/p>\n<p><span style=\"color: #000000;\">Argjentina e shpalli sht\u00ebpin\u00eb e Maradon\u00ebs nj\u00eb vend historik komb\u00ebtar n\u00eb vitin 2021, shkruan <a href=\"https:\/\/www.reuters.com\/sports\/soccer\/maradonas-former-home-is-transformed-into-soup-kitchen-argentina-2026-03-31\/\">Reuters<\/a>.<\/span><\/p>\n","protected":false,"gt_translate_keys":[{"key":"rendered","format":"html"}]},"excerpt":{"rendered":"<p>\u00c7do jav\u00eb, qindra njer\u00ebz rreshtohen p\u00ebr t\u00eb mbushur nj\u00eb en\u00eb plastike me ushqim n\u00eb nj\u00eb vend t\u00eb pazakont\u00eb: sht\u00ebpin\u00eb modeste ku lindi legjenda argjentinase e futbollit, Diego Armando Maradona. Sht\u00ebpia n\u00eb Villa Fiorito, nj\u00eb lagje e varf\u00ebr n\u00eb periferi t\u00eb Buenos Aires, nuk i p\u00ebrket m\u00eb familjes s\u00eb Maradon\u00ebs, i cili vdiq n\u00eb vitin 2020 [&hellip;]<\/p>\n","protected":false,"gt_translate_keys":[{"key":"rendered","format":"html"}]},"author":51,"featured_media":793809,"comment_status":"closed","ping_status":"open","sticky":false,"template":"","format":"standard","meta":{"footnotes":""},"categories":[53],"tags":[],"class_list":["post-793808","post","type-post","status-publish","format-standard","has-post-thumbnail","hentry","category-fast-foodi"],"gt_translate_keys":[{"key":"link","format":"url"}],"_links":{"self":[{"href":"https:\/\/www.hashtag.al\/index.php\/wp-json\/wp\/v2\/posts\/793808","targetHints":{"allow":["GET"]}}],"collection":[{"href":"https:\/\/www.hashtag.al\/index.php\/wp-json\/wp\/v2\/posts"}],"about":[{"href":"https:\/\/www.hashtag.al\/index.php\/wp-json\/wp\/v2\/types\/post"}],"author":[{"embeddable":true,"href":"https:\/\/www.hashtag.al\/index.php\/wp-json\/wp\/v2\/users\/51"}],"replies":[{"embeddable":true,"href":"https:\/\/www.hashtag.al\/index.php\/wp-json\/wp\/v2\/comments?post=793808"}],"version-history":[{"count":99999,"href":"https:\/\/www.hashtag.al\/index.php\/wp-json\/wp\/v2\/posts\/793808\/revisions"}],"predecessor-version":[{"id":793811,"href":"https:\/\/www.hashtag.al\/index.php\/wp-json\/wp\/v2\/posts\/793808\/revisions\/793811"}],"wp:featuredmedia":[{"embeddable":true,"href":"https:\/\/www.hashtag.al\/index.php\/wp-json\/wp\/v2\/media\/793809"}],"wp:attachment":[{"href":"https:\/\/www.hashtag.al\/index.php\/wp-json\/wp\/v2\/media?parent=793808"}],"wp:term":[{"taxonomy":"category","embeddable":true,"href":"https:\/\/www.hashtag.al\/index.php\/wp-json\/wp\/v2\/categories?post=793808"},{"taxonomy":"post_tag","embeddable":true,"href":"https:\/\/www.hashtag.al\/index.php\/wp-json\/wp\/v2\/tags?post=793808"}],"curies":[{"name":"wp","href":"https:\/\/api.w.org\/{rel}","templated":true}]}}