{"id":793623,"date":"2026-03-30T17:40:20","date_gmt":"2026-03-30T15:40:20","guid":{"rendered":"https:\/\/www.hashtag.al\/?p=793623"},"modified":"2026-03-30T17:40:20","modified_gmt":"2026-03-30T15:40:20","slug":"bardhi-negociatat-kane-ngecur-rama-po-mbron-korrupsionin","status":"publish","type":"post","link":"https:\/\/www.hashtag.al\/index.php\/2026\/03\/30\/bardhi-negociatat-kane-ngecur-rama-po-mbron-korrupsionin\/","title":{"rendered":"Bardhi: Negociatat kan\u00eb ngecur, Rama po mbron korrupsionin","gt_translate_keys":[{"key":"rendered","format":"text"}]},"content":{"rendered":"<p><span style=\"color: #000000;\"><a href=\"https:\/\/www.hashtag.al\/index.php\/2026\/03\/10\/maska-e-rames-ra-1-1-mld-euro-abuzim-bardhi\/bardhi-3-600x306\/\" rel=\"attachment wp-att-790303\"><img loading=\"lazy\" decoding=\"async\" class=\"alignnone size-full wp-image-790303\" src=\"https:\/\/www.hashtag.al\/wp-content\/uploads\/2026\/03\/bardhi-3-600x306-1-e1773140381315.jpg\" alt=\"\" width=\"508\" height=\"302\" srcset=\"https:\/\/www.hashtag.al\/wp-content\/uploads\/2026\/03\/bardhi-3-600x306-1-e1773140381315.jpg 508w, https:\/\/www.hashtag.al\/wp-content\/uploads\/2026\/03\/bardhi-3-600x306-1-e1773140381315-300x178.jpg 300w\" sizes=\"auto, (max-width: 508px) 100vw, 508px\" \/><\/a><\/span><\/p>\n<p><span style=\"color: #000000;\">Kryetari i Grupit Parlamentar t\u00eb Partis\u00eb Demokratike, Gazment Bardhi, ka akuzuar kryeministrin Edi Rama se po bllokon negociatat e Shqip\u00ebris\u00eb me Bashkimi Europian, duke mbrojtur korrupsionin.<\/span><\/p>\n<p><span style=\"color: #000000;\">N\u00eb nj\u00eb reagim n\u00eb rrjetet sociale, Bardhi deklaroi se procesi i integrimit ka ngecur pasi, sipas tij, qeveria ka zgjedhur t\u00eb mbroj\u00eb figura t\u00eb p\u00ebrfshira n\u00eb afera korruptive, duke p\u00ebrmendur rastin e Belinda Balluku.<\/span><\/p>\n<p><span style=\"color: #000000;\">Ai theksoi se mungesa e miratimit nga vendet an\u00ebtare t\u00eb BE-s\u00eb p\u00ebr ecurin\u00eb e reformave pengon mbylljen e kapitujve t\u00eb negociatave.<\/span><\/p>\n<p><span style=\"color: #000000;\"><em>\u201cNegociatat kan\u00eb ngecur, sepse Edi Rama ka zgjedhur t\u00eb mbroj\u00eb korrupsionin,\u201d<\/em> u shpreh Bardhi, duke shtuar se pa besimin e vendeve an\u00ebtare, Shqip\u00ebria nuk mund t\u00eb avancoj\u00eb drejt an\u00ebtar\u00ebsimit.<\/span><\/p>\n<p><span style=\"color: #000000;\">Bardhi ngriti edhe dy pyetje publike ndaj kryeministrit:<\/span><\/p>\n<p><span style=\"color: #000000;\"><em>\u201cA ka lidhje ngecja e negociatave me mbrojtjen personale q\u00eb Edi Rama i b\u00ebri Belinda Ballukut, duke zvarritur dhe penguar drejt\u00ebsin\u00eb t\u00eb hetoj\u00eb korrupsionin n\u00eb paradhom\u00ebn e tij?\u201d<\/em><\/span><\/p>\n<p><span style=\"color: #000000;\"><em>\u201cA ka lidhje ngecja e negociatave me presionin e kryeministrit ndaj drejt\u00ebsis\u00eb dhe nismat e tij p\u00ebr t\u00eb ndaluar hetimet?\u201d<\/em><\/span><\/p>\n<p><span style=\"color: #000000;\">Sipas tij, an\u00ebtar\u00ebsimi n\u00eb BE nuk \u00ebsht\u00eb vet\u00ebm \u00e7\u00ebshtje reformash n\u00eb let\u00ebr, por k\u00ebrkon zbatim real dhe besim mes pal\u00ebve.<\/span><\/p>\n<p><span style=\"color: #000000;\"><em>\u201cBesimi nuk nd\u00ebrtohet duke penguar hetimin e korrupsionit me vot\u00ebn e mazhoranc\u00ebs n\u00eb Parlament,\u201d<\/em> theksoi Bardhi, duke shtuar se p\u00ebrgjegj\u00ebsia p\u00ebr situat\u00ebn aktuale bie mbi qeverin\u00eb.<\/span><\/p>\n<p>&nbsp;<\/p>\n<p><strong>Postimi i plot\u00eb:<\/strong><\/p>\n<p><em>E V\u00cbRTETA Q\u00cb EDI RAMA FSHEH P\u00cbR NEGOCIATAT<\/em><\/p>\n<p><em>Edi Rama dhe kryenegociatorja fol\u00ebn sot gjat\u00eb p\u00ebr negociatat, por nuk p\u00ebrmend\u00ebn askund t\u00eb v\u00ebrtet\u00ebn e madhe: negociatat kan\u00eb ngecur, sepse Edi Rama ka zgjedhur t\u00eb mbroj\u00eb korrupsionin.<\/em><\/p>\n<p><em>Nga vendet an\u00ebtare akoma nuk ka asnj\u00eb vendim q\u00eb t\u00eb miratoj\u00eb ecurin\u00eb e deritanishme t\u00eb reformave dhe, pa k\u00ebt\u00eb miratim, ne nuk mbyllim dot asnj\u00eb kapitull dhe jo m\u00eb t\u00eb realizojm\u00eb ambicien p\u00ebr t\u2019u an\u00ebtar\u00ebsuar brenda 4 viteve t\u00eb ardhshme, si\u00e7 ka premtuar Kryeministri.<\/em><\/p>\n<p><em>Sot Edi Ram\u00ebs nuk i takonte t\u00eb sillej si drejtor drejtorie i Ministris\u00eb s\u00eb Bujq\u00ebsis\u00eb. As t\u00eb fshihej pas pun\u00ebs teknike t\u00eb kryenegociatores. Apo akoma m\u00eb keq, t\u00eb linte p\u00ebrgjegj\u00ebsin\u00eb e \u201csqarimit\u201d t\u00eb vendeve an\u00ebtare tek tre ministra t\u00eb tij.<\/em><\/p>\n<p><em>Edi Rama duhej t\u00eb sillej si kryeminist\u00ebr dhe t\u2019u thoshte shqiptar\u00ebve pse Mali i Zi po p\u00ebrparon shpejt me negociatat e an\u00ebtar\u00ebsimit, nd\u00ebrsa Shqip\u00ebria ka mbetur n\u00eb vendnum\u00ebro.<\/em><\/p>\n<p><em>Edi Rama duhet t\u2019u jap\u00eb p\u00ebrgjigje dy pyetjeve t\u00eb thjeshta:<\/em><\/p>\n<p><em>A ka lidhje ngecja e negociatave me mbrojtjen personale q\u00eb Edi Rama i b\u00ebri Belinda Ballukut, duke zvarritur dhe duke penguar drejt\u00ebsin\u00eb t\u00eb hetoj\u00eb korrupsionin n\u00eb paradhom\u00ebn e tij?<\/em><\/p>\n<p><em>A ka lidhje ngecja e negociatave me presionin e kryeministrit ndaj drejt\u00ebsis\u00eb dhe nismat e tij antidemokratike p\u00ebr t\u00eb ndaluar drejt\u00ebsin\u00eb t\u00eb shkoj\u00eb deri tek kryeministri?<\/em><\/p>\n<p><em>An\u00ebtar\u00ebsimi n\u00eb BE nuk \u00ebsht\u00eb \u00e7\u00ebshtje procedurash teknike. Nuk \u00ebsht\u00eb \u00e7\u00ebshtje reformash n\u00eb let\u00ebr. \u00cbsht\u00eb \u00e7\u00ebshtje e zbatimit t\u00eb reformave dhe e besimit mes pal\u00ebve. E sigurt \u00ebsht\u00eb se besimi nuk nd\u00ebrtohet duke penguar hetimin e korrupsionit me vot\u00ebn e mazhoranc\u00ebs n\u00eb Parlament.<\/em><\/p>\n<p><em>Rasti i Belinda Ballukut e ka nxjerr\u00eb krejt zbuluar Edi Ram\u00ebn. Kur ai duhet t\u00eb zgjidhte Europ\u00ebn, kryeministri n\u00ebn shantazh zgjodhi t\u00eb mbroj\u00eb veten!<\/em><\/p>\n<p><em>N\u00ebse nes\u00ebr do t\u00eb d\u00ebgjoni nga Edi Rama ose vart\u00ebsit e tij se problemi \u00ebsht\u00eb Europa, mos u besoni!<\/em><\/p>\n<p><em>Problemi i v\u00ebrtet\u00eb i Shqip\u00ebris\u00eb \u00ebsht\u00eb Edi Rama!<\/em><\/p>\n","protected":false,"gt_translate_keys":[{"key":"rendered","format":"html"}]},"excerpt":{"rendered":"<p>Kryetari i Grupit Parlamentar t\u00eb Partis\u00eb Demokratike, Gazment Bardhi, ka akuzuar kryeministrin Edi Rama se po bllokon negociatat e Shqip\u00ebris\u00eb me Bashkimi Europian, duke mbrojtur korrupsionin. N\u00eb nj\u00eb reagim n\u00eb rrjetet sociale, Bardhi deklaroi se procesi i integrimit ka ngecur pasi, sipas tij, qeveria ka zgjedhur t\u00eb mbroj\u00eb figura t\u00eb p\u00ebrfshira n\u00eb afera korruptive, duke [&hellip;]<\/p>\n","protected":false,"gt_translate_keys":[{"key":"rendered","format":"html"}]},"author":32,"featured_media":790303,"comment_status":"closed","ping_status":"open","sticky":false,"template":"","format":"standard","meta":{"footnotes":""},"categories":[65],"tags":[],"class_list":["post-793623","post","type-post","status-publish","format-standard","has-post-thumbnail","hentry","category-lajme"],"gt_translate_keys":[{"key":"link","format":"url"}],"_links":{"self":[{"href":"https:\/\/www.hashtag.al\/index.php\/wp-json\/wp\/v2\/posts\/793623","targetHints":{"allow":["GET"]}}],"collection":[{"href":"https:\/\/www.hashtag.al\/index.php\/wp-json\/wp\/v2\/posts"}],"about":[{"href":"https:\/\/www.hashtag.al\/index.php\/wp-json\/wp\/v2\/types\/post"}],"author":[{"embeddable":true,"href":"https:\/\/www.hashtag.al\/index.php\/wp-json\/wp\/v2\/users\/32"}],"replies":[{"embeddable":true,"href":"https:\/\/www.hashtag.al\/index.php\/wp-json\/wp\/v2\/comments?post=793623"}],"version-history":[{"count":99999,"href":"https:\/\/www.hashtag.al\/index.php\/wp-json\/wp\/v2\/posts\/793623\/revisions"}],"predecessor-version":[{"id":793624,"href":"https:\/\/www.hashtag.al\/index.php\/wp-json\/wp\/v2\/posts\/793623\/revisions\/793624"}],"wp:featuredmedia":[{"embeddable":true,"href":"https:\/\/www.hashtag.al\/index.php\/wp-json\/wp\/v2\/media\/790303"}],"wp:attachment":[{"href":"https:\/\/www.hashtag.al\/index.php\/wp-json\/wp\/v2\/media?parent=793623"}],"wp:term":[{"taxonomy":"category","embeddable":true,"href":"https:\/\/www.hashtag.al\/index.php\/wp-json\/wp\/v2\/categories?post=793623"},{"taxonomy":"post_tag","embeddable":true,"href":"https:\/\/www.hashtag.al\/index.php\/wp-json\/wp\/v2\/tags?post=793623"}],"curies":[{"name":"wp","href":"https:\/\/api.w.org\/{rel}","templated":true}]}}