{"id":793603,"date":"2026-03-30T15:28:05","date_gmt":"2026-03-30T13:28:05","guid":{"rendered":"https:\/\/www.hashtag.al\/?p=793603"},"modified":"2026-03-30T15:28:05","modified_gmt":"2026-03-30T13:28:05","slug":"berisha-mesazh-tradhtareve-te-pd-se-kush-eshte-ne-sherbim-te-ps-sdo-te-jete-ne-gjirin-tone","status":"publish","type":"post","link":"https:\/\/www.hashtag.al\/index.php\/2026\/03\/30\/berisha-mesazh-tradhtareve-te-pd-se-kush-eshte-ne-sherbim-te-ps-sdo-te-jete-ne-gjirin-tone\/","title":{"rendered":"Berisha mesazh \u2018tradhtar\u00ebve\u2019 t\u00eb PD-s\u00eb: Kush \u00ebsht\u00eb n\u00eb sh\u00ebrbim t\u00eb PS, s\u2019do t\u00eb jet\u00eb n\u00eb gjirin ton\u00eb","gt_translate_keys":[{"key":"rendered","format":"text"}]},"content":{"rendered":"<p><span style=\"color: #000000;\"><a href=\"https:\/\/www.hashtag.al\/index.php\/2026\/03\/13\/rama-protagonist-i-aferave-korruptive-12-miliarde-euro-te-shpenzuara-ne-infrastrukture-skane-rezistuar\/berisha2-79\/\" rel=\"attachment wp-att-790950\"><img loading=\"lazy\" decoding=\"async\" class=\"alignnone size-full wp-image-790950\" src=\"https:\/\/www.hashtag.al\/wp-content\/uploads\/2026\/03\/berisha2.jpg\" alt=\"\" width=\"877\" height=\"560\" srcset=\"https:\/\/www.hashtag.al\/wp-content\/uploads\/2026\/03\/berisha2.jpg 877w, https:\/\/www.hashtag.al\/wp-content\/uploads\/2026\/03\/berisha2-300x192.jpg 300w, https:\/\/www.hashtag.al\/wp-content\/uploads\/2026\/03\/berisha2-768x490.jpg 768w\" sizes=\"auto, (max-width: 877px) 100vw, 877px\" \/><\/a><\/span><\/p>\n<p><span style=\"color: #000000;\">Kreu i Partia Demokratike, Sali Berisha, ka mbajtur nj\u00eb q\u00ebndrim t\u00eb ashp\u00ebr ndaj atyre q\u00eb i cil\u00ebsoi si \u201ctradhtar\u00eb\u201d brenda forc\u00ebs politike, gjat\u00eb nj\u00eb mbledhjeje me drejtuesit dhe koordinator\u00ebt politik\u00eb.<\/span><\/p>\n<p><span style=\"color: #000000;\">Lideri demokrat u ndal te individ\u00eb brenda partis\u00eb q\u00eb, sipas tij, kan\u00eb bashk\u00ebpunuar me kund\u00ebrshtar\u00ebt politik\u00eb.<\/span><\/p>\n<p><span style=\"color: #000000;\">Ai p\u00ebrmendi raste konkrete t\u00eb mb\u00ebshtetjes s\u00eb kandidat\u00ebve t\u00eb tjer\u00eb apo votimit t\u00eb vendimeve t\u00eb maxhoranc\u00ebs, duke theksuar se persona t\u00eb till\u00eb nuk kan\u00eb vend n\u00eb radh\u00ebt e PD-s\u00eb.<\/span><\/p>\n<p><span style=\"color: #000000;\"><em>\u201cMos t\u00eb mendoj\u00eb askush se duke i sh\u00ebrbyer socialist\u00ebve do t\u00eb jet\u00eb pjes\u00eb e jona. Ka njer\u00ebz q\u00eb shiten dhe b\u00ebjn\u00eb pazare, por demokrat\u00ebt jan\u00eb m\u00eb t\u00eb fort\u00eb,\u201d<\/em> deklaroi Berisha.<\/span><\/p>\n<p><span style=\"color: #000000;\">Ai b\u00ebri thirrje p\u00ebr rritje t\u00eb an\u00ebtar\u00ebsimeve dhe p\u00ebr bashkim t\u00eb t\u00eb gjith\u00eb qytetar\u00ebve q\u00eb nuk pajtohen me situat\u00ebn aktuale, duke shtuar se Partia Demokratike \u00ebsht\u00eb n\u00eb faz\u00ebn p\u00ebrfundimtare t\u00eb betej\u00ebs s\u00eb saj politike.<\/span><\/p>\n<p><span style=\"color: #000000;\">N\u00eb fjal\u00ebn e tij, Berisha theksoi r\u00ebnd\u00ebsin\u00eb e organizimit dhe pajisjes s\u00eb an\u00ebtar\u00ebsis\u00eb me dokumentacionin p\u00ebrkat\u00ebs, duke k\u00ebrkuar kontroll t\u00eb plot\u00eb t\u00eb procesit. Ai n\u00ebnvizoi se opozita duhet t\u00eb b\u00ebj\u00eb gjith\u00e7ka p\u00ebr t\u2019u d\u00ebgjuar, si nga qytetar\u00ebt, ashtu edhe nga faktori nd\u00ebrkomb\u00ebtar.<\/span><\/p>\n<p><span style=\"color: #000000;\">Sipas tij, rruga kryesore mbetet protesta dhe revolta qytetare.<\/span><\/p>\n<p><span style=\"color: #000000;\"><em>\u201cP\u00ebr t\u2019u d\u00ebgjuar kemi vet\u00ebm nj\u00eb rrug\u00eb: protest\u00ebn dhe revolt\u00ebn, t\u00eb cilat kan\u00eb dh\u00ebn\u00eb efekte pozitive,\u201d<\/em> u shpreh ai, duke akuzuar kryeministrin Edi Rama p\u00ebr vendime q\u00eb, sipas tij, \u201ckan\u00eb posht\u00ebruar qytetar\u00ebt\u201d.<\/span><\/p>\n<p><span style=\"color: #000000;\">Berisha ngriti shqet\u00ebsimin p\u00ebr perceptimin e korrupsionit, duke th\u00ebn\u00eb se po tentohet t\u00eb paraqitet si pjes\u00eb e kultur\u00ebs shqiptare.<\/span><\/p>\n<p><span style=\"color: #000000;\">Ai p\u00ebrmendi edhe \u00e7\u00ebshtjen e mosheqjes s\u00eb imunitetit p\u00ebr Belinda Balluku, si shembull i munges\u00ebs s\u00eb llogaridh\u00ebnies.<\/span><\/p>\n<p><span style=\"color: #000000;\"><em>\u201cN\u00eb mbledhjen paraprake diskutuam me ju p\u00ebr shp\u00ebrndarjen e dokumenteve. Duhet t\u00eb kontrolloni k\u00ebt\u00eb proces, n\u00eb m\u00ebnyr\u00eb q\u00eb an\u00ebtar\u00ebsia t\u00eb pajiset me dokumente. Opozita duhet t\u00eb b\u00ebj\u00eb gjith\u00e7ka q\u00eb t\u00eb d\u00ebgjohet. Ne p\u00ebr t\u2019u d\u00ebgjuar para qytetar\u00ebve dhe nd\u00ebrkomb\u00ebtar\u00ebve, kemi vet\u00ebm nj\u00eb rrug\u00eb, protest\u00ebn dhe revolt\u00ebn. Protestat, revoltat, kan\u00eb patur efekte pozitive. Edi Rama mori vendimet e veta me t\u00eb cilat ai sfidoi shqiptar\u00ebt, i posht\u00ebroi ata. Arrihet n\u00eb nivele t\u00eb larta, t\u00eb vihet n\u00eb dyshim vullneti yn\u00eb, ndjeshm\u00ebria ndaj korrupsionit. Shkohet deri aty sa ta paraqesin si kultur\u00eb t\u00eb shqiptarit. Pse? Pasi Edi Rama nuk i heq imunitetin Belinda Ballukut. Duhet t\u00eb d\u00ebgjohemi fort\u00eb, t\u00eb vazhdojm\u00eb betej\u00ebn ton\u00eb, gjer n\u00eb realizimin e misionit q\u00eb kemi. An\u00ebtar\u00ebsimet duhet t\u00eb jen\u00eb motoja e k\u00ebtij procesi. Mir\u00ebpresim \u00e7do vler\u00eb, t\u00eb gjith\u00eb qytetar\u00ebt q\u00eb nuk pajtohen me k\u00ebt\u00eb situat\u00eb. Asnj\u00eb ndikim, p\u00ebrve\u00e7se pozitiv, kan\u00eb momentet e largimit t\u00eb atyre q\u00eb n\u00eb fushat\u00eb elektorale kan\u00eb tradhtuar idealet e demokrat\u00ebve dhe kan\u00eb punuar p\u00ebr mazhoranc\u00ebn e krimit. Mos t\u00eb mendoj\u00eb njeri se n\u00eb sh\u00ebrbim t\u00eb socialist\u00ebve do t\u00eb ndodhet n\u00eb gjirin ton\u00eb, jo! Zonja q\u00eb deri dje ishte e nderuar, b\u00ebn fushat\u00eb p\u00ebr kandidatin e Tom Doshit, pastaj ankohet para mediave se; m\u00eb hoq\u00ebn nga lista! Jo zonj\u00eb ike vet\u00eb. Apo tjetri q\u00eb votoi p\u00ebr buxhetin e Sakos dhe pastaj b\u00ebrtet; m\u00eb nd\u00ebshkuan se prita at\u00eb apo at\u00eb. Nuk impresionohemi ne. Ka nj\u00eb grup njer\u00ebzisht q\u00eb shkelen, blihen dhe b\u00ebjn\u00eb pazare, por demokrat\u00ebt jan\u00eb m\u00eb t\u00eb fuqish\u00ebm. N\u00ebse para ca koh\u00ebsh kishim problematika, sot jemi n\u00eb km e fundit. Asnj\u00eb, asgj\u00eb nuk na ndal ne pa p\u00ebrmbushur misionin ton\u00eb.\u201d,<\/em> tha Berisha.<\/span><\/p>\n","protected":false,"gt_translate_keys":[{"key":"rendered","format":"html"}]},"excerpt":{"rendered":"<p>Kreu i Partia Demokratike, Sali Berisha, ka mbajtur nj\u00eb q\u00ebndrim t\u00eb ashp\u00ebr ndaj atyre q\u00eb i cil\u00ebsoi si \u201ctradhtar\u00eb\u201d brenda forc\u00ebs politike, gjat\u00eb nj\u00eb mbledhjeje me drejtuesit dhe koordinator\u00ebt politik\u00eb. Lideri demokrat u ndal te individ\u00eb brenda partis\u00eb q\u00eb, sipas tij, kan\u00eb bashk\u00ebpunuar me kund\u00ebrshtar\u00ebt politik\u00eb. Ai p\u00ebrmendi raste konkrete t\u00eb mb\u00ebshtetjes s\u00eb kandidat\u00ebve t\u00eb [&hellip;]<\/p>\n","protected":false,"gt_translate_keys":[{"key":"rendered","format":"html"}]},"author":32,"featured_media":790950,"comment_status":"closed","ping_status":"open","sticky":false,"template":"","format":"standard","meta":{"footnotes":""},"categories":[65],"tags":[],"class_list":["post-793603","post","type-post","status-publish","format-standard","has-post-thumbnail","hentry","category-lajme"],"gt_translate_keys":[{"key":"link","format":"url"}],"_links":{"self":[{"href":"https:\/\/www.hashtag.al\/index.php\/wp-json\/wp\/v2\/posts\/793603","targetHints":{"allow":["GET"]}}],"collection":[{"href":"https:\/\/www.hashtag.al\/index.php\/wp-json\/wp\/v2\/posts"}],"about":[{"href":"https:\/\/www.hashtag.al\/index.php\/wp-json\/wp\/v2\/types\/post"}],"author":[{"embeddable":true,"href":"https:\/\/www.hashtag.al\/index.php\/wp-json\/wp\/v2\/users\/32"}],"replies":[{"embeddable":true,"href":"https:\/\/www.hashtag.al\/index.php\/wp-json\/wp\/v2\/comments?post=793603"}],"version-history":[{"count":99999,"href":"https:\/\/www.hashtag.al\/index.php\/wp-json\/wp\/v2\/posts\/793603\/revisions"}],"predecessor-version":[{"id":793604,"href":"https:\/\/www.hashtag.al\/index.php\/wp-json\/wp\/v2\/posts\/793603\/revisions\/793604"}],"wp:featuredmedia":[{"embeddable":true,"href":"https:\/\/www.hashtag.al\/index.php\/wp-json\/wp\/v2\/media\/790950"}],"wp:attachment":[{"href":"https:\/\/www.hashtag.al\/index.php\/wp-json\/wp\/v2\/media?parent=793603"}],"wp:term":[{"taxonomy":"category","embeddable":true,"href":"https:\/\/www.hashtag.al\/index.php\/wp-json\/wp\/v2\/categories?post=793603"},{"taxonomy":"post_tag","embeddable":true,"href":"https:\/\/www.hashtag.al\/index.php\/wp-json\/wp\/v2\/tags?post=793603"}],"curies":[{"name":"wp","href":"https:\/\/api.w.org\/{rel}","templated":true}]}}