{"id":793601,"date":"2026-03-30T14:54:36","date_gmt":"2026-03-30T12:54:36","guid":{"rendered":"https:\/\/www.hashtag.al\/?p=793601"},"modified":"2026-03-30T14:54:36","modified_gmt":"2026-03-30T12:54:36","slug":"kerkoi-lehtesim-te-mases-se-sigurise-gjkko-pranon-kerkesen-e-ajola-xoxes","status":"publish","type":"post","link":"https:\/\/www.hashtag.al\/index.php\/2026\/03\/30\/kerkoi-lehtesim-te-mases-se-sigurise-gjkko-pranon-kerkesen-e-ajola-xoxes\/","title":{"rendered":"K\u00ebrkoi leht\u00ebsim t\u00eb mas\u00ebs s\u00eb siguris\u00eb, GJKKO pranon k\u00ebrkes\u00ebn e Ajola Xox\u00ebs","gt_translate_keys":[{"key":"rendered","format":"text"}]},"content":{"rendered":"<p><span style=\"color: #000000;\"><a href=\"https:\/\/www.hashtag.al\/index.php\/2026\/03\/09\/nis-gjyqi-per-dosjen-veliaj-xoxa-mungon-ne-gjkko-avokati-eshte-shtatzene-nuk-mund-te-paraqitet\/69ae8de283430ajola-xoxa-spak-1\/\" rel=\"attachment wp-att-790118\"><img loading=\"lazy\" decoding=\"async\" class=\"alignnone size-full wp-image-790118\" src=\"https:\/\/www.hashtag.al\/wp-content\/uploads\/2026\/03\/69ae8de283430ajola-xoxa-spak-1.jpg\" alt=\"\" width=\"1280\" height=\"1011\" srcset=\"https:\/\/www.hashtag.al\/wp-content\/uploads\/2026\/03\/69ae8de283430ajola-xoxa-spak-1.jpg 1280w, https:\/\/www.hashtag.al\/wp-content\/uploads\/2026\/03\/69ae8de283430ajola-xoxa-spak-1-300x237.jpg 300w, https:\/\/www.hashtag.al\/wp-content\/uploads\/2026\/03\/69ae8de283430ajola-xoxa-spak-1-1024x809.jpg 1024w, https:\/\/www.hashtag.al\/wp-content\/uploads\/2026\/03\/69ae8de283430ajola-xoxa-spak-1-768x607.jpg 768w\" sizes=\"auto, (max-width: 1280px) 100vw, 1280px\" \/><\/a><\/span><\/p>\n<p><span style=\"color: #000000;\">GJKKO ka pranuar k\u00ebrkes\u00ebn e Ajola Xox\u00ebs p\u00ebr ndryshimin e mas\u00ebs s\u00eb siguris\u00eb \u201cdetyrim paraqitje\u201d.<\/span><\/p>\n<p><span style=\"color: #000000;\">Bashk\u00ebshortja e kryebashkiakut t\u00eb Tiran\u00ebs, Erion Veliaj, ka k\u00ebrkuar leht\u00ebsim t\u00eb mas\u00ebs duke argumentuar se gjendja e saj sh\u00ebndet\u00ebsore, p\u00ebr shkak t\u00eb shtatz\u00ebnis\u00eb, k\u00ebrkon trajtim m\u00eb fleksib\u00ebl, si dhe mund\u00ebsin\u00eb p\u00ebr t\u00eb l\u00ebvizur jasht\u00eb vendit.<\/span><\/p>\n<p><span style=\"color: #000000;\">Kujtojm\u00eb se ndaj Xox\u00ebs, n\u00eb shkurt t\u00eb vitit 2025, jan\u00eb vendosur masat e siguris\u00eb \u201cdetyrim paraqitje\u201d dhe \u201cndalim i daljes jasht\u00eb vendit\u201d.<\/span><\/p>\n<p><span style=\"color: #000000;\">Kryebashkiaku i Tiran\u00ebs ndodhet n\u00eb mas\u00ebn \u201carrest me burg\u201d q\u00eb prej 10 shkurtit 2025, nd\u00ebrsa ndaj tij SPAK ka ngritur 13 akuza, p\u00ebrfshir\u00eb korrupsionin pasiv, pastrimin e parave, mosdeklarimin e pasuris\u00eb dhe shp\u00ebrdorimin e detyr\u00ebs.<\/span><\/p>\n","protected":false,"gt_translate_keys":[{"key":"rendered","format":"html"}]},"excerpt":{"rendered":"<p>GJKKO ka pranuar k\u00ebrkes\u00ebn e Ajola Xox\u00ebs p\u00ebr ndryshimin e mas\u00ebs s\u00eb siguris\u00eb \u201cdetyrim paraqitje\u201d. Bashk\u00ebshortja e kryebashkiakut t\u00eb Tiran\u00ebs, Erion Veliaj, ka k\u00ebrkuar leht\u00ebsim t\u00eb mas\u00ebs duke argumentuar se gjendja e saj sh\u00ebndet\u00ebsore, p\u00ebr shkak t\u00eb shtatz\u00ebnis\u00eb, k\u00ebrkon trajtim m\u00eb fleksib\u00ebl, si dhe mund\u00ebsin\u00eb p\u00ebr t\u00eb l\u00ebvizur jasht\u00eb vendit. Kujtojm\u00eb se ndaj Xox\u00ebs, n\u00eb [&hellip;]<\/p>\n","protected":false,"gt_translate_keys":[{"key":"rendered","format":"html"}]},"author":32,"featured_media":790118,"comment_status":"closed","ping_status":"open","sticky":false,"template":"","format":"standard","meta":{"footnotes":""},"categories":[65,13],"tags":[],"class_list":["post-793601","post","type-post","status-publish","format-standard","has-post-thumbnail","hentry","category-lajme","category-te-fundit"],"gt_translate_keys":[{"key":"link","format":"url"}],"_links":{"self":[{"href":"https:\/\/www.hashtag.al\/index.php\/wp-json\/wp\/v2\/posts\/793601","targetHints":{"allow":["GET"]}}],"collection":[{"href":"https:\/\/www.hashtag.al\/index.php\/wp-json\/wp\/v2\/posts"}],"about":[{"href":"https:\/\/www.hashtag.al\/index.php\/wp-json\/wp\/v2\/types\/post"}],"author":[{"embeddable":true,"href":"https:\/\/www.hashtag.al\/index.php\/wp-json\/wp\/v2\/users\/32"}],"replies":[{"embeddable":true,"href":"https:\/\/www.hashtag.al\/index.php\/wp-json\/wp\/v2\/comments?post=793601"}],"version-history":[{"count":99999,"href":"https:\/\/www.hashtag.al\/index.php\/wp-json\/wp\/v2\/posts\/793601\/revisions"}],"predecessor-version":[{"id":793602,"href":"https:\/\/www.hashtag.al\/index.php\/wp-json\/wp\/v2\/posts\/793601\/revisions\/793602"}],"wp:featuredmedia":[{"embeddable":true,"href":"https:\/\/www.hashtag.al\/index.php\/wp-json\/wp\/v2\/media\/790118"}],"wp:attachment":[{"href":"https:\/\/www.hashtag.al\/index.php\/wp-json\/wp\/v2\/media?parent=793601"}],"wp:term":[{"taxonomy":"category","embeddable":true,"href":"https:\/\/www.hashtag.al\/index.php\/wp-json\/wp\/v2\/categories?post=793601"},{"taxonomy":"post_tag","embeddable":true,"href":"https:\/\/www.hashtag.al\/index.php\/wp-json\/wp\/v2\/tags?post=793601"}],"curies":[{"name":"wp","href":"https:\/\/api.w.org\/{rel}","templated":true}]}}