{"id":793583,"date":"2026-03-30T13:28:05","date_gmt":"2026-03-30T11:28:05","guid":{"rendered":"https:\/\/www.hashtag.al\/?p=793583"},"modified":"2026-03-30T13:28:05","modified_gmt":"2026-03-30T11:28:05","slug":"mirlinda-e-akshi-t-eshte-linda-rama-berisha-rama-dhe-balluku-i-mbyllen-shqiperise-dyert-per-ne-be","status":"publish","type":"post","link":"https:\/\/www.hashtag.al\/index.php\/2026\/03\/30\/mirlinda-e-akshi-t-eshte-linda-rama-berisha-rama-dhe-balluku-i-mbyllen-shqiperise-dyert-per-ne-be\/","title":{"rendered":"&#8220;Mirlinda e AKSHI-t \u00ebsht\u00eb Linda Rama&#8221;- Berisha: Rama dhe Balluku i mbyll\u00ebn Shqip\u00ebris\u00eb dyert p\u00ebr n\u00eb BE","gt_translate_keys":[{"key":"rendered","format":"text"}]},"content":{"rendered":"<p><span style=\"color: #000000;\"><img loading=\"lazy\" decoding=\"async\" class=\"aligncenter size-full wp-image-793584\" src=\"https:\/\/www.hashtag.al\/wp-content\/uploads\/2026\/03\/9084aeb0-07f4-4c1d-a0fe-619c0a36e4a4_sd.webp\" alt=\"\" width=\"1280\" height=\"720\" srcset=\"https:\/\/www.hashtag.al\/wp-content\/uploads\/2026\/03\/9084aeb0-07f4-4c1d-a0fe-619c0a36e4a4_sd.webp 1280w, https:\/\/www.hashtag.al\/wp-content\/uploads\/2026\/03\/9084aeb0-07f4-4c1d-a0fe-619c0a36e4a4_sd-300x169.webp 300w, https:\/\/www.hashtag.al\/wp-content\/uploads\/2026\/03\/9084aeb0-07f4-4c1d-a0fe-619c0a36e4a4_sd-1024x576.webp 1024w, https:\/\/www.hashtag.al\/wp-content\/uploads\/2026\/03\/9084aeb0-07f4-4c1d-a0fe-619c0a36e4a4_sd-768x432.webp 768w\" sizes=\"auto, (max-width: 1280px) 100vw, 1280px\" \/><\/span><\/p>\n<p><span style=\"color: #000000;\">Kreu i Partis\u00eb Demokratike, Sali Berisha, n\u00eb nj\u00eb konferenc\u00eb p\u00ebr mediat nga selia blu, deklaroi se Rama, s\u00eb bashku me presidentin serb Aleksandar Vu\u00e7i\u00e7, jan\u00eb t\u00eb gatsh\u00ebm t\u00eb sakrifikojn\u00eb interesin komb\u00ebtar p\u00ebr pushtetin e tyre. <\/span><\/p>\n<p><span style=\"color: #000000;\"><em>\u201cNuk ka asnj\u00eb mund\u00ebsi t\u00eb pranohet si alternativ\u00eb, nuk ka kuad\u00ebr ligjor. Edhe n\u00ebse do t\u00eb ekzistonte, Edi Rama mendon se me drejt\u00ebsin\u00eb e kontrolluar prej tij mund t\u00eb p\u00ebrfitonte nj\u00eb an\u00ebtar\u00ebsim t\u00eb dor\u00ebs s\u00eb dyt\u00eb, por kjo nuk ndodh,\u201d<\/em> u shpreh ai.<\/span><\/p>\n<p><span style=\"color: #000000;\">Ai ngriti akuza edhe ndaj bashk\u00ebshortes s\u00eb kryeministrit, Linda Rama, si dhe ndaj Armand Frangut, duke pretenduar p\u00ebr p\u00ebrfshirje n\u00eb struktura q\u00eb, sipas tij, lidhen me p\u00ebrfitime financiare dhe kontroll institucional. <img loading=\"lazy\" decoding=\"async\" src=\"https:\/\/ads.balkanweb.com\/www\/delivery\/lg.php?bannerid=0&amp;campaignid=0&amp;zoneid=629&amp;loc=https%3A%2F%2Fwww.balkanweb.com%2Fmirlinda-e-akshi-t-eshte-linda-rama-berisha-armand-frangu-strumbullari-i-pengmarrjeve-per-parate-e-familjes-rama%2F&amp;referer=https%3A%2F%2Fwww.balkanweb.com%2F&amp;cb=5a3b811d01\" alt=\"\" width=\"0\" height=\"0\" \/><\/span><\/p>\n<p>&nbsp;<\/p>\n<p><span style=\"color: #000000;\"><em>\u201cPo k\u00ebshtu me AKSHI-n, \u00ebsht\u00eb faktuar tashm\u00eb kat\u00ebcip\u00ebrisht se Agasi i AKSHI-t \u00ebsht\u00eb Rama, Mirlinda e AKSHI-t \u00ebsht\u00eb Linda Rama, strumbullari i pengmarrjeve \u00ebsht\u00eb Armand Frangu p\u00ebr parat\u00eb e familjes Rama\u201d,<\/em> tha ai.<\/span><\/p>\n<div class=\"firstP\"><\/div>\n<div class=\"firstP\">\n<p data-start=\"91\" data-end=\"317\"><span style=\"color: #000000;\">Berisha akuzoi kryeministrin Edi Rama p\u00ebr bllokimin e procesit t\u00eb integrimit t\u00eb Shqip\u00ebris\u00eb n\u00eb Bashkimin Evropian, duke e cil\u00ebsuar k\u00ebt\u00eb si nj\u00eb d\u00ebshtim t\u00eb r\u00ebnd\u00eb p\u00ebr vendin.<\/span><\/p>\n<p data-start=\"319\" data-end=\"681\"><span style=\"color: #000000;\">Ai theksoi se raportet e Komisionit Europian kan\u00eb evidentuar rritje t\u00eb presionit politik ndaj gjyq\u00ebsorit, luft\u00eb t\u00eb dob\u00ebt kund\u00ebr korrupsionit dhe probleme serioze me lirin\u00eb e mediave.<\/span><\/p>\n<p data-start=\"683\" data-end=\"869\" data-is-last-node=\"\" data-is-only-node=\"\"><span style=\"color: #000000;\">Berisha kritikoi gjithashtu vendimin e Kuvendit p\u00ebr t\u00eb mos lejuar arrestimin e zv\/kryeministres, duke e cil\u00ebsuar si nj\u00eb akt t\u00eb diktuar nga Rama dhe me pasoja t\u00eb r\u00ebnda p\u00ebr shtetin ligjor.<\/span><\/p>\n<\/div>\n<p><span style=\"color: #000000;\">\u201c<em>P\u00ebr Shqip\u00ebrin\u00eb dhe shqiptar\u00ebt, procesi m\u00eb themelor p\u00ebr t\u00eb ardhmen e tyre \u00ebsht\u00eb integrimi i vendit n\u00eb BE. Shqip\u00ebria n\u00eb Europ\u00eb \u00ebsht\u00eb \u00ebndrra shekullore e shqiptar\u00ebve. Shqip\u00ebria n\u00eb Europ\u00eb \u00ebsht\u00eb investimi i tyre 32-vje\u00e7ar.<\/em><\/span><\/p>\n<p><span style=\"color: #000000;\"><em>Por Shqip\u00ebria n\u00eb Europ\u00eb \u00ebsht\u00eb gjithashtu investimi i BE, Komisionit Europian, vendeve an\u00ebtare t\u00eb BE, miliarda, miliarda, miliarde euro me t\u00eb cilat ky vend \u00ebsht\u00eb transformuar sa asnj\u00eb vend tjet\u00ebr, po t\u00eb kemi parasysh gjendjen n\u00eb t\u00eb cil\u00ebn ishte. Shqip\u00ebris\u00eb n\u00eb Europ\u00eb i mbylli dyert Edi Rama dhe Balluku. Do t\u00eb ishte e padrejt\u00eb q\u00eb t\u00eb shkarkonim mbi Ballukun k\u00ebt\u00eb p\u00ebrgjegj\u00ebsi.<\/em><\/span><\/p>\n<p><span style=\"color: #000000;\"><em>Ajo ka p\u00ebrgjegj\u00ebsi t\u00eb m\u00ebdha p\u00ebr vjedhjet q\u00eb ka b\u00ebr\u00eb, p\u00ebr shp\u00ebrdorimin, p\u00ebr vjedhjen e miliarda eurove. Ka disponuar 12 miliard\u00eb euro investime dhe tani, sipas vet\u00eb Edi Ram\u00ebs, jan\u00eb nd\u00ebrtuar thot\u00eb ai, q\u00eb nuk jan\u00eb kurr\u00eb, po le ta supozojm\u00eb q\u00eb \u00ebsht\u00eb e v\u00ebrtet\u00eb, 1 mij\u00eb kilometra rrug\u00eb, t\u00eb cilat u shemb\u00ebn si rrug\u00eb kashte nj\u00ebra pas tjetr\u00ebs n\u00eb k\u00ebt\u00eb pranver\u00eb. Por, njeriu q\u00eb mbylli dyert e Europ\u00ebs, duke p\u00ebrdorur p\u00ebr k\u00ebt\u00eb q\u00ebllim dosjen e saj, pasi \u00ebsht\u00eb dosja e tij, \u00ebsht\u00eb Edi Rama dhe ka vet\u00ebm nj\u00eb em\u00ebr, q\u00eb quhet Edi Rama.<\/em><\/span><\/p>\n<p><span style=\"color: #000000;\"><em>N\u00eb raportin e tij, n\u00eb tetor t\u00eb vitit t\u00eb kaluar, Komisioni Europian ka ngritur si \u00e7\u00ebshtje themelore p\u00ebr Shqip\u00ebrin\u00eb rritjen e presionit politik ndaj gjyq\u00ebsorit nga Edi Rama, luft\u00ebn e dob\u00ebt kund\u00ebr korrupsionit dhe problemet madhore me lirin\u00eb e medieve.<\/em><\/span><\/p>\n<p><span style=\"color: #000000;\"><em>K\u00ebto probleme jo vet\u00ebm q\u00eb nuk mor\u00ebn nj\u00eb adresim t\u00eb p\u00ebrshtatsh\u00ebm dhe pozitiv, por njoh\u00ebn p\u00ebrkeq\u00ebsimet m\u00eb t\u00eb m\u00ebdha n\u00eb 32 vite. P\u00ebr her\u00eb t\u00eb par\u00eb, parlamenti i Shqip\u00ebris\u00eb bllokon k\u00ebrkes\u00ebn e prokuroris\u00eb s\u00eb vendit p\u00ebr arrestimin e z\u00ebvend\u00ebskryeministres Balluku.<\/em><\/span><\/p>\n<p><span style=\"color: #000000;\"><em>Dhe k\u00ebt\u00eb vendim, 83 mandatet e krimit q\u00eb u p\u00ebrdor\u00ebn si thika kund\u00ebr drejt\u00ebsis\u00eb nga Edi Rama, deputet\u00ebt nuk e mor\u00ebn me vullnet t\u00eb lir\u00eb, por n\u00eb diktat t\u00eb plot\u00eb t\u00eb Edi Ram\u00ebs. Madje, si\u00e7 e dini, Edi Rama deklaroi n\u00eb m\u00ebnyr\u00eb t\u00eb pap\u00ebrgjegjshme se k\u00ebt\u00eb vendim t\u00eb till\u00eb do ta merrte \u00e7do parlament i \u00e7do vendi demokratik. E v\u00ebrteta \u00ebsht\u00eb se nj\u00eb vendim t\u00eb till\u00eb nuk e merrte kurr\u00eb parlamenti i nj\u00eb vendi demokratik.<\/em><\/span><\/p>\n<p><span style=\"color: #000000;\"><em>E v\u00ebrteta \u00ebsht\u00eb se p\u00ebr Brukselin, p\u00ebr shqiptar\u00ebt dhe p\u00ebr cilindo njeri q\u00eb ka ABC-n\u00eb e shtetit ligjor, ky \u00ebsht\u00eb nj\u00eb vendim antikushtetues me pasoja shum\u00eb t\u00eb r\u00ebnda, shkat\u00ebrrimtare p\u00ebr luft\u00ebn kund\u00ebr korrupsionit.<\/em>\u201c, tha ai.<\/span><\/p>\n","protected":false,"gt_translate_keys":[{"key":"rendered","format":"html"}]},"excerpt":{"rendered":"<p>Kreu i Partis\u00eb Demokratike, Sali Berisha, n\u00eb nj\u00eb konferenc\u00eb p\u00ebr mediat nga selia blu, deklaroi se Rama, s\u00eb bashku me presidentin serb Aleksandar Vu\u00e7i\u00e7, jan\u00eb t\u00eb gatsh\u00ebm t\u00eb sakrifikojn\u00eb interesin komb\u00ebtar p\u00ebr pushtetin e tyre. \u201cNuk ka asnj\u00eb mund\u00ebsi t\u00eb pranohet si alternativ\u00eb, nuk ka kuad\u00ebr ligjor. Edhe n\u00ebse do t\u00eb ekzistonte, Edi Rama mendon [&hellip;]<\/p>\n","protected":false,"gt_translate_keys":[{"key":"rendered","format":"html"}]},"author":49,"featured_media":793584,"comment_status":"closed","ping_status":"open","sticky":false,"template":"","format":"standard","meta":{"footnotes":""},"categories":[65],"tags":[],"class_list":["post-793583","post","type-post","status-publish","format-standard","has-post-thumbnail","hentry","category-lajme"],"gt_translate_keys":[{"key":"link","format":"url"}],"_links":{"self":[{"href":"https:\/\/www.hashtag.al\/index.php\/wp-json\/wp\/v2\/posts\/793583","targetHints":{"allow":["GET"]}}],"collection":[{"href":"https:\/\/www.hashtag.al\/index.php\/wp-json\/wp\/v2\/posts"}],"about":[{"href":"https:\/\/www.hashtag.al\/index.php\/wp-json\/wp\/v2\/types\/post"}],"author":[{"embeddable":true,"href":"https:\/\/www.hashtag.al\/index.php\/wp-json\/wp\/v2\/users\/49"}],"replies":[{"embeddable":true,"href":"https:\/\/www.hashtag.al\/index.php\/wp-json\/wp\/v2\/comments?post=793583"}],"version-history":[{"count":99999,"href":"https:\/\/www.hashtag.al\/index.php\/wp-json\/wp\/v2\/posts\/793583\/revisions"}],"predecessor-version":[{"id":793585,"href":"https:\/\/www.hashtag.al\/index.php\/wp-json\/wp\/v2\/posts\/793583\/revisions\/793585"}],"wp:featuredmedia":[{"embeddable":true,"href":"https:\/\/www.hashtag.al\/index.php\/wp-json\/wp\/v2\/media\/793584"}],"wp:attachment":[{"href":"https:\/\/www.hashtag.al\/index.php\/wp-json\/wp\/v2\/media?parent=793583"}],"wp:term":[{"taxonomy":"category","embeddable":true,"href":"https:\/\/www.hashtag.al\/index.php\/wp-json\/wp\/v2\/categories?post=793583"},{"taxonomy":"post_tag","embeddable":true,"href":"https:\/\/www.hashtag.al\/index.php\/wp-json\/wp\/v2\/tags?post=793583"}],"curies":[{"name":"wp","href":"https:\/\/api.w.org\/{rel}","templated":true}]}}