{"id":793580,"date":"2026-03-30T13:17:14","date_gmt":"2026-03-30T11:17:14","guid":{"rendered":"https:\/\/www.hashtag.al\/?p=793580"},"modified":"2026-03-30T13:17:14","modified_gmt":"2026-03-30T11:17:14","slug":"integrimi-ne-be-rama-ky-proces-konsolidon-institucionet-e-drejtesise-luften-kunder-korrupsionit","status":"publish","type":"post","link":"https:\/\/www.hashtag.al\/index.php\/2026\/03\/30\/integrimi-ne-be-rama-ky-proces-konsolidon-institucionet-e-drejtesise-luften-kunder-korrupsionit\/","title":{"rendered":"Integrimi n\u00eb BE, Rama: Ky proces konsolidon institucionet e drejt\u00ebsis\u00eb, luft\u00ebn kund\u00ebr korrupsionit","gt_translate_keys":[{"key":"rendered","format":"text"}]},"content":{"rendered":"<p data-start=\"90\" data-end=\"334\"><span style=\"color: #000000;\"><img loading=\"lazy\" decoding=\"async\" class=\"aligncenter size-full wp-image-793581\" src=\"https:\/\/www.hashtag.al\/wp-content\/uploads\/2026\/03\/1774866174_rama.jpg\" alt=\"\" width=\"780\" height=\"440\" srcset=\"https:\/\/www.hashtag.al\/wp-content\/uploads\/2026\/03\/1774866174_rama.jpg 780w, https:\/\/www.hashtag.al\/wp-content\/uploads\/2026\/03\/1774866174_rama-300x169.jpg 300w, https:\/\/www.hashtag.al\/wp-content\/uploads\/2026\/03\/1774866174_rama-768x433.jpg 768w\" sizes=\"auto, (max-width: 780px) 100vw, 780px\" \/><\/span><\/p>\n<p data-start=\"90\" data-end=\"334\"><span style=\"color: #000000;\">Kryeministri Edi Rama deklaroi se procesi i integrimit n\u00eb BE po konsolidon institucionet e drejt\u00ebsis\u00eb, duke u dh\u00ebn\u00eb atyre pavar\u00ebsi t\u00eb paprecedent\u00eb, nd\u00ebrsa theksoi nevoj\u00ebn p\u00ebr rritjen e profesionalizmit dhe paanshm\u00ebris\u00eb.<\/span><\/p>\n<p data-start=\"336\" data-end=\"610\" data-is-last-node=\"\" data-is-only-node=\"\"><span style=\"color: #000000;\">Ai u shpreh se ky proces ndihmon n\u00eb luft\u00ebn kund\u00ebr korrupsionit dhe modernizimin e shtetit, nd\u00ebrsa n\u00ebnvizoi sfidat n\u00eb prokurimin publik dhe kontrollin financiar, ku k\u00ebrkohet m\u00eb shum\u00eb progres.<\/span><\/p>\n<p data-start=\"0\" data-end=\"806\"><span style=\"color: #000000;\"><em>\u201cKy proces konsolidon institucionet e drejt\u00ebsis\u00eb, t\u00eb cilat kan\u00eb kaluar n\u00eb nj\u00eb faz\u00eb tjet\u00ebr, pasi kan\u00eb pavar\u00ebsin\u00eb q\u00eb nuk e kan\u00eb pasur kurr\u00eb. <\/em><\/span><\/p>\n<p><span style=\"color: #000000;\"><em>N\u00eb procesin e konsolidimit duhet t\u00eb rrisin profesionalizmin, paanshm\u00ebrin\u00eb dhe cil\u00ebsin\u00eb e sh\u00ebrbimeve. Ky proces siguron luft\u00ebn kund\u00ebr korrupsionit, jo thjesht si nj\u00eb luft\u00eb q\u00eb zhvillohet n\u00eb frontin midis institucioneve t\u00eb drejt\u00ebsis\u00eb, por edhe n\u00eb frontin e modernizimit, t\u00eb transformimit institucional dhe t\u00eb realizimit t\u00eb nj\u00eb kapaciteti t\u00eb t\u00eb gjith\u00eb shtetit p\u00ebr ta parandaluar q\u00eb t\u00eb zhvillohet n\u00eb hap\u00ebsira gri ose n\u00eb munges\u00eb t\u00eb kanaleve t\u00eb sigurta institucionale. <\/em><\/span><\/p>\n<p><span style=\"color: #000000;\"><em>Patjet\u00ebr q\u00eb barr\u00ebn m\u00eb t\u00eb madhe n\u00eb k\u00ebt\u00eb proces e ka ekonomia, por pastaj barra b\u00ebhet e qart\u00eb n\u00eb gjith\u00eb kompleksitetin e vet kur sheh sesi shtrihet te infrastruktura, energjia, financat, bujq\u00ebsia e me radh\u00eb.<\/em><\/span><\/p>\n<p><span style=\"color: #000000;\"><em>Dy gj\u00ebra m\u00eb bien n\u00eb sy n\u00eb prezantimin q\u00eb u b\u00eb: e para \u00ebsht\u00eb domosdoshm\u00ebria p\u00ebr t\u00eb kaluar nga nj\u00eb progres i kufizuar n\u00eb raport me standardet e BE n\u00eb nj\u00eb progres t\u00eb mir\u00eb tek prokurimi publik, ku kemi b\u00ebr\u00eb nj\u00eb progres t\u00eb madh n\u00eb raport me vetveten dhe rajonin, por nuk jemi ende n\u00eb korniz\u00ebn e progresit t\u00eb mir\u00eb dhe plot\u00ebsimin e k\u00ebtij aspekti si pjes\u00eb e kushteve. <\/em><\/span><\/p>\n<p><span style=\"color: #000000;\"><em>K\u00ebtu e sjell n\u00eb v\u00ebmendje se \u00ebsht\u00eb shum\u00eb e r\u00ebnd\u00ebsishme q\u00eb puna e nisur p\u00ebr modernizimin e prokurimit publik me AI duhet t\u00eb vazhdoj\u00eb intensivisht dhe t\u00eb kuror\u00ebzohet p\u00ebr t\u00eb na b\u00ebr\u00eb nj\u00eb vend shembull. Viti 2017 duhet t\u00eb na gjej\u00eb me k\u00ebt\u00eb objektiv t\u00eb realizuar. <\/em><\/span><\/p>\n<p><span style=\"color: #000000;\"><em>Tjetra \u00ebsht\u00eb kontrolli financiar, ku edhe progresi \u00ebsht\u00eb i kufizuar, nd\u00ebrkoh\u00eb q\u00eb reforma p\u00ebr kontrollin financiar \u00ebsht\u00eb e domosdoshme dhe kemi nisur paraprakisht. <\/em><\/span><\/p>\n<p><span style=\"color: #000000;\"><em>Duke e mbyllur me sfid\u00ebn e sfidave, q\u00eb \u00ebsht\u00eb siguria ushqimore dhe mbrojtja e konsumatorit\u201d, tha Rama.<\/em><\/span><\/p>\n","protected":false,"gt_translate_keys":[{"key":"rendered","format":"html"}]},"excerpt":{"rendered":"<p>Kryeministri Edi Rama deklaroi se procesi i integrimit n\u00eb BE po konsolidon institucionet e drejt\u00ebsis\u00eb, duke u dh\u00ebn\u00eb atyre pavar\u00ebsi t\u00eb paprecedent\u00eb, nd\u00ebrsa theksoi nevoj\u00ebn p\u00ebr rritjen e profesionalizmit dhe paanshm\u00ebris\u00eb. Ai u shpreh se ky proces ndihmon n\u00eb luft\u00ebn kund\u00ebr korrupsionit dhe modernizimin e shtetit, nd\u00ebrsa n\u00ebnvizoi sfidat n\u00eb prokurimin publik dhe kontrollin financiar, [&hellip;]<\/p>\n","protected":false,"gt_translate_keys":[{"key":"rendered","format":"html"}]},"author":49,"featured_media":793581,"comment_status":"closed","ping_status":"open","sticky":false,"template":"","format":"standard","meta":{"footnotes":""},"categories":[65],"tags":[],"class_list":["post-793580","post","type-post","status-publish","format-standard","has-post-thumbnail","hentry","category-lajme"],"gt_translate_keys":[{"key":"link","format":"url"}],"_links":{"self":[{"href":"https:\/\/www.hashtag.al\/index.php\/wp-json\/wp\/v2\/posts\/793580","targetHints":{"allow":["GET"]}}],"collection":[{"href":"https:\/\/www.hashtag.al\/index.php\/wp-json\/wp\/v2\/posts"}],"about":[{"href":"https:\/\/www.hashtag.al\/index.php\/wp-json\/wp\/v2\/types\/post"}],"author":[{"embeddable":true,"href":"https:\/\/www.hashtag.al\/index.php\/wp-json\/wp\/v2\/users\/49"}],"replies":[{"embeddable":true,"href":"https:\/\/www.hashtag.al\/index.php\/wp-json\/wp\/v2\/comments?post=793580"}],"version-history":[{"count":99999,"href":"https:\/\/www.hashtag.al\/index.php\/wp-json\/wp\/v2\/posts\/793580\/revisions"}],"predecessor-version":[{"id":793582,"href":"https:\/\/www.hashtag.al\/index.php\/wp-json\/wp\/v2\/posts\/793580\/revisions\/793582"}],"wp:featuredmedia":[{"embeddable":true,"href":"https:\/\/www.hashtag.al\/index.php\/wp-json\/wp\/v2\/media\/793581"}],"wp:attachment":[{"href":"https:\/\/www.hashtag.al\/index.php\/wp-json\/wp\/v2\/media?parent=793580"}],"wp:term":[{"taxonomy":"category","embeddable":true,"href":"https:\/\/www.hashtag.al\/index.php\/wp-json\/wp\/v2\/categories?post=793580"},{"taxonomy":"post_tag","embeddable":true,"href":"https:\/\/www.hashtag.al\/index.php\/wp-json\/wp\/v2\/tags?post=793580"}],"curies":[{"name":"wp","href":"https:\/\/api.w.org\/{rel}","templated":true}]}}