{"id":793575,"date":"2026-03-30T12:51:41","date_gmt":"2026-03-30T10:51:41","guid":{"rendered":"https:\/\/www.hashtag.al\/?p=793575"},"modified":"2026-03-30T12:51:41","modified_gmt":"2026-03-30T10:51:41","slug":"rruga-drejt-be-rama-procesi-ka-nje-dobi-te-jashtezakonshme-eshte-i-pazevendesueshem","status":"publish","type":"post","link":"https:\/\/www.hashtag.al\/index.php\/2026\/03\/30\/rruga-drejt-be-rama-procesi-ka-nje-dobi-te-jashtezakonshme-eshte-i-pazevendesueshem\/","title":{"rendered":"Rruga drejt BE, Rama: Procesi ka nj\u00eb dobi t\u00eb jasht\u00ebzakonshme, \u00ebsht\u00eb i paz\u00ebvend\u00ebsuesh\u00ebm","gt_translate_keys":[{"key":"rendered","format":"text"}]},"content":{"rendered":"<p data-start=\"82\" data-end=\"268\"><span style=\"color: #000000;\"><img loading=\"lazy\" decoding=\"async\" class=\"aligncenter size-full wp-image-793578\" src=\"https:\/\/www.hashtag.al\/wp-content\/uploads\/2026\/03\/1774866356_rama.jpg\" alt=\"\" width=\"780\" height=\"440\" srcset=\"https:\/\/www.hashtag.al\/wp-content\/uploads\/2026\/03\/1774866356_rama.jpg 780w, https:\/\/www.hashtag.al\/wp-content\/uploads\/2026\/03\/1774866356_rama-300x169.jpg 300w, https:\/\/www.hashtag.al\/wp-content\/uploads\/2026\/03\/1774866356_rama-768x433.jpg 768w\" sizes=\"auto, (max-width: 780px) 100vw, 780px\" \/><\/span><\/p>\n<p data-start=\"82\" data-end=\"268\"><span style=\"color: #000000;\">N\u00eb tryez\u00ebn qeveritare kryeministri Edi Rama u shpreh se procesi i integrimit n\u00eb Bashkimin Evropian \u00ebsht\u00eb nj\u00eb p\u00ebrpjekje historike q\u00eb rrit ndjesh\u00ebm kapacitetet institucionale t\u00eb vendit.<\/span><\/p>\n<p data-start=\"270\" data-end=\"579\" data-is-last-node=\"\" data-is-only-node=\"\"><span style=\"color: #000000;\">Ai theksoi se negociatat jan\u00eb komplekse dhe shpesh keqkuptohen n\u00eb publik, nd\u00ebrsa vler\u00ebsoi pun\u00ebn e ekipit negociator dhe ministrave t\u00eb p\u00ebrfshir\u00eb. <\/span><\/p>\n<p data-start=\"270\" data-end=\"579\" data-is-last-node=\"\" data-is-only-node=\"\"><span style=\"color: #000000;\">Sipas Ram\u00ebs, p\u00ebrfitimi m\u00eb i madh i k\u00ebtij procesi \u00ebsht\u00eb forcimi i shtetit dhe i rendit ligjor, duke i dh\u00ebn\u00eb institucioneve nj\u00eb kapacitet q\u00eb nuk e kan\u00eb pasur m\u00eb par\u00eb.\u00a0<\/span><\/p>\n<p><span style=\"color: #000000;\"><em>\u201cE pam\u00eb t\u00eb arsyeshme q\u00eb k\u00ebt\u00eb prezantim ta b\u00ebnim t\u00eb hapur, se \u00ebsht\u00eb e r\u00ebnd\u00ebsishme q\u00eb opinioni publik ta ket\u00eb nj\u00eb ide p\u00ebr kompleksitetin e k\u00ebsaj p\u00ebrpjekje t\u00eb madh e komb\u00ebtare p\u00ebr t\u00eb realizuar me sukses negociatat e an\u00ebtar\u00ebsimit.<\/em><\/span><\/p>\n<p><span style=\"color: #000000;\"><em> \u00c7ka flitet n\u00eb publik, \u00ebsht\u00eb shum\u00eb, shum\u00eb e reduktuar n\u00eb gj\u00ebra ose shum\u00eb bazike, ose pa lidhje me k\u00ebt\u00eb proces.<\/em><\/span><\/p>\n<p><span style=\"color: #000000;\"><em> Procesi ka shum\u00eb ngarkes\u00eb dhe \u00ebsht\u00eb p\u00ebr tu p\u00ebrg\u00ebzuar e gjith\u00eb skuadra e negociatave, sikund\u00ebr \u00ebsht\u00eb p\u00ebr tu p\u00ebrg\u00ebzuar edhe puna e ministrave q\u00eb jan\u00eb m\u00eb pran\u00eb k\u00ebtij procesi.<\/em><\/span><\/p>\n<p><span style=\"color: #000000;\"><em> Jo m\u00eb larg se pak dit\u00eb m\u00eb par\u00eb, Lamallari, Gogu dhe Dhuka b\u00ebn prezantim shterues n\u00eb tryez\u00ebn e ambasador\u00ebve t\u00eb vendeve an\u00ebtare ne Bruksel. <\/em><\/span><\/p>\n<p><span style=\"color: #000000;\"><em>Ministri i jasht\u00ebm \u00ebsht\u00eb i koordinuar me dy ministret e shtetit, p\u00ebr ti dh\u00ebn\u00eb dimensionin politik procesit n\u00eb komunikimin ton\u00eb nd\u00ebrkomb\u00ebtar.<\/em><\/span><\/p>\n<p><span style=\"color: #000000;\"><em>Ajo q\u00eb vlen m\u00eb shum\u00eb se t\u00eb gjitha, p\u00ebrtej realizimit t\u00eb nj\u00eb mase, apo kalimit t\u00eb nj\u00eb reforme dhe pastaj miratimit t\u00eb mas\u00ebs, ose reform\u00ebs n\u00eb Bruksel \u00ebsht\u00eb se ky proces rrit n\u00eb m\u00ebnyr\u00eb thelb\u00ebsore kapacitetet institucionale t\u00eb vendit.<\/em><\/span><\/p>\n<p><span style=\"color: #000000;\"><em> Procesi ka nj\u00eb dobi t\u00eb jasht\u00ebzakonshme dhe \u00ebsht\u00eb i paz\u00ebvend\u00ebsuesh\u00ebm. <\/em><\/span><\/p>\n<p><span style=\"color: #000000;\"><em>Tendenca \u00ebsht\u00eb q\u00eb an\u00ebtar\u00ebsimi t\u00eb shihet n\u00eb m\u00ebnyr\u00eb sip\u00ebrfaq\u00ebsore dhe t\u00eb mos kuptohet q\u00eb ky proces \u00ebsht\u00eb historik p\u00ebr faktin se transformon shtetin dhe u jep institucioneve nj\u00eb fuqi dhe nj\u00eb kapacitet p\u00ebr t\u00eb vepruar q\u00eb nuk e kan\u00eb pasur kurr\u00eb n\u00eb historin\u00eb ton\u00eb.<\/em><\/span><\/p>\n<p><span style=\"color: #000000;\"><em> Rritja e kapaciteteve institucionale sjell edhe forcim t\u00eb rendit ligjor n\u00eb t\u00eb gjitha aspektet\u201d,<\/em> tha Rama.<\/span><\/p>\n","protected":false,"gt_translate_keys":[{"key":"rendered","format":"html"}]},"excerpt":{"rendered":"<p>N\u00eb tryez\u00ebn qeveritare kryeministri Edi Rama u shpreh se procesi i integrimit n\u00eb Bashkimin Evropian \u00ebsht\u00eb nj\u00eb p\u00ebrpjekje historike q\u00eb rrit ndjesh\u00ebm kapacitetet institucionale t\u00eb vendit. Ai theksoi se negociatat jan\u00eb komplekse dhe shpesh keqkuptohen n\u00eb publik, nd\u00ebrsa vler\u00ebsoi pun\u00ebn e ekipit negociator dhe ministrave t\u00eb p\u00ebrfshir\u00eb. Sipas Ram\u00ebs, p\u00ebrfitimi m\u00eb i madh i k\u00ebtij [&hellip;]<\/p>\n","protected":false,"gt_translate_keys":[{"key":"rendered","format":"html"}]},"author":49,"featured_media":793578,"comment_status":"closed","ping_status":"open","sticky":false,"template":"","format":"standard","meta":{"footnotes":""},"categories":[65],"tags":[],"class_list":["post-793575","post","type-post","status-publish","format-standard","has-post-thumbnail","hentry","category-lajme"],"gt_translate_keys":[{"key":"link","format":"url"}],"_links":{"self":[{"href":"https:\/\/www.hashtag.al\/index.php\/wp-json\/wp\/v2\/posts\/793575","targetHints":{"allow":["GET"]}}],"collection":[{"href":"https:\/\/www.hashtag.al\/index.php\/wp-json\/wp\/v2\/posts"}],"about":[{"href":"https:\/\/www.hashtag.al\/index.php\/wp-json\/wp\/v2\/types\/post"}],"author":[{"embeddable":true,"href":"https:\/\/www.hashtag.al\/index.php\/wp-json\/wp\/v2\/users\/49"}],"replies":[{"embeddable":true,"href":"https:\/\/www.hashtag.al\/index.php\/wp-json\/wp\/v2\/comments?post=793575"}],"version-history":[{"count":99999,"href":"https:\/\/www.hashtag.al\/index.php\/wp-json\/wp\/v2\/posts\/793575\/revisions"}],"predecessor-version":[{"id":793579,"href":"https:\/\/www.hashtag.al\/index.php\/wp-json\/wp\/v2\/posts\/793575\/revisions\/793579"}],"wp:featuredmedia":[{"embeddable":true,"href":"https:\/\/www.hashtag.al\/index.php\/wp-json\/wp\/v2\/media\/793578"}],"wp:attachment":[{"href":"https:\/\/www.hashtag.al\/index.php\/wp-json\/wp\/v2\/media?parent=793575"}],"wp:term":[{"taxonomy":"category","embeddable":true,"href":"https:\/\/www.hashtag.al\/index.php\/wp-json\/wp\/v2\/categories?post=793575"},{"taxonomy":"post_tag","embeddable":true,"href":"https:\/\/www.hashtag.al\/index.php\/wp-json\/wp\/v2\/tags?post=793575"}],"curies":[{"name":"wp","href":"https:\/\/api.w.org\/{rel}","templated":true}]}}