{"id":793557,"date":"2026-03-30T10:30:41","date_gmt":"2026-03-30T08:30:41","guid":{"rendered":"https:\/\/www.hashtag.al\/?p=793557"},"modified":"2026-03-30T10:30:41","modified_gmt":"2026-03-30T08:30:41","slug":"balliu-kerkon-interpelance-urgjente-me-ministrin-e-brendshem-per-inkriminimin-ne-polici","status":"publish","type":"post","link":"https:\/\/www.hashtag.al\/index.php\/2026\/03\/30\/balliu-kerkon-interpelance-urgjente-me-ministrin-e-brendshem-per-inkriminimin-ne-polici\/","title":{"rendered":"Balliu k\u00ebrkon interpelanc\u00eb urgjente me ministrin e Brendsh\u00ebm p\u00ebr inkriminimin n\u00eb polici","gt_translate_keys":[{"key":"rendered","format":"text"}]},"content":{"rendered":"<p data-start=\"93\" data-end=\"409\"><span style=\"color: #000000;\"><a href=\"https:\/\/www.hashtag.al\/index.php\/2026\/03\/13\/spiropali-u-shkarkua-se-nuk-po-mbronte-aferat-e-rames-largimi-i-tij-ceshtje-kombetare-balliu\/balliu2-5\/\" rel=\"attachment wp-att-790992\"><img loading=\"lazy\" decoding=\"async\" class=\"alignnone size-full wp-image-790992\" src=\"https:\/\/www.hashtag.al\/wp-content\/uploads\/2026\/03\/balliu2.jpg\" alt=\"\" width=\"941\" height=\"607\" srcset=\"https:\/\/www.hashtag.al\/wp-content\/uploads\/2026\/03\/balliu2.jpg 941w, https:\/\/www.hashtag.al\/wp-content\/uploads\/2026\/03\/balliu2-300x194.jpg 300w, https:\/\/www.hashtag.al\/wp-content\/uploads\/2026\/03\/balliu2-768x495.jpg 768w\" sizes=\"auto, (max-width: 941px) 100vw, 941px\" \/><\/a><br \/>\nN\u00ebnkryetari i Komisionit p\u00ebr Pun\u00ebt e Brendshme dhe Mbrojtjen Komb\u00ebtare, <span class=\"hover:entity-accent entity-underline inline cursor-pointer align-baseline\"><span class=\"whitespace-normal\">Klevis Balliu<\/span><\/span>, ka k\u00ebrkuar q\u00eb ministri i Brendsh\u00ebm t\u00eb jap\u00eb llogari n\u00eb Kuvend lidhur me shqet\u00ebsimet p\u00ebr nivelin e inkriminimit dhe cenueshm\u00ebrin\u00eb e Policis\u00eb s\u00eb Shtetit ndaj korrupsionit dhe ndikimit t\u00eb krimit t\u00eb organizuar.<\/span><\/p>\n<p data-start=\"411\" data-end=\"650\"><span style=\"color: #000000;\">N\u00eb nj\u00eb deklarat\u00eb nga selia blu, Balliu theksoi se raportet e partner\u00ebve nd\u00ebrkomb\u00ebtar\u00eb dhe institucioneve prestigjioze kan\u00eb evidentuar vazhdimisht ekspozimin e strukturave ligjzbatuese n\u00eb Shqip\u00ebri ndaj korrupsionit dhe infiltrimit kriminal.<\/span><\/p>\n<p data-start=\"652\" data-end=\"854\"><span style=\"color: #000000;\">Sipas tij, dep\u00ebrtimi i element\u00ebve kriminal\u00eb n\u00eb radh\u00ebt e policis\u00eb p\u00ebrb\u00ebn jo vet\u00ebm problem institucional, por edhe rrezik p\u00ebr sigurin\u00eb komb\u00ebtare dhe p\u00ebr besueshm\u00ebrin\u00eb e vendit ndaj partner\u00ebve strategjik\u00eb.<\/span><\/p>\n<p data-start=\"856\" data-end=\"1062\"><span style=\"color: #000000;\">Deputeti demokrat k\u00ebrkon q\u00eb qeveria dhe Ministria e Brendshme t\u00eb japin shpjegime t\u00eb qarta mbi m\u00ebnyr\u00ebn se si jan\u00eb kryer em\u00ebrimet, promovimet dhe mekanizmat e kontrollit t\u00eb integritetit n\u00eb Policin\u00eb e Shtetit.<\/span><\/p>\n<p data-start=\"1064\" data-end=\"1078\"><span style=\"color: #000000;\">Fjala e plot\u00eb:<\/span><\/p>\n<p data-start=\"1080\" data-end=\"1610\"><span style=\"color: #000000;\">\u201cN\u00eb em\u00ebr t\u00eb grupit parlamentar t\u00eb Partis\u00eb Demokratike kam depozituar n\u00eb Kuvend k\u00ebrkes\u00ebn p\u00ebr interpelanc\u00eb urgjente me Ministrin e Brendsh\u00ebm, lidhur me shqet\u00ebsimet serioze p\u00ebr nivelin e inkriminimit dhe cenueshm\u00ebris\u00eb s\u00eb Policis\u00eb s\u00eb Shtetit ndaj korrupsionit dhe ndikimit t\u00eb krimit t\u00eb organizuar.<\/span><br data-start=\"1373\" data-end=\"1376\" \/><span style=\"color: #000000;\">Raportet e partner\u00ebve nd\u00ebrkomb\u00ebtar\u00eb dhe t\u00eb institucioneve prestigjioze nd\u00ebrkomb\u00ebtare kan\u00eb theksuar n\u00eb m\u00ebnyr\u00eb t\u00eb p\u00ebrs\u00ebritur se strukturat e zbatimit t\u00eb ligjit n\u00eb Shqip\u00ebri mbeten t\u00eb ekspozuara ndaj korrupsionit dhe infiltrimit kriminal.<\/span><\/p>\n<p data-start=\"1612\" data-end=\"2275\"><span style=\"color: #000000;\">Kur element\u00eb kriminal\u00eb arrijn\u00eb t\u00eb dep\u00ebrtojn\u00eb n\u00eb strukturat q\u00eb kan\u00eb p\u00ebr detyr\u00eb t\u00eb luftojn\u00eb krimin, kjo p\u00ebrb\u00ebn jo vet\u00ebm nj\u00eb problem institucional, por edhe nj\u00eb rrezik serioz p\u00ebr sigurin\u00eb komb\u00ebtare dhe p\u00ebr besueshm\u00ebrin\u00eb e shtetit shqiptar ndaj partner\u00ebve tan\u00eb strategjik\u00eb nd\u00ebrkomb\u00ebtar\u00eb.<\/span><br data-start=\"1895\" data-end=\"1898\" \/><span style=\"color: #000000;\">N\u00eb nj\u00eb demokraci funksionale, p\u00ebrgjegj\u00ebsia p\u00ebr integritetin dhe funksionimin e institucioneve t\u00eb siguris\u00eb \u00ebsht\u00eb edhe p\u00ebrgjegj\u00ebsi politike. P\u00ebr k\u00ebt\u00eb arsye \u00ebsht\u00eb e domosdoshme q\u00eb qeveria dhe Ministria e Brendshme t\u00eb japin shpjegime t\u00eb qarta p\u00ebr m\u00ebnyr\u00ebn se si jan\u00eb menaxhuar proceset e em\u00ebrimeve, promovimeve dhe mekanizmat e kontrollit t\u00eb integritetit brenda Policis\u00eb s\u00eb Shtetit.<\/span><\/p>\n<p data-start=\"2277\" data-end=\"2895\"><span style=\"color: #000000;\">Zhvillimet e fundit ngren\u00eb pik\u00ebpyetje serioze edhe mbi efektivitetin e procesit t\u00eb verifikimit t\u00eb integritetit n\u00eb polici, i cili u prezantua si nj\u00eb reform\u00eb e r\u00ebnd\u00ebsishme p\u00ebr pastrimin e radh\u00ebve t\u00eb policis\u00eb nga korrupsioni dhe lidhjet me krimin. Qartazi ky proces ka d\u00ebshtuar.<\/span><br data-start=\"2552\" data-end=\"2555\" \/><span style=\"color: #000000;\">Shqip\u00ebria ka nevoj\u00eb p\u00ebr institucione t\u00eb forta, profesionale dhe t\u00eb besueshme t\u00eb zbatimit t\u00eb ligjit. Lufta kund\u00ebr krimit t\u00eb organizuar dhe korrupsionit \u00ebsht\u00eb nj\u00eb prioritet i p\u00ebrbashk\u00ebt i shtetit shqiptar dhe i partner\u00ebve tan\u00eb nd\u00ebrkomb\u00ebtar\u00eb, dhe kjo k\u00ebrkon transparenc\u00eb t\u00eb plot\u00eb, p\u00ebrgjegj\u00ebsi institucionale dhe standarde t\u00eb larta integriteti.<\/span><\/p>\n<p data-start=\"2897\" data-end=\"3963\" data-is-last-node=\"\" data-is-only-node=\"\"><span style=\"color: #000000;\">P\u00ebr k\u00ebt\u00eb arsye, p\u00ebrmes k\u00ebsaj interpelance k\u00ebrkoj q\u00eb Ministri i Brendsh\u00ebm t\u00eb paraqitet p\u00ebrpara Kuvendit dhe t\u00eb jap\u00eb shpjegime t\u00eb plota p\u00ebr k\u00ebt\u00eb situat\u00eb shqet\u00ebsuese. Inkriminimi i strukturave t\u00eb policis\u00eb nuk \u00ebsht\u00eb nj\u00eb fenomen q\u00eb lind brenda nj\u00eb dite. Ai \u00ebsht\u00eb rezultat i nj\u00eb procesi t\u00eb gjat\u00eb degradimi institucional, i cili nuk mund t\u00eb ndodh\u00eb pa d\u00ebshtim serioz t\u00eb mekanizmave t\u00eb kontrollit dhe pa p\u00ebrgjegj\u00ebsi n\u00eb nivelet m\u00eb t\u00eb larta t\u00eb drejtimit.<\/span><br data-start=\"3340\" data-end=\"3343\" \/><span style=\"color: #000000;\">Ministri i Brendsh\u00ebm duhet t\u00eb shpjegoj\u00eb pse, pavar\u00ebsisht paralajm\u00ebrimeve t\u00eb vazhdueshme nga raportet nd\u00ebrkomb\u00ebtare dhe sinjaleve t\u00eb shumta q\u00eb kan\u00eb dal\u00eb n\u00eb drit\u00eb gjat\u00eb viteve t\u00eb fundit, nuk jan\u00eb marr\u00eb masa t\u00eb mjaftueshme p\u00ebr t\u00eb parandaluar k\u00ebt\u00eb nivel infiltrimi t\u00eb krimit n\u00eb Policin\u00eb e Shtetit.<\/span><br data-start=\"3636\" data-end=\"3639\" \/><span style=\"color: #000000;\">Publiku shqiptar ka t\u00eb drejt\u00eb t\u00eb dij\u00eb n\u00ebse kjo situat\u00eb \u00ebsht\u00eb rezultat i neglizhenc\u00ebs dhe paaft\u00ebsis\u00eb institucionale, apo n\u00ebse mungesa e veprimit dhe tolerimi i k\u00ebtyre fenomeneve ka ardhur si rrjedhoj\u00eb e nj\u00eb bashk\u00ebpunimi t\u00eb ngusht\u00eb midis qeveris\u00eb dhe krimit t\u00eb organizuar p\u00ebr p\u00ebrfitime t\u00eb p\u00ebrbashk\u00ebta monetare dhe elektorale.\u201d<\/span><\/p>\n","protected":false,"gt_translate_keys":[{"key":"rendered","format":"html"}]},"excerpt":{"rendered":"<p>N\u00ebnkryetari i Komisionit p\u00ebr Pun\u00ebt e Brendshme dhe Mbrojtjen Komb\u00ebtare, Klevis Balliu, ka k\u00ebrkuar q\u00eb ministri i Brendsh\u00ebm t\u00eb jap\u00eb llogari n\u00eb Kuvend lidhur me shqet\u00ebsimet p\u00ebr nivelin e inkriminimit dhe cenueshm\u00ebrin\u00eb e Policis\u00eb s\u00eb Shtetit ndaj korrupsionit dhe ndikimit t\u00eb krimit t\u00eb organizuar. N\u00eb nj\u00eb deklarat\u00eb nga selia blu, Balliu theksoi se raportet e [&hellip;]<\/p>\n","protected":false,"gt_translate_keys":[{"key":"rendered","format":"html"}]},"author":32,"featured_media":790992,"comment_status":"closed","ping_status":"open","sticky":false,"template":"","format":"standard","meta":{"footnotes":""},"categories":[65],"tags":[],"class_list":["post-793557","post","type-post","status-publish","format-standard","has-post-thumbnail","hentry","category-lajme"],"gt_translate_keys":[{"key":"link","format":"url"}],"_links":{"self":[{"href":"https:\/\/www.hashtag.al\/index.php\/wp-json\/wp\/v2\/posts\/793557","targetHints":{"allow":["GET"]}}],"collection":[{"href":"https:\/\/www.hashtag.al\/index.php\/wp-json\/wp\/v2\/posts"}],"about":[{"href":"https:\/\/www.hashtag.al\/index.php\/wp-json\/wp\/v2\/types\/post"}],"author":[{"embeddable":true,"href":"https:\/\/www.hashtag.al\/index.php\/wp-json\/wp\/v2\/users\/32"}],"replies":[{"embeddable":true,"href":"https:\/\/www.hashtag.al\/index.php\/wp-json\/wp\/v2\/comments?post=793557"}],"version-history":[{"count":99999,"href":"https:\/\/www.hashtag.al\/index.php\/wp-json\/wp\/v2\/posts\/793557\/revisions"}],"predecessor-version":[{"id":793559,"href":"https:\/\/www.hashtag.al\/index.php\/wp-json\/wp\/v2\/posts\/793557\/revisions\/793559"}],"wp:featuredmedia":[{"embeddable":true,"href":"https:\/\/www.hashtag.al\/index.php\/wp-json\/wp\/v2\/media\/790992"}],"wp:attachment":[{"href":"https:\/\/www.hashtag.al\/index.php\/wp-json\/wp\/v2\/media?parent=793557"}],"wp:term":[{"taxonomy":"category","embeddable":true,"href":"https:\/\/www.hashtag.al\/index.php\/wp-json\/wp\/v2\/categories?post=793557"},{"taxonomy":"post_tag","embeddable":true,"href":"https:\/\/www.hashtag.al\/index.php\/wp-json\/wp\/v2\/tags?post=793557"}],"curies":[{"name":"wp","href":"https:\/\/api.w.org\/{rel}","templated":true}]}}