{"id":793548,"date":"2026-03-30T09:33:25","date_gmt":"2026-03-30T07:33:25","guid":{"rendered":"https:\/\/www.hashtag.al\/?p=793548"},"modified":"2026-03-30T09:34:05","modified_gmt":"2026-03-30T07:34:05","slug":"kriza-nga-lufta-me-iranin-g7-do-te-mblidhet-urgjentisht-per-ekonomine-dhe-energjine","status":"publish","type":"post","link":"https:\/\/www.hashtag.al\/index.php\/2026\/03\/30\/kriza-nga-lufta-me-iranin-g7-do-te-mblidhet-urgjentisht-per-ekonomine-dhe-energjine\/","title":{"rendered":"Kriza nga lufta me Iranin, G7 do t\u00eb mblidhet urgjentisht p\u00ebr ekonomin\u00eb dhe energjin\u00eb","gt_translate_keys":[{"key":"rendered","format":"text"}]},"content":{"rendered":"<p data-start=\"84\" data-end=\"379\"><span style=\"color: #000000;\"><a href=\"https:\/\/www.hashtag.al\/index.php\/2026\/03\/30\/kriza-nga-lufta-me-iranin-g7-do-te-mblidhet-urgjentisht-per-ekonomine-dhe-energjine\/img_8655\/\" rel=\"attachment wp-att-793550\"><img loading=\"lazy\" decoding=\"async\" class=\"alignnone size-full wp-image-793550\" src=\"https:\/\/www.hashtag.al\/wp-content\/uploads\/2026\/03\/IMG_8655.jpeg\" alt=\"\" width=\"720\" height=\"405\" srcset=\"https:\/\/www.hashtag.al\/wp-content\/uploads\/2026\/03\/IMG_8655.jpeg 720w, https:\/\/www.hashtag.al\/wp-content\/uploads\/2026\/03\/IMG_8655-300x169.jpeg 300w\" sizes=\"auto, (max-width: 720px) 100vw, 720px\" \/><\/a><br \/>\nMinistrat e energjis\u00eb dhe financave t\u00eb vendeve t\u00eb <span class=\"hover:entity-accent entity-underline inline cursor-pointer align-baseline\"><span class=\"whitespace-normal\">G7<\/span><\/span>, s\u00eb bashku me guvernator\u00ebt e bankave qendrore, do t\u00eb zhvillojn\u00eb sot nj\u00eb takim urgjent online, mes frik\u00ebs se pasojat ekonomike t\u00eb luft\u00ebs me <span class=\"hover:entity-accent entity-underline inline cursor-pointer align-baseline\"><span class=\"whitespace-normal\">Iranin <\/span><\/span>po i afrohen nj\u00eb pike kritike.<\/span><\/p>\n<p data-start=\"381\" data-end=\"539\"><span style=\"color: #000000;\">Sipas raportimeve t\u00eb <span style=\"color: #0000ff;\"><a style=\"color: #0000ff;\" href=\"https:\/\/www.euronews.com\/my-europe\/2026\/03\/30\/newsletter-g7-ministers-to-hold-crunch-talks-as-wars-economic-fallout-deepens\">Euronews<\/a><\/span>, n\u00eb tryez\u00eb pritet t\u00eb diskutohet edhe nj\u00eb tjet\u00ebr \u00e7lirim i rezervave strategjike t\u00eb naft\u00ebs, si mas\u00eb p\u00ebr t\u00eb zbutur goditjen n\u00eb tregjet globale.<\/span><\/p>\n<p data-start=\"541\" data-end=\"986\"><span style=\"color: #000000;\">Aleat\u00ebt evropian\u00eb dhe aziatik\u00eb t\u00eb <span class=\"hover:entity-accent entity-underline inline cursor-pointer align-baseline\"><span class=\"whitespace-normal\">Shtetet e Bashkuara<\/span><\/span> konsiderohen m\u00eb t\u00eb ekspozuar ndaj kriz\u00ebs, \u00e7ka po shton tensionet brenda grupit. K\u00ebto p\u00ebr\u00e7arje u shfaq\u00ebn edhe gjat\u00eb takimit t\u00eb fundit t\u00eb ministrave t\u00eb Jasht\u00ebm n\u00eb <span class=\"hover:entity-accent entity-underline inline cursor-pointer align-baseline\"><span class=\"whitespace-normal\">Franc\u00eb<\/span><\/span>, ku Sekretari amerikan i Shtetit <span class=\"hover:entity-accent entity-underline inline cursor-pointer align-baseline\"><span class=\"whitespace-normal\">Marco Rubio<\/span><\/span> pati p\u00ebrplasje me p\u00ebrfaq\u00ebsuesen e politik\u00ebs s\u00eb jashtme t\u00eb BE-s\u00eb, <span class=\"hover:entity-accent entity-underline inline cursor-pointer align-baseline\"><span class=\"whitespace-normal\">Kaja Kallas<\/span><\/span>.<\/span><\/p>\n<p data-start=\"988\" data-end=\"1120\"><span style=\"color: #000000;\">Nd\u00ebrkoh\u00eb, tregjet evropiane kan\u00eb reaguar menj\u00ebher\u00eb, duke u hapur n\u00eb r\u00ebnie, nd\u00ebrsa \u00e7mimet e naft\u00ebs dhe gazit vijojn\u00eb rritjen e fort\u00eb.<\/span><\/p>\n<p data-start=\"1122\" data-end=\"1349\"><span style=\"color: #000000;\">Nj\u00eb nga shqet\u00ebsimet kryesore mbetet bllokimi i <span class=\"hover:entity-accent entity-underline inline cursor-pointer align-baseline\"><span class=\"whitespace-normal\">Ngushtic\u00ebs s\u00eb Hormuzit<\/span><\/span>, nj\u00eb rrug\u00eb ky\u00e7e ku kalon nj\u00eb pjes\u00eb e madhe e furnizimit global me energji dhe mallra, p\u00ebrfshir\u00eb edhe plehrat kimike, thelb\u00ebsore p\u00ebr bujq\u00ebsin\u00eb.<\/span><\/p>\n<p data-start=\"1351\" data-end=\"1545\"><span style=\"color: #000000;\">Rritja e \u00e7mimeve dhe kostove t\u00eb huamarrjes po shton presionin mbi ekonomit\u00eb, nd\u00ebrsa disa vende n\u00eb zhvillim kan\u00eb nisur tashm\u00eb t\u00eb kufizojn\u00eb furnizimin me karburant dhe t\u00eb subvencionojn\u00eb energjin\u00eb.<\/span><\/p>\n<p data-start=\"1547\" data-end=\"1764\"><span style=\"color: #000000;\">N\u00eb <span class=\"hover:entity-accent entity-underline inline cursor-pointer align-baseline\"><span class=\"whitespace-normal\">Bruksel<\/span><\/span>, ministrat e energjis\u00eb t\u00eb Bashkimit Evropian po shqyrtojn\u00eb masa si vendosja e nj\u00eb tavani p\u00ebr \u00e7mimin e naft\u00ebs ose taksimi i fitimeve t\u00eb jasht\u00ebzakonshme t\u00eb kompanive energjetike.<\/span><\/p>\n<p data-start=\"1766\" data-end=\"2027\"><span style=\"color: #000000;\">Paralelisht, ministrat e bujq\u00ebsis\u00eb do t\u00eb diskutojn\u00eb kriz\u00ebn n\u00eb tregun e plehrave kimike, ku <span class=\"hover:entity-accent entity-underline inline cursor-pointer align-baseline\"><span class=\"whitespace-normal\">Franc\u00eb<\/span><\/span> po k\u00ebrkon pezullimin e p\u00ebrkohsh\u00ebm t\u00eb mekanizmit t\u00eb BE-s\u00eb p\u00ebr rregullimin e karbonit n\u00eb kufi (CBAM), p\u00ebr t\u00eb ulur kostot p\u00ebr fermer\u00ebt.<\/span><\/p>\n<p data-start=\"2029\" data-end=\"2267\" data-is-last-node=\"\" data-is-only-node=\"\"><span style=\"color: #000000;\">Frika p\u00ebr munges\u00eb furnizimesh dhe rritje t\u00eb \u00e7mimeve ushqimore po shton presionin p\u00ebr masa t\u00eb menj\u00ebhershme, nd\u00ebrsa zyrtar\u00ebt evropian\u00eb paralajm\u00ebrojn\u00eb se hap\u00ebsira financiare p\u00ebr nd\u00ebrhyrje \u00ebsht\u00eb m\u00eb e kufizuar krahasuar me kriz\u00ebn e vitit 2022.<\/span><\/p>\n","protected":false,"gt_translate_keys":[{"key":"rendered","format":"html"}]},"excerpt":{"rendered":"<p>Ministrat e energjis\u00eb dhe financave t\u00eb vendeve t\u00eb G7, s\u00eb bashku me guvernator\u00ebt e bankave qendrore, do t\u00eb zhvillojn\u00eb sot nj\u00eb takim urgjent online, mes frik\u00ebs se pasojat ekonomike t\u00eb luft\u00ebs me Iranin po i afrohen nj\u00eb pike kritike. Sipas raportimeve t\u00eb Euronews, n\u00eb tryez\u00eb pritet t\u00eb diskutohet edhe nj\u00eb tjet\u00ebr \u00e7lirim i rezervave strategjike [&hellip;]<\/p>\n","protected":false,"gt_translate_keys":[{"key":"rendered","format":"html"}]},"author":32,"featured_media":793550,"comment_status":"closed","ping_status":"open","sticky":false,"template":"","format":"standard","meta":{"footnotes":""},"categories":[6],"tags":[],"class_list":["post-793548","post","type-post","status-publish","format-standard","has-post-thumbnail","hentry","category-nderkombetare"],"gt_translate_keys":[{"key":"link","format":"url"}],"_links":{"self":[{"href":"https:\/\/www.hashtag.al\/index.php\/wp-json\/wp\/v2\/posts\/793548","targetHints":{"allow":["GET"]}}],"collection":[{"href":"https:\/\/www.hashtag.al\/index.php\/wp-json\/wp\/v2\/posts"}],"about":[{"href":"https:\/\/www.hashtag.al\/index.php\/wp-json\/wp\/v2\/types\/post"}],"author":[{"embeddable":true,"href":"https:\/\/www.hashtag.al\/index.php\/wp-json\/wp\/v2\/users\/32"}],"replies":[{"embeddable":true,"href":"https:\/\/www.hashtag.al\/index.php\/wp-json\/wp\/v2\/comments?post=793548"}],"version-history":[{"count":99999,"href":"https:\/\/www.hashtag.al\/index.php\/wp-json\/wp\/v2\/posts\/793548\/revisions"}],"predecessor-version":[{"id":793553,"href":"https:\/\/www.hashtag.al\/index.php\/wp-json\/wp\/v2\/posts\/793548\/revisions\/793553"}],"wp:featuredmedia":[{"embeddable":true,"href":"https:\/\/www.hashtag.al\/index.php\/wp-json\/wp\/v2\/media\/793550"}],"wp:attachment":[{"href":"https:\/\/www.hashtag.al\/index.php\/wp-json\/wp\/v2\/media?parent=793548"}],"wp:term":[{"taxonomy":"category","embeddable":true,"href":"https:\/\/www.hashtag.al\/index.php\/wp-json\/wp\/v2\/categories?post=793548"},{"taxonomy":"post_tag","embeddable":true,"href":"https:\/\/www.hashtag.al\/index.php\/wp-json\/wp\/v2\/tags?post=793548"}],"curies":[{"name":"wp","href":"https:\/\/api.w.org\/{rel}","templated":true}]}}