{"id":793507,"date":"2026-03-29T21:26:19","date_gmt":"2026-03-29T19:26:19","guid":{"rendered":"https:\/\/www.hashtag.al\/?p=793507"},"modified":"2026-03-29T21:42:35","modified_gmt":"2026-03-29T19:42:35","slug":"italia-kritikon-mbylljen-e-kishes-se-krishtere-ne-jeruzalem-nga-autoritetet-izraelite","status":"publish","type":"post","link":"https:\/\/www.hashtag.al\/index.php\/2026\/03\/29\/italia-kritikon-mbylljen-e-kishes-se-krishtere-ne-jeruzalem-nga-autoritetet-izraelite\/","title":{"rendered":"Italia kritikon mbylljen e kish\u00ebs s\u00eb krishter\u00eb n\u00eb Jeruzalem nga autoritetet izraelite","gt_translate_keys":[{"key":"rendered","format":"text"}]},"content":{"rendered":"<p><img loading=\"lazy\" decoding=\"async\" class=\"aligncenter size-full wp-image-793508\" src=\"https:\/\/www.hashtag.al\/wp-content\/uploads\/2026\/03\/cardinal-pizzaballa-palm-sunday-ezgif.com-webp-to-jpg-converter.jpg\" alt=\"\" width=\"1440\" height=\"810\" srcset=\"https:\/\/www.hashtag.al\/wp-content\/uploads\/2026\/03\/cardinal-pizzaballa-palm-sunday-ezgif.com-webp-to-jpg-converter.jpg 1440w, https:\/\/www.hashtag.al\/wp-content\/uploads\/2026\/03\/cardinal-pizzaballa-palm-sunday-ezgif.com-webp-to-jpg-converter-300x169.jpg 300w, https:\/\/www.hashtag.al\/wp-content\/uploads\/2026\/03\/cardinal-pizzaballa-palm-sunday-ezgif.com-webp-to-jpg-converter-1024x576.jpg 1024w, https:\/\/www.hashtag.al\/wp-content\/uploads\/2026\/03\/cardinal-pizzaballa-palm-sunday-ezgif.com-webp-to-jpg-converter-768x432.jpg 768w\" sizes=\"auto, (max-width: 1440px) 100vw, 1440px\" \/><\/p>\n<p><span style=\"color: #000000;\">Qeveria italiane kritikoi ashp\u00ebr vendimin e Izraelit p\u00ebr mbylljen e vendeve t\u00eb shenjta t\u00eb krishtera p\u00ebr t\u00eb Diel\u00ebne\u00a0 Palmave, duke e cil\u00ebsuar si nj\u00eb \u201cfyerje\u201d ndaj liris\u00eb fetare n\u00eb Tok\u00ebn e Shenjt\u00eb.<\/span><\/p>\n<p><span style=\"color: #000000;\"> Kryeministrja italiane Giorgia Meloni deklaroi se Kisha e Varrit t\u00eb Shenjt\u00eb \u00ebsht\u00eb nj\u00eb vend i shenjt\u00eb p\u00ebr krisht\u00ebrimin dhe duhet t\u00eb ruhet p\u00ebr kryerjen e riteve fetare. Ajo shtoi se ndalimi i hyrjes s\u00eb Patriarkut t\u00eb Jerusalemit n\u00eb nj\u00eb fest\u00eb kaq t\u00eb r\u00ebnd\u00ebsishme si e Diela e Palmave p\u00ebrb\u00ebn fyerje jo vet\u00ebm p\u00ebr besimtar\u00ebt, por p\u00ebr \u00e7do komunitet q\u00eb respekton lirin\u00eb fetare.<\/span><\/p>\n<p><span style=\"color: #000000;\"> Patriarkana Latine b\u00ebri t\u00eb ditur se q\u00eb nga fillimi i luft\u00ebs me Iranin m\u00eb 28 shkurt, n\u00eb kish\u00eb jan\u00eb mbajtur mesha pa pranin\u00eb e publikut dhe nuk ishte e qart\u00eb pse kjo e diel ishte trajtuar ndryshe. Z\u00ebdh\u00ebn\u00ebsi i Patriarkan\u00ebs Latine t\u00eb Jerusalemit, Farid Jubran, tha se b\u00ebhej fjal\u00eb p\u00ebr nj\u00eb dit\u00eb shum\u00eb t\u00eb shenjt\u00eb p\u00ebr t\u00eb krishter\u00ebt dhe se sipas tyre nuk kishte justifikim p\u00ebr nj\u00eb vendim t\u00eb till\u00eb.<\/span><\/p>\n<p><span style=\"color: #000000;\">Ai shtoi se kisha kishte k\u00ebrkuar leje nga policia q\u00eb disa lider\u00eb fetar\u00eb t\u00eb hynin n\u00eb kish\u00eb p\u00ebr nj\u00eb mesh\u00eb private, jo publike. Papa Pope Leo XIV, n\u00eb fund t\u00eb mesh\u00ebs s\u00eb s\u00eb Diel\u00ebs s\u00eb Palmave n\u00eb St. Peter\u2019s Square, u lut p\u00ebr t\u00eb gjith\u00eb t\u00eb krishter\u00ebt n\u00eb Lindjen e Mesme, t\u00eb cil\u00ebt sipas tij po jetojn\u00eb nj\u00eb konflikt \u201ct\u00eb tmerrsh\u00ebm\u201d.<\/span><\/p>\n<p><img loading=\"lazy\" decoding=\"async\" class=\"aligncenter size-full wp-image-793509\" src=\"https:\/\/www.hashtag.al\/wp-content\/uploads\/2026\/03\/melomi.jpg\" alt=\"\" width=\"864\" height=\"486\" srcset=\"https:\/\/www.hashtag.al\/wp-content\/uploads\/2026\/03\/melomi.jpg 864w, https:\/\/www.hashtag.al\/wp-content\/uploads\/2026\/03\/melomi-300x169.jpg 300w, https:\/\/www.hashtag.al\/wp-content\/uploads\/2026\/03\/melomi-768x432.jpg 768w\" sizes=\"auto, (max-width: 864px) 100vw, 864px\" \/><\/p>\n<p><span style=\"color: #000000;\">Ai tha se n\u00eb shum\u00eb raste ata nuk mund t\u00eb praktikojn\u00eb plot\u00ebsisht ritet e k\u00ebtyre dit\u00ebve t\u00eb shenjta, pa dh\u00ebn\u00eb holl\u00ebsi t\u00eb m\u00ebtejshme. Kryeministri izraelit Benjamin Netanyahu deklaroi se nuk kishte \u201cq\u00ebllim dashakeq\u201d dhe se kardinali ishte ndaluar p\u00ebr arsye sigurie, por Izraeli do p\u00ebrpiqet t\u00eb hap\u00eb pjes\u00ebrisht Kish\u00ebn e Varrit t\u00eb Shenjt\u00eb n\u00eb dit\u00ebt n\u00eb vijim.<\/span><\/p>\n<p><span style=\"color: #000000;\">\u201cDuke marr\u00eb parasysh shenjt\u00ebrin\u00eb e jav\u00ebs q\u00eb paraprin Pashk\u00ebt p\u00ebr t\u00eb krishter\u00ebt n\u00eb mbar\u00eb bot\u00ebn, institucionet e siguris\u00eb s\u00eb Izraelit po hartojn\u00eb nj\u00eb plan q\u00eb do t\u2019u mund\u00ebsoj\u00eb udh\u00ebheq\u00ebsve fetar\u00eb t\u00eb kryejn\u00eb adhurimin n\u00eb k\u00ebt\u00eb vend t\u00eb shenjt\u00eb,\u201d shkroi Netanyahu.<\/span><\/p>\n<p><span style=\"color: #000000;\">Muri Per\u00ebndimor, nj\u00eb vend i shenjt\u00eb p\u00ebr hebrenjt\u00eb, \u00ebsht\u00eb gjithashtu kryesisht i mbyllur p\u00ebr shkak t\u00eb shqet\u00ebsimeve p\u00ebr sigurin\u00eb, por autoritetet lejojn\u00eb deri n\u00eb 50 persona nj\u00ebher\u00ebsh t\u00eb luten n\u00eb nj\u00eb zon\u00eb t\u00eb mbyllur pran\u00eb sheshit. Kisha m\u00eb t\u00eb vogla, sinagoga dhe xhami n\u00eb Qytetin e Vjet\u00ebr t\u00eb Jerusalemit jan\u00eb t\u00eb hapura vet\u00ebm n\u00ebse ndodhen brenda nj\u00eb larg\u00ebsi t\u00eb caktuar nga strehimet kund\u00ebr bombave q\u00eb konsiderohen t\u00eb sigurta nga ushtria izraelite dhe n\u00ebse numri i pjes\u00ebmarr\u00ebsve nuk kalon 50 persona, shkruan <a href=\"https:\/\/www.foxnews.com\/world\/israel-looking-solutions-open-christian-sites-after-barring-church-leader-palm-sunday-due-war\">Fox<\/a>.<\/span><\/p>\n","protected":false,"gt_translate_keys":[{"key":"rendered","format":"html"}]},"excerpt":{"rendered":"<p>Qeveria italiane kritikoi ashp\u00ebr vendimin e Izraelit p\u00ebr mbylljen e vendeve t\u00eb shenjta t\u00eb krishtera p\u00ebr t\u00eb Diel\u00ebne\u00a0 Palmave, duke e cil\u00ebsuar si nj\u00eb \u201cfyerje\u201d ndaj liris\u00eb fetare n\u00eb Tok\u00ebn e Shenjt\u00eb. Kryeministrja italiane Giorgia Meloni deklaroi se Kisha e Varrit t\u00eb Shenjt\u00eb \u00ebsht\u00eb nj\u00eb vend i shenjt\u00eb p\u00ebr krisht\u00ebrimin dhe duhet t\u00eb ruhet p\u00ebr [&hellip;]<\/p>\n","protected":false,"gt_translate_keys":[{"key":"rendered","format":"html"}]},"author":51,"featured_media":793508,"comment_status":"closed","ping_status":"open","sticky":false,"template":"","format":"standard","meta":{"footnotes":""},"categories":[53],"tags":[],"class_list":["post-793507","post","type-post","status-publish","format-standard","has-post-thumbnail","hentry","category-fast-foodi"],"gt_translate_keys":[{"key":"link","format":"url"}],"_links":{"self":[{"href":"https:\/\/www.hashtag.al\/index.php\/wp-json\/wp\/v2\/posts\/793507","targetHints":{"allow":["GET"]}}],"collection":[{"href":"https:\/\/www.hashtag.al\/index.php\/wp-json\/wp\/v2\/posts"}],"about":[{"href":"https:\/\/www.hashtag.al\/index.php\/wp-json\/wp\/v2\/types\/post"}],"author":[{"embeddable":true,"href":"https:\/\/www.hashtag.al\/index.php\/wp-json\/wp\/v2\/users\/51"}],"replies":[{"embeddable":true,"href":"https:\/\/www.hashtag.al\/index.php\/wp-json\/wp\/v2\/comments?post=793507"}],"version-history":[{"count":99999,"href":"https:\/\/www.hashtag.al\/index.php\/wp-json\/wp\/v2\/posts\/793507\/revisions"}],"predecessor-version":[{"id":793510,"href":"https:\/\/www.hashtag.al\/index.php\/wp-json\/wp\/v2\/posts\/793507\/revisions\/793510"}],"wp:featuredmedia":[{"embeddable":true,"href":"https:\/\/www.hashtag.al\/index.php\/wp-json\/wp\/v2\/media\/793508"}],"wp:attachment":[{"href":"https:\/\/www.hashtag.al\/index.php\/wp-json\/wp\/v2\/media?parent=793507"}],"wp:term":[{"taxonomy":"category","embeddable":true,"href":"https:\/\/www.hashtag.al\/index.php\/wp-json\/wp\/v2\/categories?post=793507"},{"taxonomy":"post_tag","embeddable":true,"href":"https:\/\/www.hashtag.al\/index.php\/wp-json\/wp\/v2\/tags?post=793507"}],"curies":[{"name":"wp","href":"https:\/\/api.w.org\/{rel}","templated":true}]}}