{"id":793497,"date":"2026-03-29T20:34:17","date_gmt":"2026-03-29T18:34:17","guid":{"rendered":"https:\/\/www.hashtag.al\/?p=793497"},"modified":"2026-03-29T20:34:17","modified_gmt":"2026-03-29T18:34:17","slug":"izraeli-po-kerkon-zgjidhje-per-hapjen-e-vendeve-te-shenjta-te-krishtera-pas-mbylljes-te-dielen-e-palmave","status":"publish","type":"post","link":"https:\/\/www.hashtag.al\/index.php\/2026\/03\/29\/izraeli-po-kerkon-zgjidhje-per-hapjen-e-vendeve-te-shenjta-te-krishtera-pas-mbylljes-te-dielen-e-palmave\/","title":{"rendered":"Izraeli po k\u00ebrkon \u201czgjidhje\u201d p\u00ebr hapjen e vendeve t\u00eb shenjta t\u00eb krishtera pas mbylljes t\u00eb Diel\u00ebn e Palmave","gt_translate_keys":[{"key":"rendered","format":"text"}]},"content":{"rendered":"<p><img loading=\"lazy\" decoding=\"async\" class=\"aligncenter size-full wp-image-793498\" src=\"https:\/\/www.hashtag.al\/wp-content\/uploads\/2026\/03\/palm-sunday-cancellation-jerusalemjpg-ezgif.com-webp-to-jpg-converter.jpg\" alt=\"\" width=\"1440\" height=\"810\" srcset=\"https:\/\/www.hashtag.al\/wp-content\/uploads\/2026\/03\/palm-sunday-cancellation-jerusalemjpg-ezgif.com-webp-to-jpg-converter.jpg 1440w, https:\/\/www.hashtag.al\/wp-content\/uploads\/2026\/03\/palm-sunday-cancellation-jerusalemjpg-ezgif.com-webp-to-jpg-converter-300x169.jpg 300w, https:\/\/www.hashtag.al\/wp-content\/uploads\/2026\/03\/palm-sunday-cancellation-jerusalemjpg-ezgif.com-webp-to-jpg-converter-1024x576.jpg 1024w, https:\/\/www.hashtag.al\/wp-content\/uploads\/2026\/03\/palm-sunday-cancellation-jerusalemjpg-ezgif.com-webp-to-jpg-converter-768x432.jpg 768w\" sizes=\"auto, (max-width: 1440px) 100vw, 1440px\" \/><\/p>\n<p><span style=\"color: #000000;\">Kisha e \u201cChurch of the Holy Sepulchre\u201d n\u00eb Jerusalem dhe vende t\u00eb tjera t\u00eb r\u00ebnd\u00ebsishme t\u00eb shenjta u mbyll\u00ebn t\u00eb Diel\u00ebn e Palmave p\u00ebr shkak t\u00eb kufizimeve t\u00eb vendosura n\u00eb koh\u00eb lufte nga Izraeli, duke nd\u00ebrprer\u00eb nj\u00eb nga kremtimet m\u00eb t\u00eb shenjta t\u00eb Krisht\u00ebrimit, nd\u00ebrsa lufta me Iranin hyri n\u00eb jav\u00ebn e pest\u00eb.<\/span><\/p>\n<p><span style=\"color: #000000;\">Kisha Katolike e kritikoi vendimin e policis\u00eb si \u201cnj\u00eb mas\u00eb qart\u00ebsisht t\u00eb paarsyeshme dhe tep\u00ebr disproporcionale\u201d.<\/span><\/p>\n<p><span style=\"color: #000000;\">Policia izraelite shprehu keqardhje p\u00ebr kufizimet q\u00eb prek\u00ebn besimtar\u00ebt dhe theksoi nevoj\u00ebn p\u00ebr t\u00eb \u201cekuilibruar lirin\u00eb\u201d me \u201csigurin\u00eb publike\u201d.<\/span><\/p>\n<p><span style=\"color: #000000;\"><em>\u201cSipas udh\u00ebzimeve t\u00eb Komand\u00ebs s\u00eb Mbrojtjes Civile, kufizimet q\u00eb shp\u00ebtojn\u00eb jet\u00eb zbatohen p\u00ebr t\u00eb gjitha vendet e shenjta n\u00eb Qytetin e Vjet\u00ebr &#8211; p\u00ebr hebrenjt\u00eb, t\u00eb krishter\u00ebt dhe mysliman\u00ebt nj\u00ebsoj,\u201d<\/em> deklaroi policia izraelite n\u00eb rrjetin X, duke reaguar ndaj kritikave p\u00ebr lirin\u00eb fetare.<\/span><\/p>\n<p><span style=\"color: #000000;\"><em>\u201cQyteti i Vjet\u00ebr \u00ebsht\u00eb goditur disa her\u00eb k\u00ebt\u00eb muaj nga raketa vdekjeprur\u00ebse, si dhe ka pasur zjarr t\u00eb vazhduesh\u00ebm ndaj zonave t\u00eb banuara.\u201d<\/em><\/span><\/p>\n<p><span style=\"color: #000000;\"><em>\u201cK\u00ebto k\u00ebrc\u00ebnime nuk b\u00ebjn\u00eb dallim mes feve, dhe as detyra jon\u00eb p\u00ebr t\u2019ju mbrojtur,\u201d<\/em> shtoi deklarata.<\/span><\/p>\n<p><span style=\"color: #000000;\"><em>\u201cJemi n\u00eb dialog aktiv me udh\u00ebheq\u00ebsit fetar\u00eb, p\u00ebrfshir\u00eb nj\u00eb takim t\u00eb ardhsh\u00ebm me Patriarkun, p\u00ebr t\u00eb shqyrtuar zgjidhje q\u00eb balancojn\u00eb lirin\u00eb e adhurimit me sigurin\u00eb publike.\u201d<\/em><\/span><\/p>\n<p><span style=\"color: #000000;\">Patriarkana Latine tha se Kardinali Pierbattista Pizzaballa, Patriarku Latin i Jerusalemit, dhe At Francesco Ielpo u ndaluan nga policia izraelite nd\u00ebrsa p\u00ebrpiqeshin t\u00eb hynin privatisht n\u00eb kish\u00eb p\u00ebr t\u00eb kremtuar mesh\u00ebn, pasi procesioni tradicional i s\u00eb Diel\u00ebs s\u00eb Palmave ishte anuluar m\u00eb par\u00eb.<\/span><\/p>\n<p><span style=\"color: #000000;\">Presidenti i Izraelit Isaac Herzog u shpreh se ndiente \u201ckeqardhje t\u00eb madhe\u201d p\u00ebr incidentin e m\u00ebngjesit.<\/span><\/p>\n<p><span style=\"color: #000000;\">Ai sqaroi se ndalimi lidhej me shqet\u00ebsime sigurie p\u00ebr shkak t\u00eb k\u00ebrc\u00ebnimit t\u00eb vazhduesh\u00ebm nga raketat iraniane ndaj popullsis\u00eb civile n\u00eb Izrael, duke p\u00ebrmendur raste t\u00eb fundit kur raketa ran\u00eb pran\u00eb zon\u00ebs s\u00eb Qytetit t\u00eb Vjet\u00ebr t\u00eb Jerusalemit, shkruan <a href=\"https:\/\/www.foxnews.com\/world\/israel-looking-solutions-open-christian-sites-after-barring-church-leader-palm-sunday-due-war\">Fox<\/a>.<\/span><\/p>\n<p><span style=\"color: #000000;\"><em>\u201cRikonfirmova angazhimin e pal\u00ebkundur t\u00eb Shtetit t\u00eb Izraelit p\u00ebr lirin\u00eb e fes\u00eb p\u00ebr t\u00eb gjitha besimet dhe p\u00ebr ruajtjen e status quo-s\u00eb n\u00eb vendet e shenjta t\u00eb Jerusalemit,\u201d<\/em> shkroi Herzog.<\/span><\/p>\n","protected":false,"gt_translate_keys":[{"key":"rendered","format":"html"}]},"excerpt":{"rendered":"<p>Kisha e \u201cChurch of the Holy Sepulchre\u201d n\u00eb Jerusalem dhe vende t\u00eb tjera t\u00eb r\u00ebnd\u00ebsishme t\u00eb shenjta u mbyll\u00ebn t\u00eb Diel\u00ebn e Palmave p\u00ebr shkak t\u00eb kufizimeve t\u00eb vendosura n\u00eb koh\u00eb lufte nga Izraeli, duke nd\u00ebrprer\u00eb nj\u00eb nga kremtimet m\u00eb t\u00eb shenjta t\u00eb Krisht\u00ebrimit, nd\u00ebrsa lufta me Iranin hyri n\u00eb jav\u00ebn e pest\u00eb. Kisha Katolike [&hellip;]<\/p>\n","protected":false,"gt_translate_keys":[{"key":"rendered","format":"html"}]},"author":51,"featured_media":793498,"comment_status":"closed","ping_status":"open","sticky":false,"template":"","format":"standard","meta":{"footnotes":""},"categories":[53],"tags":[],"class_list":["post-793497","post","type-post","status-publish","format-standard","has-post-thumbnail","hentry","category-fast-foodi"],"gt_translate_keys":[{"key":"link","format":"url"}],"_links":{"self":[{"href":"https:\/\/www.hashtag.al\/index.php\/wp-json\/wp\/v2\/posts\/793497","targetHints":{"allow":["GET"]}}],"collection":[{"href":"https:\/\/www.hashtag.al\/index.php\/wp-json\/wp\/v2\/posts"}],"about":[{"href":"https:\/\/www.hashtag.al\/index.php\/wp-json\/wp\/v2\/types\/post"}],"author":[{"embeddable":true,"href":"https:\/\/www.hashtag.al\/index.php\/wp-json\/wp\/v2\/users\/51"}],"replies":[{"embeddable":true,"href":"https:\/\/www.hashtag.al\/index.php\/wp-json\/wp\/v2\/comments?post=793497"}],"version-history":[{"count":99999,"href":"https:\/\/www.hashtag.al\/index.php\/wp-json\/wp\/v2\/posts\/793497\/revisions"}],"predecessor-version":[{"id":793499,"href":"https:\/\/www.hashtag.al\/index.php\/wp-json\/wp\/v2\/posts\/793497\/revisions\/793499"}],"wp:featuredmedia":[{"embeddable":true,"href":"https:\/\/www.hashtag.al\/index.php\/wp-json\/wp\/v2\/media\/793498"}],"wp:attachment":[{"href":"https:\/\/www.hashtag.al\/index.php\/wp-json\/wp\/v2\/media?parent=793497"}],"wp:term":[{"taxonomy":"category","embeddable":true,"href":"https:\/\/www.hashtag.al\/index.php\/wp-json\/wp\/v2\/categories?post=793497"},{"taxonomy":"post_tag","embeddable":true,"href":"https:\/\/www.hashtag.al\/index.php\/wp-json\/wp\/v2\/tags?post=793497"}],"curies":[{"name":"wp","href":"https:\/\/api.w.org\/{rel}","templated":true}]}}