{"id":793117,"date":"2026-03-27T14:46:09","date_gmt":"2026-03-27T13:46:09","guid":{"rendered":"https:\/\/www.hashtag.al\/?p=793117"},"modified":"2026-03-27T14:46:24","modified_gmt":"2026-03-27T13:46:24","slug":"kurti-sot-ne-france-vucic-pretendon-se-kryeministri-i-kosoves-mund-te-kerkoje-dergimin-e-fsk-se-ne-veri","status":"publish","type":"post","link":"https:\/\/www.hashtag.al\/index.php\/2026\/03\/27\/kurti-sot-ne-france-vucic-pretendon-se-kryeministri-i-kosoves-mund-te-kerkoje-dergimin-e-fsk-se-ne-veri\/","title":{"rendered":"Kurti sot n\u00eb Franc\u00eb\/ Vu\u00e7i\u00e7 pretendon se kryeministri i Kosov\u00ebs mund t\u00eb k\u00ebrkoj\u00eb d\u00ebrgimin e FSK-s\u00eb n\u00eb Veri","gt_translate_keys":[{"key":"rendered","format":"text"}]},"content":{"rendered":"<p><span style=\"color: #000000;\"><a href=\"https:\/\/www.hashtag.al\/index.php\/2026\/03\/27\/kurti-sot-ne-france-vucic-pretendon-se-kryeministri-i-kosoves-mund-te-kerkoje-dergimin-e-fsk-se-ne-veri\/kurti-macron-2\/\" rel=\"attachment wp-att-793118\"><img loading=\"lazy\" decoding=\"async\" class=\"alignnone size-full wp-image-793118\" src=\"https:\/\/www.hashtag.al\/wp-content\/uploads\/2026\/03\/kurti-macron.jpg\" alt=\"\" width=\"776\" height=\"431\" srcset=\"https:\/\/www.hashtag.al\/wp-content\/uploads\/2026\/03\/kurti-macron.jpg 776w, https:\/\/www.hashtag.al\/wp-content\/uploads\/2026\/03\/kurti-macron-300x167.jpg 300w, https:\/\/www.hashtag.al\/wp-content\/uploads\/2026\/03\/kurti-macron-768x427.jpg 768w\" sizes=\"auto, (max-width: 776px) 100vw, 776px\" \/><\/a><\/span><\/p>\n<p><span style=\"color: #000000;\">Kryeministri i Kosov\u00ebs, Albin Kurti, ka udh\u00ebtuar t\u00eb premten p\u00ebr vizit\u00eb zyrtare n\u00eb Franc\u00eb, ku pritet t\u00eb takohet me presidentin Emmanuel Macron. Qeveria e Kosov\u00ebs nuk ka dh\u00ebn\u00eb m\u00eb shum\u00eb holl\u00ebsi rreth k\u00ebtij takimi.<\/span><\/p>\n<p><span style=\"color: #000000;\">Por, presidenti i Serbis\u00eb, Aleksandar Vu\u00e7i\u00e7, ka pretenduar t\u00eb enjten mbr\u00ebma n\u00eb televizionin Prva n\u00eb Beograd, se kryeministri Kurti mund t\u2019i k\u00ebrkoj\u00eb liderit francez plot\u00ebsimin e ca kushteve \u201ckund\u00ebr popullit serb\u201d.<\/span><\/p>\n<p><span style=\"color: #000000;\">Sipas presidentit serb, Kurti ka shkuar n\u00eb Paris me \u201cdy k\u00ebrkesa\u201d: q\u00eb Serbis\u00eb t\u2019i vendoset kusht p\u00ebr t\u00eb mos p\u00ebrdorur kurr\u00eb arm\u00eb kund\u00ebr shqiptar\u00ebve, p\u00ebrkat\u00ebsisht kund\u00ebr Kosov\u00ebs, dhe q\u00eb NATO-ja t\u00eb largohet nga zona tok\u00ebsore e siguris\u00eb, n\u00eb m\u00ebnyr\u00eb q\u00eb Forca e Siguris\u00eb s\u00eb Kosov\u00ebs t\u00eb mund t\u00eb shkoj\u00eb n\u00eb veriun e vendit t\u00eb banuar me shumic\u00eb serbe.<\/span><\/p>\n<p><span style=\"color: #000000;\">Vu\u00e7i\u00e7 pretendon se \u201cagjend\u00ebn e Kurtit n\u00eb Paris\u201d e ka m\u00ebsuar p\u00ebrmes \u201cnjer\u00ebzve tan\u00eb n\u00eb rrethin e Kurtit\u201d.<\/span><\/p>\n<p><span style=\"color: #000000;\">Mes tjerash, Vu\u00e7i\u00e7 ka th\u00ebn\u00eb se shpreson q\u00eb NATO-ja \u201cnuk do t\u2019i mb\u00ebshtes\u00eb k\u00ebto k\u00ebrkesa dhe jam i sigurt q\u00eb as Macron nuk do t\u2019i mb\u00ebshtes\u00eb\u201d.<\/span><\/p>\n<p><span style=\"color: #000000;\"><em>\u201cKy do t\u00eb ishte sulm i drejtp\u00ebrdrejt\u00eb ndaj paqes, sulm i drejtp\u00ebrdrejt\u00eb ndaj popullsis\u00eb son\u00eb, ndaj gjith\u00eb Serbis\u00eb, dhe jam pothuajse i sigurt se kjo nuk do t\u00eb ndodh\u00eb<\/em>\u201d, tha Vu\u00e7i\u00e7.<\/span><\/p>\n<p><span style=\"color: #000000;\">Radio Evropa e Lir\u00eb e ka pyetur Qeverin\u00eb e Kosov\u00ebs p\u00ebr q\u00ebndrimin e saj lidhur me pretendimet e Vu\u00e7i\u00e7it, por nuk ka marr\u00eb ende p\u00ebrgjigje. Shqet\u00ebsimet e Kosov\u00ebs p\u00ebr armatosjen e Serbis\u00eb dhe veriu<\/span><\/p>\n<p><span style=\"color: #000000;\">Pretendimet e Vu\u00e7i\u00e7it vijn\u00eb n\u00eb nj\u00eb koh\u00eb kur autoritetet kosovare kan\u00eb shprehur shqet\u00ebsim pasi Serbia bleu raketat balistike supersonike CM-400 nga Kina n\u00eb fillim t\u00eb muajit. Ministri i Mbrojtjes i Kosov\u00ebs, Ejup Maqedonci, i tha Radios Evropa e Lir\u00eb m\u00eb 13 mars se Serbia, p\u00ebrmes k\u00ebtyre blerjeve, po shfaq \u201ctendenca hegjemoniste\u201d karshi vendeve fqinje. Rreth nj\u00eb jav\u00eb m\u00eb von\u00eb, Kurti e akuzoi Beogradin p\u00ebr shfaqje t\u00eb \u201cagresionit\u201d pasi ushtria serbe kreu st\u00ebrvitje m\u00eb 19 mars n\u00eb nj\u00eb fshat t\u00eb banuar me shqiptar\u00eb etnik\u00eb n\u00eb jug t\u00eb Serbis\u00eb, n\u00eb kufi me Kosov\u00ebn.<\/span><\/p>\n<p><span style=\"color: #000000;\">Ai tha asokohe se \u201c<em>jemi thell\u00ebsisht t\u00eb shqet\u00ebsuar me demonstrimin e pajustifikuesh\u00ebm ushtarak t\u00eb Serbis\u00eb, me helikopter\u00eb e parashutist\u00eb, n\u00eb zonat e banuara me shqiptar\u00eb n\u00eb Bujanoc, fare pran\u00eb kufirit me Kosov\u00ebn\u201d.<\/em><\/span><\/p>\n<p><span style=\"color: #000000;\">Por, misioni i NATO-s n\u00eb Kosov\u00eb, i tha Radios Evropa e Lir\u00eb se ato st\u00ebrvitjet nuk p\u00ebrb\u00ebnin rrezik dhe se ishte njoftuar paraprakisht nga Beogradi se Forcat e Armatosura t\u00eb Serbis\u00eb do t\u00eb zhvillonin st\u00ebrvitje t\u00eb planifikuara n\u00eb fshatin Muhovc, pran\u00eb kufirit jugor t\u00eb Kosov\u00ebs.<\/span><\/p>\n<p><span style=\"color: #000000;\">KFOR-i \u00ebsht\u00eb p\u00ebrgjegj\u00ebs p\u00ebr sigurin\u00eb e kufijve t\u00eb Kosov\u00ebs me Serbin\u00eb, nd\u00ebrsa p\u00ebr pjes\u00ebn tjet\u00ebr t\u00eb vij\u00ebs kufitare \u00ebsht\u00eb Policia e Kosov\u00ebs.<\/span><\/p>\n<p><span style=\"color: #000000;\">Kosova dhe Serbia ndajn\u00eb nj\u00eb vij\u00eb kufitare t\u00eb gjat\u00eb rreth 400 kilometra. Forca e Siguris\u00eb s\u00eb Kosov\u00ebs, FSK, nuk ka t\u00eb drejt\u00eb t\u00eb shkoj\u00eb n\u00eb veriun e banuar me shumic\u00eb serbe, pa e marr\u00eb p\u00eblqimin paraprak t\u00eb misionit paqeruajt\u00ebs t\u00eb NATO-s, bazuar n\u00eb zotimin e vitit 2013 nga Qeveria e Kosov\u00ebs ndaj NATO-s.<\/span><\/p>\n<p><span style=\"color: #000000;\">Ky angazhim, i dh\u00ebn\u00eb p\u00ebrmes nj\u00eb letre nga ish-kryeministri Hashim Tha\u00e7i drejtuar sekretarit t\u00eb at\u00ebhersh\u00ebm t\u00eb NATO-s, Anders Fogh Rasmussen, mbetet n\u00eb fuqi edhe sot, pavar\u00ebsisht ndryshimeve n\u00eb mandatin e FSK-s\u00eb.<\/span><\/p>\n<p><span style=\"color: #000000;\">Hera e fundit kur FSK-ja ishte n\u00eb veri, me p\u00eblqimin e KFOR-it, ishte m\u00eb 29 korrik t\u00eb vitit 2025, n\u00eb nj\u00eb operacion kur gjeti trupin e pajet\u00eb t\u00eb nj\u00eb personi q\u00eb kishte k\u00ebrcyer nga ura n\u00eb liqenin e Ujmanit. FSK-ja \u00ebsht\u00eb n\u00eb proces t\u00eb shnd\u00ebrrimit n\u00eb ushtri, pas ndryshimeve ligjore t\u00eb miratuara. Ky proces pritet t\u00eb p\u00ebrmbyllet m\u00eb 2028.\/<span style=\"color: #0000ff;\">REL<\/span><\/span><\/p>\n","protected":false,"gt_translate_keys":[{"key":"rendered","format":"html"}]},"excerpt":{"rendered":"<p>Kryeministri i Kosov\u00ebs, Albin Kurti, ka udh\u00ebtuar t\u00eb premten p\u00ebr vizit\u00eb zyrtare n\u00eb Franc\u00eb, ku pritet t\u00eb takohet me presidentin Emmanuel Macron. Qeveria e Kosov\u00ebs nuk ka dh\u00ebn\u00eb m\u00eb shum\u00eb holl\u00ebsi rreth k\u00ebtij takimi. Por, presidenti i Serbis\u00eb, Aleksandar Vu\u00e7i\u00e7, ka pretenduar t\u00eb enjten mbr\u00ebma n\u00eb televizionin Prva n\u00eb Beograd, se kryeministri Kurti mund t\u2019i [&hellip;]<\/p>\n","protected":false,"gt_translate_keys":[{"key":"rendered","format":"html"}]},"author":32,"featured_media":793118,"comment_status":"closed","ping_status":"open","sticky":false,"template":"","format":"standard","meta":{"footnotes":""},"categories":[149],"tags":[],"class_list":["post-793117","post","type-post","status-publish","format-standard","has-post-thumbnail","hentry","category-kosoverajon"],"gt_translate_keys":[{"key":"link","format":"url"}],"_links":{"self":[{"href":"https:\/\/www.hashtag.al\/index.php\/wp-json\/wp\/v2\/posts\/793117","targetHints":{"allow":["GET"]}}],"collection":[{"href":"https:\/\/www.hashtag.al\/index.php\/wp-json\/wp\/v2\/posts"}],"about":[{"href":"https:\/\/www.hashtag.al\/index.php\/wp-json\/wp\/v2\/types\/post"}],"author":[{"embeddable":true,"href":"https:\/\/www.hashtag.al\/index.php\/wp-json\/wp\/v2\/users\/32"}],"replies":[{"embeddable":true,"href":"https:\/\/www.hashtag.al\/index.php\/wp-json\/wp\/v2\/comments?post=793117"}],"version-history":[{"count":99999,"href":"https:\/\/www.hashtag.al\/index.php\/wp-json\/wp\/v2\/posts\/793117\/revisions"}],"predecessor-version":[{"id":793120,"href":"https:\/\/www.hashtag.al\/index.php\/wp-json\/wp\/v2\/posts\/793117\/revisions\/793120"}],"wp:featuredmedia":[{"embeddable":true,"href":"https:\/\/www.hashtag.al\/index.php\/wp-json\/wp\/v2\/media\/793118"}],"wp:attachment":[{"href":"https:\/\/www.hashtag.al\/index.php\/wp-json\/wp\/v2\/media?parent=793117"}],"wp:term":[{"taxonomy":"category","embeddable":true,"href":"https:\/\/www.hashtag.al\/index.php\/wp-json\/wp\/v2\/categories?post=793117"},{"taxonomy":"post_tag","embeddable":true,"href":"https:\/\/www.hashtag.al\/index.php\/wp-json\/wp\/v2\/tags?post=793117"}],"curies":[{"name":"wp","href":"https:\/\/api.w.org\/{rel}","templated":true}]}}