{"id":791786,"date":"2026-03-19T08:04:31","date_gmt":"2026-03-19T07:04:31","guid":{"rendered":"https:\/\/www.hashtag.al\/?p=791786"},"modified":"2026-03-19T08:04:31","modified_gmt":"2026-03-19T07:04:31","slug":"samiti-i-be-se-ne-krize-ne-fokus-orbani-qe-bllokon-ndihmen-per-ukrainen","status":"publish","type":"post","link":"https:\/\/www.hashtag.al\/index.php\/2026\/03\/19\/samiti-i-be-se-ne-krize-ne-fokus-orbani-qe-bllokon-ndihmen-per-ukrainen\/","title":{"rendered":"Samiti i BE-s\u00eb n\u00eb kriz\u00eb, n\u00eb fokus Orbani q\u00eb bllokon ndihm\u00ebn p\u00ebr Ukrain\u00ebn","gt_translate_keys":[{"key":"rendered","format":"text"}]},"content":{"rendered":"<p data-start=\"243\" data-end=\"524\"><span style=\"color: #000000;\"><a href=\"https:\/\/www.hashtag.al\/index.php\/2022\/04\/05\/komisioni-aktivizon-mekanizmin-e-sundimit-te-ligjit-kunder-hungarise\/orban-von-der-leyen\/\" rel=\"attachment wp-att-515823\"><img loading=\"lazy\" decoding=\"async\" class=\"size-full wp-image-515823 aligncenter\" src=\"https:\/\/www.hashtag.al\/wp-content\/uploads\/2022\/04\/orban-von-der-leyen.jpg\" alt=\"\" width=\"700\" height=\"394\" srcset=\"https:\/\/www.hashtag.al\/wp-content\/uploads\/2022\/04\/orban-von-der-leyen.jpg 700w, https:\/\/www.hashtag.al\/wp-content\/uploads\/2022\/04\/orban-von-der-leyen-300x169.jpg 300w\" sizes=\"auto, (max-width: 700px) 100vw, 700px\" \/><\/a><br \/>\nLider\u00ebt e Bashkimit Evropian mblidhen k\u00ebt\u00eb t\u00eb enjte n\u00eb Bruksel n\u00eb nj\u00eb samit t\u00eb tensionuar, ku n\u00eb fokus do t\u00eb jet\u00eb vetoja e kryeministrit hungarez Viktor Orban ndaj paket\u00ebs prej 90 miliard\u00eb eurosh p\u00ebr Ukrain\u00ebn, si dhe zhvillimet n\u00eb Lindjen e Mesme dhe \u00e7mimet e larta t\u00eb energjis\u00eb, p\u00ebrcjell <span style=\"color: #0000ff;\"><a style=\"color: #0000ff;\" href=\"https:\/\/www.euronews.com\/my-europe\/2026\/03\/18\/orbans-veto-iran-war-and-high-energy-prices-set-to-dominate-eu-summit\">Euronews<\/a><\/span>.<\/span><\/p>\n<p data-start=\"526\" data-end=\"834\"><span style=\"color: #000000;\">Vendimi i Orbanit p\u00ebr t\u00eb bllokuar ndihm\u00ebn n\u00eb faz\u00ebn p\u00ebrfundimtare t\u00eb procesit ka shkaktuar pak\u00ebnaq\u00ebsi t\u00eb madhe mes vendeve an\u00ebtare. Ai e lidh k\u00ebt\u00eb q\u00ebndrim me nd\u00ebrprerjen e furnizimeve me naft\u00eb p\u00ebrmes tubacionit Druzhba, duke akuzuar presidentin e Ukrain\u00ebs Volodymyr Zelensky se po vepron p\u00ebr arsye politike.<\/span><\/p>\n<p data-start=\"836\" data-end=\"1079\"><span style=\"color: #000000;\">Pavar\u00ebsisht disa p\u00ebrpjekjeve p\u00ebr zgjidhje, pritshm\u00ebrit\u00eb p\u00ebr nj\u00eb marr\u00ebveshje para zgjedhjeve n\u00eb Hungari m\u00eb 12 prill mbeten t\u00eb ul\u00ebta. Vet\u00eb Orban ka deklaruar se q\u00ebndrimi i Hungaris\u00eb nuk do t\u00eb ndryshoj\u00eb, duke theksuar se \u201cpa naft\u00eb nuk ka para\u201d.<\/span><\/p>\n<p data-start=\"1081\" data-end=\"1471\"><span style=\"color: #000000;\">N\u00eb t\u00eb nj\u00ebjt\u00ebn koh\u00eb, lider\u00ebt evropian\u00eb do t\u00eb diskutojn\u00eb edhe p\u00ebr p\u00ebrshkall\u00ebzimin e luft\u00ebs n\u00eb Lindjen e Mesme dhe ndikimin e saj n\u00eb tregjet globale t\u00eb energjis\u00eb. K\u00ebrkesa e presidentit amerikan Donald Trump p\u00ebr ndihm\u00eb n\u00eb rihapjen e ngushtic\u00ebs s\u00eb Hormuzit \u00ebsht\u00eb pritur me rezerva nga vendet evropiane, t\u00eb cilat kan\u00eb theksuar se nuk do t\u00eb p\u00ebrfshihen n\u00eb operacione ushtarake n\u00eb kushtet aktuale.<\/span><\/p>\n<p data-start=\"1473\" data-end=\"1720\"><span style=\"color: #000000;\">Presidenti francez Emmanuel Macron \u00ebsht\u00eb shprehur se vendi i tij nuk do t\u00eb marr\u00eb pjes\u00eb n\u00eb operacione p\u00ebr hapjen e k\u00ebsaj rruge strategjike, por mund t\u00eb kontribuoj\u00eb n\u00eb garantimin e siguris\u00eb s\u00eb transportit detar vet\u00ebm pas p\u00ebrfundimit t\u00eb konfliktit.<\/span><\/p>\n<p data-start=\"1722\" data-end=\"2111\"><span style=\"color: #000000;\">Samiti pritet t\u00eb trajtoj\u00eb edhe \u00e7\u00ebshtjen e konkurrueshm\u00ebris\u00eb ekonomike, nd\u00ebrsa vendet an\u00ebtare mbeten t\u00eb ndara p\u00ebr m\u00ebnyr\u00ebn se si duhet t\u00eb p\u00ebrballohen \u00e7mimet e larta t\u00eb energjis\u00eb. N\u00eb qend\u00ebr t\u00eb debatit \u00ebsht\u00eb sistemi i tregtimit t\u00eb emetimeve, p\u00ebr t\u00eb cilin disa vende k\u00ebrkojn\u00eb leht\u00ebsime, nd\u00ebrsa t\u00eb tjera e konsiderojn\u00eb thelb\u00ebsor p\u00ebr uljen e ndotjes dhe tranzicionin drejt energjis\u00eb s\u00eb gjelb\u00ebr.<\/span><\/p>\n<p data-start=\"2113\" data-end=\"2349\"><span style=\"color: #000000;\">Nd\u00ebrkoh\u00eb, Komisioni Evropian ka mbrojtur k\u00ebt\u00eb mekaniz\u00ebm, duke theksuar se ai ofron siguri p\u00ebr investimet afatgjata dhe nxit p\u00ebrdorimin e teknologjive m\u00eb t\u00eb pastra, edhe pse pranon nevoj\u00ebn p\u00ebr p\u00ebrshtatje me realitetet e reja ekonomike.<\/span><\/p>\n","protected":false,"gt_translate_keys":[{"key":"rendered","format":"html"}]},"excerpt":{"rendered":"<p>Lider\u00ebt e Bashkimit Evropian mblidhen k\u00ebt\u00eb t\u00eb enjte n\u00eb Bruksel n\u00eb nj\u00eb samit t\u00eb tensionuar, ku n\u00eb fokus do t\u00eb jet\u00eb vetoja e kryeministrit hungarez Viktor Orban ndaj paket\u00ebs prej 90 miliard\u00eb eurosh p\u00ebr Ukrain\u00ebn, si dhe zhvillimet n\u00eb Lindjen e Mesme dhe \u00e7mimet e larta t\u00eb energjis\u00eb, p\u00ebrcjell Euronews. Vendimi i Orbanit p\u00ebr t\u00eb [&hellip;]<\/p>\n","protected":false,"gt_translate_keys":[{"key":"rendered","format":"html"}]},"author":32,"featured_media":515823,"comment_status":"closed","ping_status":"open","sticky":false,"template":"","format":"standard","meta":{"footnotes":""},"categories":[6],"tags":[],"class_list":["post-791786","post","type-post","status-publish","format-standard","has-post-thumbnail","hentry","category-nderkombetare"],"gt_translate_keys":[{"key":"link","format":"url"}],"_links":{"self":[{"href":"https:\/\/www.hashtag.al\/index.php\/wp-json\/wp\/v2\/posts\/791786","targetHints":{"allow":["GET"]}}],"collection":[{"href":"https:\/\/www.hashtag.al\/index.php\/wp-json\/wp\/v2\/posts"}],"about":[{"href":"https:\/\/www.hashtag.al\/index.php\/wp-json\/wp\/v2\/types\/post"}],"author":[{"embeddable":true,"href":"https:\/\/www.hashtag.al\/index.php\/wp-json\/wp\/v2\/users\/32"}],"replies":[{"embeddable":true,"href":"https:\/\/www.hashtag.al\/index.php\/wp-json\/wp\/v2\/comments?post=791786"}],"version-history":[{"count":99999,"href":"https:\/\/www.hashtag.al\/index.php\/wp-json\/wp\/v2\/posts\/791786\/revisions"}],"predecessor-version":[{"id":791787,"href":"https:\/\/www.hashtag.al\/index.php\/wp-json\/wp\/v2\/posts\/791786\/revisions\/791787"}],"wp:featuredmedia":[{"embeddable":true,"href":"https:\/\/www.hashtag.al\/index.php\/wp-json\/wp\/v2\/media\/515823"}],"wp:attachment":[{"href":"https:\/\/www.hashtag.al\/index.php\/wp-json\/wp\/v2\/media?parent=791786"}],"wp:term":[{"taxonomy":"category","embeddable":true,"href":"https:\/\/www.hashtag.al\/index.php\/wp-json\/wp\/v2\/categories?post=791786"},{"taxonomy":"post_tag","embeddable":true,"href":"https:\/\/www.hashtag.al\/index.php\/wp-json\/wp\/v2\/tags?post=791786"}],"curies":[{"name":"wp","href":"https:\/\/api.w.org\/{rel}","templated":true}]}}