{"id":791473,"date":"2026-03-17T10:23:12","date_gmt":"2026-03-17T09:23:12","guid":{"rendered":"https:\/\/www.hashtag.al\/?p=791473"},"modified":"2026-03-17T10:23:12","modified_gmt":"2026-03-17T09:23:12","slug":"nis-seanca-plenare-ne-kuvend-projektrezoluta-per-iranin-ne-rend-dite-opozita-bojkoton-pjesemarrjen","status":"publish","type":"post","link":"https:\/\/www.hashtag.al\/index.php\/2026\/03\/17\/nis-seanca-plenare-ne-kuvend-projektrezoluta-per-iranin-ne-rend-dite-opozita-bojkoton-pjesemarrjen\/","title":{"rendered":"Nis seanca plenare n\u00eb Kuvend, projektrezoluta p\u00ebr Iranin n\u00eb rend dite, opozita bojkoton pjes\u00ebmarrjen","gt_translate_keys":[{"key":"rendered","format":"text"}]},"content":{"rendered":"<p data-start=\"0\" data-end=\"188\"><span style=\"color: #000000;\"><img loading=\"lazy\" decoding=\"async\" class=\"aligncenter size-full wp-image-791475\" src=\"https:\/\/www.hashtag.al\/wp-content\/uploads\/2026\/03\/69b91a6584ba4kuvendi-bos.jpg\" alt=\"\" width=\"780\" height=\"435\" srcset=\"https:\/\/www.hashtag.al\/wp-content\/uploads\/2026\/03\/69b91a6584ba4kuvendi-bos.jpg 780w, https:\/\/www.hashtag.al\/wp-content\/uploads\/2026\/03\/69b91a6584ba4kuvendi-bos-300x167.jpg 300w, https:\/\/www.hashtag.al\/wp-content\/uploads\/2026\/03\/69b91a6584ba4kuvendi-bos-768x428.jpg 768w\" sizes=\"auto, (max-width: 780px) 100vw, 780px\" \/><\/span><\/p>\n<p data-start=\"0\" data-end=\"188\"><span style=\"color: #000000;\">Ka filluar seanca plenare n\u00eb Kuvend, pas Konferenc\u00ebs s\u00eb Kryetar\u00ebve q\u00eb miratoi p\u00ebrfshirjen n\u00eb rend dite t\u00eb projektrezolut\u00ebs s\u00eb Partis\u00eb Socialiste p\u00ebr shpalljen e Iranit \u201cshtet terrorist\u201d.<\/span><\/p>\n<p data-start=\"190\" data-end=\"329\"><span style=\"color: #000000;\">Si\u00e7 ishte paralajm\u00ebruar, opozita ka bojkotuar seanc\u00ebn, duke argumentuar se projektrezoluta nuk ishte p\u00ebrfshir\u00eb n\u00eb rendin zyrtar t\u00eb dit\u00ebs.<\/span><\/p>\n<p data-start=\"331\" data-end=\"451\" data-is-last-node=\"\" data-is-only-node=\"\"><span style=\"color: #000000;\">N\u00eb sall\u00ebn e parlamentit, karriget e opozit\u00ebs jan\u00eb pothuajse t\u00eb gjitha bosh, p\u00ebrve\u00e7 atyre t\u00eb Redi Mu\u00e7it dhe Erald Kaprit.<\/span><\/p>\n","protected":false,"gt_translate_keys":[{"key":"rendered","format":"html"}]},"excerpt":{"rendered":"<p>Ka filluar seanca plenare n\u00eb Kuvend, pas Konferenc\u00ebs s\u00eb Kryetar\u00ebve q\u00eb miratoi p\u00ebrfshirjen n\u00eb rend dite t\u00eb projektrezolut\u00ebs s\u00eb Partis\u00eb Socialiste p\u00ebr shpalljen e Iranit \u201cshtet terrorist\u201d. Si\u00e7 ishte paralajm\u00ebruar, opozita ka bojkotuar seanc\u00ebn, duke argumentuar se projektrezoluta nuk ishte p\u00ebrfshir\u00eb n\u00eb rendin zyrtar t\u00eb dit\u00ebs. N\u00eb sall\u00ebn e parlamentit, karriget e opozit\u00ebs jan\u00eb pothuajse [&hellip;]<\/p>\n","protected":false,"gt_translate_keys":[{"key":"rendered","format":"html"}]},"author":49,"featured_media":791475,"comment_status":"closed","ping_status":"open","sticky":false,"template":"","format":"standard","meta":{"footnotes":""},"categories":[65],"tags":[],"class_list":["post-791473","post","type-post","status-publish","format-standard","has-post-thumbnail","hentry","category-lajme"],"gt_translate_keys":[{"key":"link","format":"url"}],"_links":{"self":[{"href":"https:\/\/www.hashtag.al\/index.php\/wp-json\/wp\/v2\/posts\/791473","targetHints":{"allow":["GET"]}}],"collection":[{"href":"https:\/\/www.hashtag.al\/index.php\/wp-json\/wp\/v2\/posts"}],"about":[{"href":"https:\/\/www.hashtag.al\/index.php\/wp-json\/wp\/v2\/types\/post"}],"author":[{"embeddable":true,"href":"https:\/\/www.hashtag.al\/index.php\/wp-json\/wp\/v2\/users\/49"}],"replies":[{"embeddable":true,"href":"https:\/\/www.hashtag.al\/index.php\/wp-json\/wp\/v2\/comments?post=791473"}],"version-history":[{"count":99999,"href":"https:\/\/www.hashtag.al\/index.php\/wp-json\/wp\/v2\/posts\/791473\/revisions"}],"predecessor-version":[{"id":791476,"href":"https:\/\/www.hashtag.al\/index.php\/wp-json\/wp\/v2\/posts\/791473\/revisions\/791476"}],"wp:featuredmedia":[{"embeddable":true,"href":"https:\/\/www.hashtag.al\/index.php\/wp-json\/wp\/v2\/media\/791475"}],"wp:attachment":[{"href":"https:\/\/www.hashtag.al\/index.php\/wp-json\/wp\/v2\/media?parent=791473"}],"wp:term":[{"taxonomy":"category","embeddable":true,"href":"https:\/\/www.hashtag.al\/index.php\/wp-json\/wp\/v2\/categories?post=791473"},{"taxonomy":"post_tag","embeddable":true,"href":"https:\/\/www.hashtag.al\/index.php\/wp-json\/wp\/v2\/tags?post=791473"}],"curies":[{"name":"wp","href":"https:\/\/api.w.org\/{rel}","templated":true}]}}