{"id":791394,"date":"2026-03-16T20:29:46","date_gmt":"2026-03-16T19:29:46","guid":{"rendered":"https:\/\/www.hashtag.al\/?p=791394"},"modified":"2026-03-16T20:29:46","modified_gmt":"2026-03-16T19:29:46","slug":"e-albania-xhiron-bosh-bizneset-e-kalojne-diten-e-pushimit-me-shtetin-online-qe-nuk-punon","status":"publish","type":"post","link":"https:\/\/www.hashtag.al\/index.php\/2026\/03\/16\/e-albania-xhiron-bosh-bizneset-e-kalojne-diten-e-pushimit-me-shtetin-online-qe-nuk-punon\/","title":{"rendered":"e-Albania xhiron bosh; Bizneset e kalojn\u00eb dit\u00ebn e pushimit me \u201cshtetin online, q\u00eb nuk punon\u201d","gt_translate_keys":[{"key":"rendered","format":"text"}]},"content":{"rendered":"<p><img loading=\"lazy\" decoding=\"async\" class=\"aligncenter size-full wp-image-791395\" src=\"https:\/\/www.hashtag.al\/wp-content\/uploads\/2026\/03\/IMG-20260316-WA0006.jpg\" alt=\"\" width=\"1600\" height=\"900\" srcset=\"https:\/\/www.hashtag.al\/wp-content\/uploads\/2026\/03\/IMG-20260316-WA0006.jpg 1600w, https:\/\/www.hashtag.al\/wp-content\/uploads\/2026\/03\/IMG-20260316-WA0006-300x169.jpg 300w, https:\/\/www.hashtag.al\/wp-content\/uploads\/2026\/03\/IMG-20260316-WA0006-1024x576.jpg 1024w, https:\/\/www.hashtag.al\/wp-content\/uploads\/2026\/03\/IMG-20260316-WA0006-768x432.jpg 768w, https:\/\/www.hashtag.al\/wp-content\/uploads\/2026\/03\/IMG-20260316-WA0006-1536x864.jpg 1536w\" sizes=\"auto, (max-width: 1600px) 100vw, 1600px\" \/><\/p>\n<p><span style=\"color: #000000;\">Sot \u00ebsht\u00eb pushim zyrtare, p\u00ebr shkak se \u201cDita e Ver\u00ebs\u201d, q\u00eblloi t\u00eb shtun\u00ebn dhe sipas ligjit nuk punohet as t\u00eb h\u00ebn\u00ebn.<\/span><\/p>\n<p><span style=\"color: #000000;\">T\u00eb premten \u00ebsht\u00eb s\u00ebrish pushim pasi \u00ebsht\u00eb festa e Bajramit. T\u00eb Diel\u00ebn \u00ebsht\u00eb Festa e Novrusit, ndaj e h\u00ebna q\u00eb vjen \u00ebsht\u00eb s\u00ebrish pushim.<\/span><\/p>\n<p><span style=\"color: #000000;\">E nd\u00ebrsa administrata shijon dit\u00ebt e shumta t\u00eb pushimit dhe aeroporti \u00ebsht\u00eb i tejmbushur, bizneset e kaluan fundjav\u00ebn apo dhe dit\u00ebn e sotme, duke tentuar t\u00eb aksesojn\u00eb E-Albania p\u00ebr sh\u00ebrbime q\u00eb me zor arrijn\u00eb t\u00eb marrin, n\u00ebse kan\u00eb fat, apo t\u00eb rrin\u00eb e t\u00eb v\u00ebshtrojn\u00eb nj\u00eb ekran q\u00eb xhiron bosh dhe as jep e as merr.<\/span><\/p>\n<p><span style=\"color: #000000;\">Problemi kryesor, thot\u00eb nj\u00eb ekonomiste \u00ebsht\u00eb me ngarkimin e dokumenteve.<\/span><\/p>\n<p><span style=\"color: #000000;\">Sistemi krijon probleme me aplikimet per raportet e barr\u00eblindjeve apo edhe p\u00ebr p\u00ebrfitime t\u00eb tjera afatshkurtra. Edhe n\u00eb rast kur duket sikur aplikimi ka p\u00ebrfunduar me sukses me raport t\u00eb ngarkuar, pal\u00ebs prit\u00ebse nuk i shfaqet dokumenti n\u00eb sistem dhe duket sikur problemi \u00ebsht\u00eb te biznesi q\u00eb nuk ngarkon dokumentin.<\/span><\/p>\n<p><span style=\"color: #000000;\">Kjo situat\u00eb po shkakton vonesa n\u00eb pagesat e raporteve t\u00eb n\u00ebnave t\u00eb reja ose t\u00eb pun\u00ebmarr\u00ebsve q\u00eb p\u00ebrfitojne nga skema e sigurimeve shoq\u00ebrore. Gjithashtu pengon dhe marrjen e raporteve nga personat q\u00eb mungojn\u00eb n\u00eb pun\u00eb p\u00ebr shkak t\u00eb problemeve sh\u00ebndet\u00ebsore.<\/span><\/p>\n<p><span style=\"color: #000000;\">Pamund\u00ebsia e ngarkimit t\u00eb dokumenteve ka prekur dhe individ\u00ebt, q\u00eb nuk mund t\u00eb aplikojn\u00eb p\u00ebr sh\u00ebrbime t\u00eb ndryshme.<\/span><\/p>\n<p><span style=\"color: #000000;\">Probleme vijon t\u00eb ket\u00eb dhe self-care, me bizneset q\u00eb nuk arrijn\u00eb t\u00eb shohin faturat, tashm\u00eb q\u00eb po afron dhe afati p\u00ebr dor\u00ebzimin e bilanceve t\u00eb vitit 2025. Edhe m\u00eb par\u00eb sistemi self-care, i cili p\u00ebrdoret gjer\u00ebsisht nga bizneset, nuk ishte funksional, duke penguar aktivitetin e tyre.<\/span><\/p>\n<p><span style=\"color: #000000;\">Ndon\u00ebse kalimi i shum\u00eb sh\u00ebrbimeve online \u00ebsht\u00eb b\u00ebr\u00eb me q\u00ebllimin p\u00ebr t\u00eb leht\u00ebsuar bizneset, ato po kthehen n\u00eb makth p\u00ebr ta. N\u00eb korrik t\u00eb vitit t\u00eb kaluar, p\u00ebr shum\u00eb dit\u00eb dor\u00ebzimi online i bilanceve n\u00eb Qendr\u00ebn Komb\u00ebtare t\u00eb Biznesit ishte i pamundur. N\u00eb janar t\u00eb k\u00ebtij viti, bizneset nuk rakordonin dot faturat n\u00eb sistemin self-care, y\u00eb vet\u00ebpun\u00ebsuarit e vet\u00ebm nuk l\u00ebshonin dot fatura, nuk b\u00ebhej as fiskalizimi i faturave t\u00eb importit.<\/span><\/p>\n<p><span style=\"color: #000000;\">Ironikisht Shqip\u00ebria renditet nd\u00ebr vendet q\u00eb i p\u00ebrdorin m\u00eb shum\u00eb sh\u00ebrbimet online t\u00eb e-qeverisjes.<\/span><\/p>\n<p><span style=\"color: #000000;\">Sipas t\u00eb dh\u00ebnave t\u00eb Eurostat, q\u00eb p\u00ebr Shqip\u00ebrin\u00eb jan\u00eb t\u00eb disponueshme p\u00ebr vitin 2024 (p\u00ebr vendet e BE-s\u00eb kan\u00eb dal\u00eb t\u00eb dh\u00ebnat e 2025-s), 78% e qytetar\u00ebve shqiptar\u00eb nd\u00ebrvepruan me autoritetet publike n\u00eb m\u00ebnyr\u00eb online gjat\u00eb 12 muajve t\u00eb m\u00ebparsh\u00ebm, n\u00eb krahasim me 72% q\u00eb ishte mesatarja e Bashkimit Europian. Por, duket se sondazhi nuk zbulon se ka koh\u00eb humbet realisht nga p\u00ebrdorimi i k\u00ebtyre sh\u00ebrbimeve, p\u00ebrsa koh\u00eb q\u00eb nuk garantohet funksionimi i tyre 24 or\u00eb dhe shpesh sistemi vet\u00ebm sa xhiron bosh!<\/span><\/p>\n<p><span style=\"color: #000000;\"><span style=\"color: #ff0000;\"><strong>VINI RE<\/strong><\/span>: Ky material \u00ebsht\u00eb pron\u00ebsi intelektuale e <span style=\"color: #0000ff;\"><a style=\"color: #0000ff;\" href=\"https:\/\/monitor.al\/e-albania-xhiron-bosh-bizneset-e-kalojne-diten-e-pushimit-me-shtetin-online-qe-nuk-punon\/\">Monitor<\/a><\/span><\/span><\/p>\n","protected":false,"gt_translate_keys":[{"key":"rendered","format":"html"}]},"excerpt":{"rendered":"<p>Sot \u00ebsht\u00eb pushim zyrtare, p\u00ebr shkak se \u201cDita e Ver\u00ebs\u201d, q\u00eblloi t\u00eb shtun\u00ebn dhe sipas ligjit nuk punohet as t\u00eb h\u00ebn\u00ebn. T\u00eb premten \u00ebsht\u00eb s\u00ebrish pushim pasi \u00ebsht\u00eb festa e Bajramit. T\u00eb Diel\u00ebn \u00ebsht\u00eb Festa e Novrusit, ndaj e h\u00ebna q\u00eb vjen \u00ebsht\u00eb s\u00ebrish pushim. E nd\u00ebrsa administrata shijon dit\u00ebt e shumta t\u00eb pushimit dhe [&hellip;]<\/p>\n","protected":false,"gt_translate_keys":[{"key":"rendered","format":"html"}]},"author":51,"featured_media":791395,"comment_status":"closed","ping_status":"open","sticky":false,"template":"","format":"standard","meta":{"footnotes":""},"categories":[65],"tags":[],"class_list":["post-791394","post","type-post","status-publish","format-standard","has-post-thumbnail","hentry","category-lajme"],"gt_translate_keys":[{"key":"link","format":"url"}],"_links":{"self":[{"href":"https:\/\/www.hashtag.al\/index.php\/wp-json\/wp\/v2\/posts\/791394","targetHints":{"allow":["GET"]}}],"collection":[{"href":"https:\/\/www.hashtag.al\/index.php\/wp-json\/wp\/v2\/posts"}],"about":[{"href":"https:\/\/www.hashtag.al\/index.php\/wp-json\/wp\/v2\/types\/post"}],"author":[{"embeddable":true,"href":"https:\/\/www.hashtag.al\/index.php\/wp-json\/wp\/v2\/users\/51"}],"replies":[{"embeddable":true,"href":"https:\/\/www.hashtag.al\/index.php\/wp-json\/wp\/v2\/comments?post=791394"}],"version-history":[{"count":99999,"href":"https:\/\/www.hashtag.al\/index.php\/wp-json\/wp\/v2\/posts\/791394\/revisions"}],"predecessor-version":[{"id":791396,"href":"https:\/\/www.hashtag.al\/index.php\/wp-json\/wp\/v2\/posts\/791394\/revisions\/791396"}],"wp:featuredmedia":[{"embeddable":true,"href":"https:\/\/www.hashtag.al\/index.php\/wp-json\/wp\/v2\/media\/791395"}],"wp:attachment":[{"href":"https:\/\/www.hashtag.al\/index.php\/wp-json\/wp\/v2\/media?parent=791394"}],"wp:term":[{"taxonomy":"category","embeddable":true,"href":"https:\/\/www.hashtag.al\/index.php\/wp-json\/wp\/v2\/categories?post=791394"},{"taxonomy":"post_tag","embeddable":true,"href":"https:\/\/www.hashtag.al\/index.php\/wp-json\/wp\/v2\/tags?post=791394"}],"curies":[{"name":"wp","href":"https:\/\/api.w.org\/{rel}","templated":true}]}}