{"id":791336,"date":"2026-03-16T14:09:25","date_gmt":"2026-03-16T13:09:25","guid":{"rendered":"https:\/\/www.hashtag.al\/?p=791336"},"modified":"2026-03-16T14:09:31","modified_gmt":"2026-03-16T13:09:31","slug":"pd-cakton-kalendarin-e-proceseve-te-brendshme-me-23-maj-zgjidhet-kryetari-i-partise","status":"publish","type":"post","link":"https:\/\/www.hashtag.al\/index.php\/2026\/03\/16\/pd-cakton-kalendarin-e-proceseve-te-brendshme-me-23-maj-zgjidhet-kryetari-i-partise\/","title":{"rendered":"PD cakton kalendarin e proceseve t\u00eb brendshme, m\u00eb 23 maj zgjidhet kryetari i partis\u00eb","gt_translate_keys":[{"key":"rendered","format":"text"}]},"content":{"rendered":"<p><span style=\"color: #000000;\"><a href=\"https:\/\/www.hashtag.al\/index.php\/2026\/03\/16\/pd-cakton-kalendarin-e-proceseve-te-brendshme-me-23-maj-zgjidhet-kryetari-i-partise\/bersha-2\/\" rel=\"attachment wp-att-791337\"><img loading=\"lazy\" decoding=\"async\" class=\"alignnone size-full wp-image-791337\" src=\"https:\/\/www.hashtag.al\/wp-content\/uploads\/2026\/03\/bersha.jpg\" alt=\"\" width=\"1280\" height=\"853\" srcset=\"https:\/\/www.hashtag.al\/wp-content\/uploads\/2026\/03\/bersha.jpg 1280w, https:\/\/www.hashtag.al\/wp-content\/uploads\/2026\/03\/bersha-300x200.jpg 300w, https:\/\/www.hashtag.al\/wp-content\/uploads\/2026\/03\/bersha-1024x682.jpg 1024w, https:\/\/www.hashtag.al\/wp-content\/uploads\/2026\/03\/bersha-768x512.jpg 768w\" sizes=\"auto, (max-width: 1280px) 100vw, 1280px\" \/><\/a><\/span><\/p>\n<p><span style=\"color: #000000;\">Partia Demokratike e Shqip\u00ebris\u00eb ka zhvilluar mbledhjen e Kryesis\u00eb, ku jan\u00eb marr\u00eb disa vendime p\u00ebr organizimin e brendsh\u00ebm dhe proceset zgjedhore n\u00eb strukturat e saj.<\/span><\/p>\n<p><span style=\"color: #000000;\">Sipas informacioneve t\u00eb raportuara nga gazetari Osman Stafa, gjat\u00eb mbledhjes \u00ebsht\u00eb vendosur q\u00eb zgjedhjet n\u00eb deg\u00ebt e Partis\u00eb Demokratike n\u00eb t\u00eb gjith\u00eb vendin t\u00eb p\u00ebrfundojn\u00eb deri m\u00eb 30 prill.<\/span><\/p>\n<p><span style=\"color: #000000;\">Po ashtu \u00ebsht\u00eb p\u00ebrcaktuar edhe kalendari i proceseve t\u00eb tjera organizative brenda partis\u00eb. M\u00eb 23 maj do t\u00eb zhvillohet zgjedhja e kryetarit t\u00eb Partia Demokratike e Shqip\u00ebris\u00eb, nd\u00ebrsa m\u00eb 6 qershor do t\u00eb mblidhet Kuvendi Komb\u00ebtar i Partis\u00eb Demokratike.<\/span><\/p>\n<p><span style=\"color: #000000;\">Gjat\u00eb mbledhjes s\u00eb Kryesis\u00eb \u00ebsht\u00eb vendosur gjithashtu krijimi i nj\u00eb grupi pune p\u00ebr rishikimin e statutit t\u00eb partis\u00eb. Ky grup do t\u00eb drejtohet nga Gazment Bardhi dhe do t\u00eb ket\u00eb n\u00eb p\u00ebrb\u00ebrje edhe disa an\u00ebtar\u00eb t\u00eb tjer\u00eb t\u00eb Partis\u00eb Demokratike.<\/span><\/p>\n<p><span style=\"color: #000000;\">N\u00eb k\u00ebt\u00eb grup b\u00ebjn\u00eb pjes\u00eb Oerd Bylykbashi, Ivi Kaso, Gent Strazimiri, Enno Bozdo, Elda Hoti, Keltis Kruja, Adriana Kalaja, Marash Logu dhe Franc Nuri.<\/span><\/p>\n<p><span style=\"color: #000000;\">Ky grup pritet t\u00eb punoj\u00eb p\u00ebr ndryshimet dhe p\u00ebrdit\u00ebsimin e statutit t\u00eb partis\u00eb, t\u00eb cilat m\u00eb pas do t\u00eb diskutohen dhe miratohen n\u00eb forumet e larta t\u00eb Partis\u00eb Demokratike.<\/span><\/p>\n","protected":false,"gt_translate_keys":[{"key":"rendered","format":"html"}]},"excerpt":{"rendered":"<p>Partia Demokratike e Shqip\u00ebris\u00eb ka zhvilluar mbledhjen e Kryesis\u00eb, ku jan\u00eb marr\u00eb disa vendime p\u00ebr organizimin e brendsh\u00ebm dhe proceset zgjedhore n\u00eb strukturat e saj. Sipas informacioneve t\u00eb raportuara nga gazetari Osman Stafa, gjat\u00eb mbledhjes \u00ebsht\u00eb vendosur q\u00eb zgjedhjet n\u00eb deg\u00ebt e Partis\u00eb Demokratike n\u00eb t\u00eb gjith\u00eb vendin t\u00eb p\u00ebrfundojn\u00eb deri m\u00eb 30 prill. Po [&hellip;]<\/p>\n","protected":false,"gt_translate_keys":[{"key":"rendered","format":"html"}]},"author":32,"featured_media":791337,"comment_status":"closed","ping_status":"open","sticky":false,"template":"","format":"standard","meta":{"footnotes":""},"categories":[65],"tags":[],"class_list":["post-791336","post","type-post","status-publish","format-standard","has-post-thumbnail","hentry","category-lajme"],"gt_translate_keys":[{"key":"link","format":"url"}],"_links":{"self":[{"href":"https:\/\/www.hashtag.al\/index.php\/wp-json\/wp\/v2\/posts\/791336","targetHints":{"allow":["GET"]}}],"collection":[{"href":"https:\/\/www.hashtag.al\/index.php\/wp-json\/wp\/v2\/posts"}],"about":[{"href":"https:\/\/www.hashtag.al\/index.php\/wp-json\/wp\/v2\/types\/post"}],"author":[{"embeddable":true,"href":"https:\/\/www.hashtag.al\/index.php\/wp-json\/wp\/v2\/users\/32"}],"replies":[{"embeddable":true,"href":"https:\/\/www.hashtag.al\/index.php\/wp-json\/wp\/v2\/comments?post=791336"}],"version-history":[{"count":99999,"href":"https:\/\/www.hashtag.al\/index.php\/wp-json\/wp\/v2\/posts\/791336\/revisions"}],"predecessor-version":[{"id":791339,"href":"https:\/\/www.hashtag.al\/index.php\/wp-json\/wp\/v2\/posts\/791336\/revisions\/791339"}],"wp:featuredmedia":[{"embeddable":true,"href":"https:\/\/www.hashtag.al\/index.php\/wp-json\/wp\/v2\/media\/791337"}],"wp:attachment":[{"href":"https:\/\/www.hashtag.al\/index.php\/wp-json\/wp\/v2\/media?parent=791336"}],"wp:term":[{"taxonomy":"category","embeddable":true,"href":"https:\/\/www.hashtag.al\/index.php\/wp-json\/wp\/v2\/categories?post=791336"},{"taxonomy":"post_tag","embeddable":true,"href":"https:\/\/www.hashtag.al\/index.php\/wp-json\/wp\/v2\/tags?post=791336"}],"curies":[{"name":"wp","href":"https:\/\/api.w.org\/{rel}","templated":true}]}}