{"id":791325,"date":"2026-03-16T13:11:21","date_gmt":"2026-03-16T12:11:21","guid":{"rendered":"https:\/\/www.hashtag.al\/?p=791325"},"modified":"2026-03-16T13:11:21","modified_gmt":"2026-03-16T12:11:21","slug":"berisha-rama-haptas-hoqi-cdo-maske-votoi-ne-parlament-mburojen-e-korrupsionit-te-tij-ballukun","status":"publish","type":"post","link":"https:\/\/www.hashtag.al\/index.php\/2026\/03\/16\/berisha-rama-haptas-hoqi-cdo-maske-votoi-ne-parlament-mburojen-e-korrupsionit-te-tij-ballukun\/","title":{"rendered":"Berisha: Rama haptas hoqi \u00e7do mask\u00eb, votoi n\u00eb parlament mburoj\u00ebn e korrupsionit t\u00eb tij, Ballukun","gt_translate_keys":[{"key":"rendered","format":"text"}]},"content":{"rendered":"<p><span style=\"color: #000000;\"><img loading=\"lazy\" decoding=\"async\" class=\"aligncenter size-full wp-image-791333\" src=\"https:\/\/www.hashtag.al\/wp-content\/uploads\/2026\/03\/Screenshot-2026-03-16-130531.png\" alt=\"\" width=\"989\" height=\"629\" srcset=\"https:\/\/www.hashtag.al\/wp-content\/uploads\/2026\/03\/Screenshot-2026-03-16-130531.png 989w, https:\/\/www.hashtag.al\/wp-content\/uploads\/2026\/03\/Screenshot-2026-03-16-130531-300x191.png 300w, https:\/\/www.hashtag.al\/wp-content\/uploads\/2026\/03\/Screenshot-2026-03-16-130531-768x488.png 768w\" sizes=\"auto, (max-width: 989px) 100vw, 989px\" \/><\/span><\/p>\n<p><span style=\"color: #000000;\">Kryetari i PD Sali Berisha gjate nj\u00eb mbledhjeje t\u00eb kryesis\u00eb s\u00eb partis\u00eb deklaroi se vendimi i miratuar n\u00eb <span class=\"hover:entity-accent entity-underline inline cursor-pointer align-baseline\"><span class=\"whitespace-normal\">Kuvendi i Shqip\u00ebris\u00eb<\/span><\/span>\u00a0p\u00ebrb\u00ebn, sipas tij, nj\u00eb \u201cmburoj\u00eb korrupsioni\u201d dhe lidhet me z\u00ebvend\u00ebskryeministren\u00a0<span class=\"hover:entity-accent entity-underline inline cursor-pointer align-baseline\"><span class=\"whitespace-normal\">Belinda Balluku<\/span><\/span>.<\/span><\/p>\n<p><span style=\"color: #000000;\"> Ai tha se ky veprim \u00ebsht\u00eb nj\u00eb d\u00ebshmi e p\u00ebrfshirjes s\u00eb drejtp\u00ebrdrejt\u00eb t\u00eb Ram\u00ebs n\u00eb, si\u00e7 u shpreh, \u201cmega-afera korruptive\u201d.<\/span><\/p>\n<p><span style=\"color: #000000;\"><em>\u201cT\u00eb nderuar an\u00ebtare dhe an\u00ebtar\u00eb t\u00eb kryesis\u00eb s\u00eb PD, kjo mbledhje thirret n\u00eb nj\u00eb moment jasht\u00ebzakonisht t\u00eb ve\u00e7ant\u00eb p\u00ebr vendin. <\/em><\/span><\/p>\n<p><span style=\"color: #000000;\"><em>N\u00eb nj\u00eb moment n\u00eb t\u00eb cilin Edi Rama pas nj\u00eb p\u00ebrpjekje t\u00eb jasht\u00ebzakonshme t\u00eb opozit\u00ebs, por e v\u00ebrteta \u00ebsht\u00eb edhe t\u00eb partner\u00ebve nd\u00ebrkomb\u00ebtare dhe institucioneve nd\u00ebrkomb\u00ebtare p\u00ebr zbatimin, funksionimin e shtetit ligjor, zbatimin e ligjit dhe Kushtetut\u00ebs, Edi Rama haptas hoqi \u00e7do mask\u00eb, hodhi posht\u00eb nj\u00eb p\u00ebrpjekje t\u00eb madhe p\u00ebr t\u00eb ndihmuar Shqip\u00ebrin\u00eb dhe votoi n\u00eb parlament murin, mburoj\u00ebn e korrupsionit t\u00eb tij, t\u00eb vjedhjeve t\u00eb tij dhe p\u00ebrfshiu, ose n\u00ebn pretekst, z\u00ebvend\u00ebskryeministren Lubi Balluku.<\/em><\/span><\/p>\n<p><span style=\"color: #000000;\"><em>Ky akt i sh\u00ebmtuar dhe i pashembullt ndonj\u00ebher\u00eb n\u00eb historin\u00eb e Europ\u00ebs pas r\u00ebnies s\u00eb Perdes s\u00eb Hekurt, \u00ebsht\u00eb d\u00ebshmi flagrante e inkriminimit t\u00eb tij direkt n\u00eb mega-afera korruptive.<\/em><\/span><\/p>\n<p><span style=\"color: #000000;\"><em>\u00cbsht\u00eb d\u00ebshmi flagrante se Edi Rama nuk ka pranon t\u00eb hetohet, t\u00eb gjykohet p\u00ebr vjedhjet e tij monstruoze.<\/em><\/span><br \/>\n<span style=\"color: #000000;\"><em>Sot n\u00eb Shqip\u00ebri, por dhe jasht\u00eb vendit, fatmir\u00ebsisht nuk ka njeri q\u00eb nuk e di m\u00eb se Lubia \u00ebsht\u00eb thjesht sekretarja, noterja e Edi Ram\u00ebs dhe se \u00e7do gj\u00eb, apo se n\u00eb thelb t\u00eb gjith\u00e7kaje q\u00ebndron vet\u00eb veprimtaria e tij kriminale.<\/em><\/span><\/p>\n<p><span style=\"color: #000000;\"><em>N\u00eb k\u00ebt\u00eb p\u00ebrplasje t\u00eb fuqishme t\u00eb paprecedent tremujore, viktima absolute ishte pa diskutim institucioni i akuz\u00ebs, ishte prokuroria speciale dhe gjykata, p\u00ebr t\u00eb cilat kryegjykat\u00ebs dhe kryeprokuror pas votimit n\u00eb parlament do jet\u00eb vet\u00ebm Edi Rama.<\/em><\/span><\/p>\n<p><span style=\"color: #000000;\"><em>Me vendimin e parlamentit p\u00ebr t\u00eb mbyllur mund\u00ebsit\u00eb e hetimit pa imunitet, institucioni i akuz\u00ebs apo tentativat e tij p\u00ebr t\u00eb funksionuar mbi baz\u00ebn e ligjit, jasht\u00eb kontrollit ekzekutiv, marrin nj\u00eb goditje fatale, asgj\u00ebsuese, p\u00ebrfundimtare.<\/em><\/span><\/p>\n<p><span style=\"color: #000000;\"><em> Pra, n\u00eb vend q\u00eb Lubi Balluku dhe bashk\u00ebpun\u00ebtor\u00ebt e saj, se n\u00eb fakt nuk \u00ebsht\u00eb ajo q\u00eb ka ngr\u00ebn\u00eb dardha pas shpin\u00ebs s\u00eb Ram\u00ebs, por \u00ebsht\u00eb Rama q\u00eb ka ngr\u00ebn\u00eb dardha, pra me votimin n\u00eb parlament, mesazhi \u00ebsht\u00eb shum\u00eb i qart\u00eb se ju nuk do mund t\u00eb ushtroni k\u00ebrkesa t\u00eb ligjshme ndaj asnj\u00eb personi t\u00eb lidhur me Edi Ram\u00ebn, pa aprovimin paraprak nga Edi Rama.<\/em><\/span><\/p>\n<p><span style=\"color: #000000;\"><em>Q\u00eb ju p\u00ebr t\u00eb funksionuar, detyrimisht do t\u00eb merrni aprovimin, p\u00ebrndryshe u presin 83 mandatet e krimit, t\u00eb gatsh\u00ebm p\u00ebr t\u00eb rr\u00ebzuar \u00e7do k\u00ebrkes\u00eb t\u00eb tyre.\u201d<\/em>, tha ai.<\/span><\/p>\n","protected":false,"gt_translate_keys":[{"key":"rendered","format":"html"}]},"excerpt":{"rendered":"<p>Kryetari i PD Sali Berisha gjate nj\u00eb mbledhjeje t\u00eb kryesis\u00eb s\u00eb partis\u00eb deklaroi se vendimi i miratuar n\u00eb Kuvendi i Shqip\u00ebris\u00eb\u00a0p\u00ebrb\u00ebn, sipas tij, nj\u00eb \u201cmburoj\u00eb korrupsioni\u201d dhe lidhet me z\u00ebvend\u00ebskryeministren\u00a0Belinda Balluku. Ai tha se ky veprim \u00ebsht\u00eb nj\u00eb d\u00ebshmi e p\u00ebrfshirjes s\u00eb drejtp\u00ebrdrejt\u00eb t\u00eb Ram\u00ebs n\u00eb, si\u00e7 u shpreh, \u201cmega-afera korruptive\u201d. \u201cT\u00eb nderuar an\u00ebtare dhe [&hellip;]<\/p>\n","protected":false,"gt_translate_keys":[{"key":"rendered","format":"html"}]},"author":49,"featured_media":791333,"comment_status":"closed","ping_status":"open","sticky":false,"template":"","format":"standard","meta":{"footnotes":""},"categories":[65],"tags":[],"class_list":["post-791325","post","type-post","status-publish","format-standard","has-post-thumbnail","hentry","category-lajme"],"gt_translate_keys":[{"key":"link","format":"url"}],"_links":{"self":[{"href":"https:\/\/www.hashtag.al\/index.php\/wp-json\/wp\/v2\/posts\/791325","targetHints":{"allow":["GET"]}}],"collection":[{"href":"https:\/\/www.hashtag.al\/index.php\/wp-json\/wp\/v2\/posts"}],"about":[{"href":"https:\/\/www.hashtag.al\/index.php\/wp-json\/wp\/v2\/types\/post"}],"author":[{"embeddable":true,"href":"https:\/\/www.hashtag.al\/index.php\/wp-json\/wp\/v2\/users\/49"}],"replies":[{"embeddable":true,"href":"https:\/\/www.hashtag.al\/index.php\/wp-json\/wp\/v2\/comments?post=791325"}],"version-history":[{"count":99999,"href":"https:\/\/www.hashtag.al\/index.php\/wp-json\/wp\/v2\/posts\/791325\/revisions"}],"predecessor-version":[{"id":791334,"href":"https:\/\/www.hashtag.al\/index.php\/wp-json\/wp\/v2\/posts\/791325\/revisions\/791334"}],"wp:featuredmedia":[{"embeddable":true,"href":"https:\/\/www.hashtag.al\/index.php\/wp-json\/wp\/v2\/media\/791333"}],"wp:attachment":[{"href":"https:\/\/www.hashtag.al\/index.php\/wp-json\/wp\/v2\/media?parent=791325"}],"wp:term":[{"taxonomy":"category","embeddable":true,"href":"https:\/\/www.hashtag.al\/index.php\/wp-json\/wp\/v2\/categories?post=791325"},{"taxonomy":"post_tag","embeddable":true,"href":"https:\/\/www.hashtag.al\/index.php\/wp-json\/wp\/v2\/tags?post=791325"}],"curies":[{"name":"wp","href":"https:\/\/api.w.org\/{rel}","templated":true}]}}