{"id":791260,"date":"2026-03-15T22:40:24","date_gmt":"2026-03-15T21:40:24","guid":{"rendered":"https:\/\/www.hashtag.al\/?p=791260"},"modified":"2026-03-15T22:40:24","modified_gmt":"2026-03-15T21:40:24","slug":"izraeli-dhe-libani-pritet-te-zhvillojne-bisedime-per-armepushim-te-qendrueshem","status":"publish","type":"post","link":"https:\/\/www.hashtag.al\/index.php\/2026\/03\/15\/izraeli-dhe-libani-pritet-te-zhvillojne-bisedime-per-armepushim-te-qendrueshem\/","title":{"rendered":"Izraeli dhe Libani pritet t\u00eb zhvillojn\u00eb bisedime p\u00ebr arm\u00ebpushim t\u00eb q\u00ebndruesh\u00ebm","gt_translate_keys":[{"key":"rendered","format":"text"}]},"content":{"rendered":"<p><a href=\"https:\/\/www.hashtag.al\/index.php\/2025\/06\/15\/miliona-iraniane-po-anashkalojne-censuren-e-ndjekin-fshehurazi-llogarite-izraelite-ne-rrjetet-sociale-ministria-e-jashtme-e-izraelit\/f250522ys63-1320x880\/\" rel=\"attachment wp-att-746788\"><img loading=\"lazy\" decoding=\"async\" class=\"size-full wp-image-746788\" src=\"https:\/\/www.hashtag.al\/wp-content\/uploads\/2025\/06\/F250522YS63-1320x880-1.jpg\" alt=\"\" width=\"1320\" height=\"880\" srcset=\"https:\/\/www.hashtag.al\/wp-content\/uploads\/2025\/06\/F250522YS63-1320x880-1.jpg 1320w, https:\/\/www.hashtag.al\/wp-content\/uploads\/2025\/06\/F250522YS63-1320x880-1-300x200.jpg 300w, https:\/\/www.hashtag.al\/wp-content\/uploads\/2025\/06\/F250522YS63-1320x880-1-1024x683.jpg 1024w, https:\/\/www.hashtag.al\/wp-content\/uploads\/2025\/06\/F250522YS63-1320x880-1-768x512.jpg 768w\" sizes=\"auto, (max-width: 1320px) 100vw, 1320px\" \/><\/a><\/p>\n<p data-start=\"83\" data-end=\"372\"><span style=\"color: #000000;\">Izraeli dhe Libani pritet t\u00eb zhvillojn\u00eb n\u00eb dit\u00ebt n\u00eb vijim bisedime q\u00eb synojn\u00eb arritjen e nj\u00eb arm\u00ebpushimi t\u00eb q\u00ebndruesh\u00ebm dhe \u00e7armatimin e grupit Hezbollah, than\u00eb t\u00eb diel\u00ebn dy zyrtar\u00eb izraelit\u00eb, nd\u00ebrsa p\u00ebrpjekjet diplomatike po intensifikohen paralelisht me luftimet p\u00ebrgjat\u00eb kufirit verior.<\/span><\/p>\n<p data-start=\"374\" data-end=\"944\"><span style=\"color: #000000;\">Televizioni libanez <span class=\"hover:entity-accent entity-underline inline cursor-pointer align-baseline\"><span class=\"whitespace-normal\">Al\u2011Jadeed<\/span><\/span> raportoi se deri tani \u00ebsht\u00eb konfirmuar vet\u00ebm nj\u00eb marr\u00ebveshje n\u00eb parim p\u00ebr zhvillimin e negociatave, nd\u00ebrsa data dhe vendi nuk jan\u00eb p\u00ebrcaktuar ende. Sipas raportimit, vendet e mundshme p\u00ebr takimet variojn\u00eb nga <span class=\"hover:entity-accent entity-underline inline cursor-pointer align-baseline\"><span class=\"whitespace-normal\">Qipro<\/span><\/span> deri n\u00eb <span class=\"hover:entity-accent entity-underline inline cursor-pointer align-baseline\"><span class=\"whitespace-normal\">Paris<\/span><\/span>. Media citoi gjithashtu burime amerikane q\u00eb thon\u00eb se pala izraelite nuk kund\u00ebrshton n\u00eb parim bisedimet me Libanin, por nuk \u00ebsht\u00eb ende gati t\u00eb hyj\u00eb n\u00eb negociata dhe po pret hapa konkret\u00eb nga qeveria libaneze.<\/span><\/p>\n<p data-start=\"946\" data-end=\"1515\"><span style=\"color: #000000;\">Sipas <span class=\"hover:entity-accent entity-underline inline cursor-pointer align-baseline\"><span class=\"whitespace-normal\">CNN<\/span><\/span>, ish-ministri izraelit <span class=\"hover:entity-accent entity-underline inline cursor-pointer align-baseline\"><span class=\"whitespace-normal\">Ron Dermer<\/span><\/span>, nj\u00eb bashk\u00ebpun\u00ebtor i af\u00ebrt i kryeministrit <span class=\"hover:entity-accent entity-underline inline cursor-pointer align-baseline\"><span class=\"whitespace-normal\">Benjamin Netanyahu<\/span><\/span>, ka vizituar s\u00eb fundmi <span class=\"hover:entity-accent entity-underline inline cursor-pointer align-baseline\"><span class=\"whitespace-normal\">Arabin\u00eb Saudite<\/span><\/span>, ku ka diskutuar p\u00ebr nj\u00eb marr\u00ebveshje t\u00eb mundshme arm\u00ebpushimi n\u00eb frontin verior. Nj\u00eb zyrtar izraelit tha se vizita ka ndodhur \u201cgjat\u00eb dy jav\u00ebve t\u00eb fundit\u201d, pas shp\u00ebrthimit t\u00eb luft\u00ebs me <span class=\"hover:entity-accent entity-underline inline cursor-pointer align-baseline\"><span class=\"whitespace-normal\">Iranin<\/span><\/span>, n\u00eb nj\u00eb koh\u00eb kur <span class=\"hover:entity-accent entity-underline inline cursor-pointer align-baseline\"><span class=\"whitespace-normal\">Hezbollahu <\/span><\/span>iu bashkua konfliktit.<\/span><\/p>\n<p data-start=\"1517\" data-end=\"1795\"><span style=\"color: #000000;\">Megjith\u00ebse Dermer dha dor\u00ebheqjen nga qeveria vitin e kaluar, Netanyahu i k\u00ebrkoi atij t\u00eb koordinoj\u00eb politik\u00ebn izraelite p\u00ebr \u00e7\u00ebshtjen e Libanit pas shp\u00ebrthimit t\u00eb luft\u00ebs. N\u00ebse zhvillohen negociata me <span class=\"hover:entity-accent entity-underline inline cursor-pointer align-baseline\"><span class=\"whitespace-normal\">Beirutin<\/span><\/span>, pritet q\u00eb ai t\u00eb p\u00ebrfaq\u00ebsoj\u00eb Izraelin, p\u00ebrcjell <span style=\"color: #0000ff;\"><a style=\"color: #0000ff;\" href=\"https:\/\/www.ynetnews.com\/article\/yb2yfudi4#google_vignette\">YNet<\/a><\/span>.<\/span><\/p>\n<p data-start=\"1797\" data-end=\"2050\"><span style=\"color: #000000;\">Burime t\u00eb njohura me \u00e7\u00ebshtjen than\u00eb se presidenti i Libanit <span class=\"hover:entity-accent entity-underline inline cursor-pointer align-baseline\"><span class=\"whitespace-normal\">Joseph Aoun<\/span><\/span> dhe kryeministri <span class=\"hover:entity-accent entity-underline inline cursor-pointer align-baseline\"><span class=\"whitespace-normal\">Nawaf Salam<\/span><\/span> po p\u00ebrgatisin aktualisht nj\u00eb delegacion negociator p\u00ebr bisedime t\u00eb mundshme me Izraelin.<\/span><\/p>\n<p data-start=\"2052\" data-end=\"2441\"><span style=\"color: #000000;\">Megjithat\u00eb, ministri i Jasht\u00ebm izraelit <span class=\"hover:entity-accent entity-underline inline cursor-pointer align-baseline\"><span class=\"whitespace-normal\">Gideon Sa&#8217;ar<\/span><\/span> mohoi raportimet se Izraeli do t\u00eb zhvilloj\u00eb s\u00eb shpejti bisedime t\u00eb drejtp\u00ebrdrejta me Libanin. Duke folur gjat\u00eb nj\u00eb vizite n\u00eb qytetin arab <span class=\"hover:entity-accent entity-underline inline cursor-pointer align-baseline\"><span class=\"whitespace-normal\">Zarzir<\/span><\/span> pran\u00eb <span class=\"hover:entity-accent entity-underline inline cursor-pointer align-baseline\"><span class=\"whitespace-normal\">Nazareth<\/span><\/span>, ai tha se Libani nuk ka b\u00ebr\u00eb mjaftuesh\u00ebm p\u00ebr t\u00eb \u00e7armatosur Hezbollah-un.<\/span><\/p>\n<p data-start=\"2443\" data-end=\"2741\"><span style=\"color: #000000;\">\u201cN\u00ebse qeveria dhe ushtria libaneze duan t\u00eb ndryshojn\u00eb situat\u00ebn, duhet t\u00eb nd\u00ebrmarrin veprime p\u00ebr t\u00eb ndaluar sulmet e Hezbollahut nga territori libanez kund\u00ebr Izraelit,\u201d deklaroi Sa&#8217;ar, duke shtuar se Izraeli mb\u00ebshtet n\u00eb t\u00eb ardhmen mund\u00ebsin\u00eb e paqes dhe normalizimit t\u00eb marr\u00ebdh\u00ebnieve edhe me Libanin.<\/span><\/p>\n<p data-start=\"2743\" data-end=\"3123\"><span style=\"color: #000000;\">N\u00eb p\u00ebrpjekjet diplomatike jan\u00eb p\u00ebrfshir\u00eb edhe SHBA-ja dhe <span class=\"hover:entity-accent entity-underline inline cursor-pointer align-baseline\"><span class=\"whitespace-normal\">Franca<\/span><\/span>, t\u00eb cilat po p\u00ebrpiqen t\u00eb organizojn\u00eb nj\u00eb takim t\u00eb drejtp\u00ebrdrejt\u00eb mes p\u00ebrfaq\u00ebsuesve izraelit\u00eb dhe zyrtar\u00ebve libanez\u00eb p\u00ebr t\u00eb arritur nj\u00eb marr\u00ebveshje arm\u00ebpushimi dhe p\u00ebr t\u00eb p\u00ebrcaktuar p\u00ebrgjegj\u00ebsin\u00eb e shtetit libanez p\u00ebr \u00e7armatimin e Hezbollahut.<\/span><\/p>\n<p data-start=\"3125\" data-end=\"3372\"><span style=\"color: #000000;\">P\u00ebrpjekjet diplomatike synojn\u00eb t\u00eb ndalin p\u00ebrshkall\u00ebzimin e konfliktit dhe t\u00eb shmangin nj\u00eb ofensiv\u00eb tok\u00ebsore izraelite n\u00eb jug t\u00eb Libanit. Megjithat\u00eb, burime izraelite thon\u00eb se operacionet ushtarake n\u00eb Liban mund t\u00eb zgjerohen pavar\u00ebsisht bisedimeve.<\/span><\/p>\n<p data-start=\"3374\" data-end=\"3700\" data-is-last-node=\"\" data-is-only-node=\"\"><span style=\"color: #000000;\">Nd\u00ebrkoh\u00eb, n\u00eb an\u00ebn amerikane p\u00ebrpjekjet diplomatike drejtohen nga <span class=\"hover:entity-accent entity-underline inline cursor-pointer align-baseline\"><span class=\"whitespace-normal\">Jared Kushner<\/span><\/span>, dh\u00ebndri i presidentit amerikan <span class=\"hover:entity-accent entity-underline inline cursor-pointer align-baseline\"><span class=\"whitespace-normal\">Donald Trump<\/span><\/span>. Izraeli nuk e ka pranuar ende zyrtarisht ftes\u00ebn p\u00ebr negociata, por sipas burimeve diplomatike, zhvillimet po shkojn\u00eb n\u00eb nj\u00eb drejtim pozitiv.<\/span><\/p>\n","protected":false,"gt_translate_keys":[{"key":"rendered","format":"html"}]},"excerpt":{"rendered":"<p>Izraeli dhe Libani pritet t\u00eb zhvillojn\u00eb n\u00eb dit\u00ebt n\u00eb vijim bisedime q\u00eb synojn\u00eb arritjen e nj\u00eb arm\u00ebpushimi t\u00eb q\u00ebndruesh\u00ebm dhe \u00e7armatimin e grupit Hezbollah, than\u00eb t\u00eb diel\u00ebn dy zyrtar\u00eb izraelit\u00eb, nd\u00ebrsa p\u00ebrpjekjet diplomatike po intensifikohen paralelisht me luftimet p\u00ebrgjat\u00eb kufirit verior. Televizioni libanez Al\u2011Jadeed raportoi se deri tani \u00ebsht\u00eb konfirmuar vet\u00ebm nj\u00eb marr\u00ebveshje n\u00eb parim [&hellip;]<\/p>\n","protected":false,"gt_translate_keys":[{"key":"rendered","format":"html"}]},"author":32,"featured_media":746788,"comment_status":"closed","ping_status":"open","sticky":false,"template":"","format":"standard","meta":{"footnotes":""},"categories":[6],"tags":[],"class_list":["post-791260","post","type-post","status-publish","format-standard","has-post-thumbnail","hentry","category-nderkombetare"],"gt_translate_keys":[{"key":"link","format":"url"}],"_links":{"self":[{"href":"https:\/\/www.hashtag.al\/index.php\/wp-json\/wp\/v2\/posts\/791260","targetHints":{"allow":["GET"]}}],"collection":[{"href":"https:\/\/www.hashtag.al\/index.php\/wp-json\/wp\/v2\/posts"}],"about":[{"href":"https:\/\/www.hashtag.al\/index.php\/wp-json\/wp\/v2\/types\/post"}],"author":[{"embeddable":true,"href":"https:\/\/www.hashtag.al\/index.php\/wp-json\/wp\/v2\/users\/32"}],"replies":[{"embeddable":true,"href":"https:\/\/www.hashtag.al\/index.php\/wp-json\/wp\/v2\/comments?post=791260"}],"version-history":[{"count":99999,"href":"https:\/\/www.hashtag.al\/index.php\/wp-json\/wp\/v2\/posts\/791260\/revisions"}],"predecessor-version":[{"id":791261,"href":"https:\/\/www.hashtag.al\/index.php\/wp-json\/wp\/v2\/posts\/791260\/revisions\/791261"}],"wp:featuredmedia":[{"embeddable":true,"href":"https:\/\/www.hashtag.al\/index.php\/wp-json\/wp\/v2\/media\/746788"}],"wp:attachment":[{"href":"https:\/\/www.hashtag.al\/index.php\/wp-json\/wp\/v2\/media?parent=791260"}],"wp:term":[{"taxonomy":"category","embeddable":true,"href":"https:\/\/www.hashtag.al\/index.php\/wp-json\/wp\/v2\/categories?post=791260"},{"taxonomy":"post_tag","embeddable":true,"href":"https:\/\/www.hashtag.al\/index.php\/wp-json\/wp\/v2\/tags?post=791260"}],"curies":[{"name":"wp","href":"https:\/\/api.w.org\/{rel}","templated":true}]}}