{"id":791246,"date":"2026-03-15T20:47:11","date_gmt":"2026-03-15T19:47:11","guid":{"rendered":"https:\/\/www.hashtag.al\/?p=791246"},"modified":"2026-03-15T20:47:17","modified_gmt":"2026-03-15T19:47:17","slug":"ardit-cylybyli-dhe-oligert-mucllari-zgjidhen-kryetare-te-rinj-te-degeve-te-pd-ne-shkoder-dhe-pogradec","status":"publish","type":"post","link":"https:\/\/www.hashtag.al\/index.php\/2026\/03\/15\/ardit-cylybyli-dhe-oligert-mucllari-zgjidhen-kryetare-te-rinj-te-degeve-te-pd-ne-shkoder-dhe-pogradec\/","title":{"rendered":"Ardit \u00c7ylybyli dhe Oligert Mu\u00e7llari zgjidhen kryetar\u00eb t\u00eb rinj t\u00eb deg\u00ebve t\u00eb PD n\u00eb Shkod\u00ebr dhe Pogradec","gt_translate_keys":[{"key":"rendered","format":"text"}]},"content":{"rendered":"<p data-start=\"108\" data-end=\"296\"><span style=\"color: #000000;\"><a href=\"https:\/\/www.hashtag.al\/index.php\/2026\/03\/15\/ardit-cylybyli-dhe-oligert-mucllari-zgjidhen-kryetare-te-rinj-te-degeve-te-pd-ne-shkoder-dhe-pogradec\/img_8339\/\" rel=\"attachment wp-att-791247\"><img loading=\"lazy\" decoding=\"async\" class=\"size-full wp-image-791247 aligncenter\" src=\"https:\/\/www.hashtag.al\/wp-content\/uploads\/2026\/03\/IMG_8339.jpeg\" alt=\"\" width=\"758\" height=\"427\" srcset=\"https:\/\/www.hashtag.al\/wp-content\/uploads\/2026\/03\/IMG_8339.jpeg 758w, https:\/\/www.hashtag.al\/wp-content\/uploads\/2026\/03\/IMG_8339-300x169.jpeg 300w\" sizes=\"auto, (max-width: 758px) 100vw, 758px\" \/><\/a><br \/>\nArdit \u00c7ylybyli \u00ebsht\u00eb zgjedhur kryetari i ri i deg\u00ebs s\u00eb <span class=\"hover:entity-accent entity-underline inline cursor-pointer align-baseline\"><span class=\"whitespace-normal\">Partis\u00eb Demokratike<\/span><\/span>\u00a0n\u00eb <span class=\"hover:entity-accent entity-underline inline cursor-pointer align-baseline\"><span class=\"whitespace-normal\">Shkod\u00ebr<\/span><\/span>, duke fituar gar\u00ebn p\u00ebrball\u00eb kandidatit Gentian Ibro.<\/span><\/p>\n<p data-start=\"298\" data-end=\"538\"><span style=\"color: #000000;\">Sipas rezultateve paraprake, n\u00eb procesin e votimit mor\u00ebn pjes\u00eb 1,781 an\u00ebtar\u00eb. \u00c7ylybyli ka siguruar rreth 1,060 vota, nd\u00ebrsa Gentian Ibro rreth 700 vota, me nj\u00eb diferenc\u00eb prej afro 700 votash, nd\u00ebrsa num\u00ebrimi zyrtar ende nuk ka p\u00ebrfunduar.<\/span><\/p>\n<p data-start=\"540\" data-end=\"766\"><span style=\"color: #000000;\">Pas p\u00ebrfundimit t\u00eb votimit, dy kandidat\u00ebt u p\u00ebrsh\u00ebndet\u00ebn me nj\u00ebri-tjetrin, duke shtr\u00ebnguar duart dhe duke uruar sukses n\u00eb vijim. Ata d\u00ebrguan gjithashtu nj\u00eb mesazh bashkimi p\u00ebr strukturat dhe an\u00ebtar\u00ebsin\u00eb e partis\u00eb n\u00eb Shkod\u00ebr.<\/span><\/p>\n<p data-start=\"832\" data-end=\"1012\"><span style=\"color: #000000;\">N\u00eb <span class=\"hover:entity-accent entity-underline inline cursor-pointer align-baseline\"><span class=\"whitespace-normal\">Pogradec<\/span><\/span>, procesi i votimit p\u00ebr zgjedhjen e kryetarit t\u00eb ri t\u00eb <span class=\"hover:entity-accent entity-underline inline cursor-pointer align-baseline\"><span class=\"whitespace-normal\">Partis\u00eb Demokratike<\/span><\/span> ka p\u00ebrfunduar me fitoren e Oligert Mu\u00e7llarit.<\/span><\/p>\n<p data-start=\"1014\" data-end=\"1286\"><span style=\"color: #000000;\">Sipas t\u00eb dh\u00ebnave zyrtare, n\u00eb votim mor\u00ebn pjes\u00eb 476 an\u00ebtar\u00eb. Gara u zhvillua mes Kas\u00ebm Gall\u00ebs, i cili kishte drejtuar deg\u00ebn e PD-s\u00eb n\u00eb Pogradec gjat\u00eb viteve 2019\u20132021 dhe njihet si biznesmen, dhe Oligert Mu\u00e7llarit, drejtues i komanduar i deg\u00ebs dhe me profesion ekonomist.<\/span><\/p>\n<p data-start=\"1288\" data-end=\"1510\"><span style=\"color: #000000;\">Procesi i votimit nisi n\u00eb or\u00ebn 08:00 dhe u zhvillua n\u00eb nj\u00eb atmosfer\u00eb t\u00eb qet\u00eb. Nga num\u00ebrimi i votave rezultoi se Oligert Mu\u00e7llari ka marr\u00eb 247 vota, nd\u00ebrsa Kas\u00ebm Galla 224 vota. Jan\u00eb regjistruar edhe 6 vota t\u00eb pavlefshme.<\/span><\/p>\n<p data-start=\"1512\" data-end=\"1622\" data-is-last-node=\"\" data-is-only-node=\"\"><span style=\"color: #000000;\">Me k\u00ebt\u00eb rezultat, Oligert Mu\u00e7llari shpallet fitues dhe do t\u00eb drejtoj\u00eb deg\u00ebn e Partis\u00eb Demokratike n\u00eb Pogradec.<\/span><\/p>\n","protected":false,"gt_translate_keys":[{"key":"rendered","format":"html"}]},"excerpt":{"rendered":"<p>Ardit \u00c7ylybyli \u00ebsht\u00eb zgjedhur kryetari i ri i deg\u00ebs s\u00eb Partis\u00eb Demokratike\u00a0n\u00eb Shkod\u00ebr, duke fituar gar\u00ebn p\u00ebrball\u00eb kandidatit Gentian Ibro. Sipas rezultateve paraprake, n\u00eb procesin e votimit mor\u00ebn pjes\u00eb 1,781 an\u00ebtar\u00eb. \u00c7ylybyli ka siguruar rreth 1,060 vota, nd\u00ebrsa Gentian Ibro rreth 700 vota, me nj\u00eb diferenc\u00eb prej afro 700 votash, nd\u00ebrsa num\u00ebrimi zyrtar ende nuk [&hellip;]<\/p>\n","protected":false,"gt_translate_keys":[{"key":"rendered","format":"html"}]},"author":32,"featured_media":791247,"comment_status":"closed","ping_status":"open","sticky":false,"template":"","format":"standard","meta":{"footnotes":""},"categories":[65],"tags":[],"class_list":["post-791246","post","type-post","status-publish","format-standard","has-post-thumbnail","hentry","category-lajme"],"gt_translate_keys":[{"key":"link","format":"url"}],"_links":{"self":[{"href":"https:\/\/www.hashtag.al\/index.php\/wp-json\/wp\/v2\/posts\/791246","targetHints":{"allow":["GET"]}}],"collection":[{"href":"https:\/\/www.hashtag.al\/index.php\/wp-json\/wp\/v2\/posts"}],"about":[{"href":"https:\/\/www.hashtag.al\/index.php\/wp-json\/wp\/v2\/types\/post"}],"author":[{"embeddable":true,"href":"https:\/\/www.hashtag.al\/index.php\/wp-json\/wp\/v2\/users\/32"}],"replies":[{"embeddable":true,"href":"https:\/\/www.hashtag.al\/index.php\/wp-json\/wp\/v2\/comments?post=791246"}],"version-history":[{"count":99999,"href":"https:\/\/www.hashtag.al\/index.php\/wp-json\/wp\/v2\/posts\/791246\/revisions"}],"predecessor-version":[{"id":791249,"href":"https:\/\/www.hashtag.al\/index.php\/wp-json\/wp\/v2\/posts\/791246\/revisions\/791249"}],"wp:featuredmedia":[{"embeddable":true,"href":"https:\/\/www.hashtag.al\/index.php\/wp-json\/wp\/v2\/media\/791247"}],"wp:attachment":[{"href":"https:\/\/www.hashtag.al\/index.php\/wp-json\/wp\/v2\/media?parent=791246"}],"wp:term":[{"taxonomy":"category","embeddable":true,"href":"https:\/\/www.hashtag.al\/index.php\/wp-json\/wp\/v2\/categories?post=791246"},{"taxonomy":"post_tag","embeddable":true,"href":"https:\/\/www.hashtag.al\/index.php\/wp-json\/wp\/v2\/tags?post=791246"}],"curies":[{"name":"wp","href":"https:\/\/api.w.org\/{rel}","templated":true}]}}