{"id":791236,"date":"2026-03-15T19:39:05","date_gmt":"2026-03-15T18:39:05","guid":{"rendered":"https:\/\/www.hashtag.al\/?p=791236"},"modified":"2026-03-15T19:39:05","modified_gmt":"2026-03-15T18:39:05","slug":"orban-djemte-tane-nuk-do-te-vdesin-per-ukrainen","status":"publish","type":"post","link":"https:\/\/www.hashtag.al\/index.php\/2026\/03\/15\/orban-djemte-tane-nuk-do-te-vdesin-per-ukrainen\/","title":{"rendered":"Orb\u00e1n: Djemt\u00eb tan\u00eb nuk do t\u00eb vdesin p\u00ebr Ukrain\u00ebn","gt_translate_keys":[{"key":"rendered","format":"text"}]},"content":{"rendered":"<p data-start=\"99\" data-end=\"348\"><span style=\"color: #000000;\"><a href=\"https:\/\/www.hashtag.al\/index.php\/2025\/11\/30\/orban-perendimi-e-mori-ne-qafe-ukrainen-e-futi-ne-lufte-dhe-e-detyroi-te-braktiste-marreveshjen-ne-vitin-2022\/orban-48\/\" rel=\"attachment wp-att-774232\"><img loading=\"lazy\" decoding=\"async\" class=\"size-full wp-image-774232 aligncenter\" src=\"https:\/\/www.hashtag.al\/wp-content\/uploads\/2025\/11\/orban-1.jpg\" alt=\"\" width=\"768\" height=\"432\" srcset=\"https:\/\/www.hashtag.al\/wp-content\/uploads\/2025\/11\/orban-1.jpg 768w, https:\/\/www.hashtag.al\/wp-content\/uploads\/2025\/11\/orban-1-300x169.jpg 300w\" sizes=\"auto, (max-width: 768px) 100vw, 768px\" \/><\/a><br \/>\nKryeministri i <span class=\"hover:entity-accent entity-underline inline cursor-pointer align-baseline\"><span class=\"whitespace-normal\">Hungaris\u00eb<\/span><\/span>, <span class=\"hover:entity-accent entity-underline inline cursor-pointer align-baseline\"><span class=\"whitespace-normal\">Viktor Orb\u00e1n<\/span><\/span>, deklaroi se zgjedhjet parlamentare t\u00eb prillit p\u00ebrfaq\u00ebsojn\u00eb nj\u00eb zgjedhje mes paqes dhe luft\u00ebs, duke e paraqitur qeverin\u00eb e tij si garantuese t\u00eb stabilitetit, p\u00ebrcjell <span style=\"color: #0000ff;\"><a style=\"color: #0000ff;\" href=\"https:\/\/www.euronews.com\/my-europe\/2026\/03\/15\/our-sons-will-not-die-for-ukraine-orban-tells-supporters-ahead-of-crucial-april-elections\">Euronews<\/a><\/span>.<\/span><\/p>\n<p data-start=\"350\" data-end=\"544\"><span style=\"color: #000000;\">Orb\u00e1n i b\u00ebri k\u00ebto komente gjat\u00eb nj\u00eb tubimi n\u00eb <span class=\"hover:entity-accent entity-underline inline cursor-pointer align-baseline\"><span class=\"whitespace-normal\">Budapest<\/span><\/span> me rastin e fest\u00ebs komb\u00ebtare t\u00eb vendit, q\u00eb p\u00ebrkujton revolucionin e vitit 1848 kund\u00ebr sundimit t\u00eb Habsburg\u00ebve.<\/span><\/p>\n<p data-start=\"546\" data-end=\"901\"><span style=\"color: #000000;\">Hungaria do t\u00eb votoj\u00eb m\u00eb 12 prill n\u00eb zgjedhje q\u00eb konsiderohen si sfida m\u00eb serioze p\u00ebr pushtetin e Orb\u00e1n q\u00eb kur ai mori detyr\u00ebn n\u00eb vitin 2010. Lideri i opozit\u00ebs, <span class=\"hover:entity-accent entity-underline inline cursor-pointer align-baseline\"><span class=\"whitespace-normal\">P\u00e9ter Magyar<\/span><\/span>, i cili drejton <span class=\"hover:entity-accent entity-underline inline cursor-pointer align-baseline\"><span class=\"whitespace-normal\">Partin\u00eb Tisza<\/span><\/span>, aktualisht kryeson n\u00eb disa sondazhe p\u00ebrpara partis\u00eb n\u00eb pushtet <span class=\"hover:entity-accent entity-underline inline cursor-pointer align-baseline\"><span class=\"whitespace-normal\">Fidesz<\/span><\/span>.<\/span><\/p>\n<p data-start=\"940\" data-end=\"1333\"><span style=\"color: #000000;\">Gjat\u00eb fjalimit, Orb\u00e1n akuzoi <span class=\"hover:entity-accent entity-underline inline cursor-pointer align-baseline\"><span class=\"whitespace-normal\">Ukrain\u00ebn<\/span><\/span> dhe <span class=\"hover:entity-accent entity-underline inline cursor-pointer align-baseline\"><span class=\"whitespace-normal\">Bashkimin Evropian<\/span><\/span> se po p\u00ebrpiqen ta rr\u00ebzojn\u00eb nga pushteti. Marr\u00ebdh\u00ebniet mes Budapestit dhe Kievit jan\u00eb p\u00ebrkeq\u00ebsuar p\u00ebr shkak t\u00eb mosmarr\u00ebveshjes mbi mbylljen e tubacionit t\u00eb naft\u00ebs <span class=\"hover:entity-accent entity-underline inline cursor-pointer align-baseline\"><span class=\"whitespace-normal\">Druzhba pipeline<\/span><\/span>, i cili transporton naft\u00eb ruse me \u00e7mim t\u00eb reduktuar drejt Hungaris\u00eb p\u00ebrmes Ukrain\u00ebs.<\/span><\/p>\n<p data-start=\"1335\" data-end=\"1492\"><span style=\"color: #000000;\">P\u00ebr shkak t\u00eb k\u00ebsaj \u00e7\u00ebshtjeje, Hungaria ka bllokuar nj\u00eb paket\u00eb kredie prej 50 miliard\u00eb eurosh t\u00eb BE-s\u00eb p\u00ebr Ukrain\u00ebn derisa tubacioni t\u00eb rikthehet n\u00eb funksion.<\/span><\/p>\n<p data-start=\"1494\" data-end=\"1612\"><span style=\"color: #000000;\">P\u00ebrplasja ka marr\u00eb edhe dimension personal mes Orb\u00e1n dhe presidentit ukrainas <span class=\"hover:entity-accent entity-underline inline cursor-pointer align-baseline\"><span class=\"whitespace-normal\">Volodymyr Zelenskyy<\/span><\/span>.<\/span><\/p>\n<p data-start=\"1663\" data-end=\"1795\"><span style=\"color: #000000;\">Duke e paraqitur votimin si vendim ekzistencial, Orb\u00e1n tha se Hungaria duhet t\u00eb zgjedh\u00eb mes qeveris\u00eb s\u00eb tij dhe ndikimit t\u00eb jasht\u00ebm.<\/span><\/p>\n<p data-start=\"1797\" data-end=\"1935\"><span style=\"color: #000000;\">\u201c\u00cbsht\u00eb koha q\u00eb Kievi dhe Brukseli ta kuptojn\u00eb se djemt\u00eb tan\u00eb nuk do t\u00eb vdesin p\u00ebr Ukrain\u00ebn; ata do t\u00eb jetojn\u00eb p\u00ebr Hungarin\u00eb,\u201d deklaroi ai.<\/span><\/p>\n<p data-start=\"1937\" data-end=\"2179\" data-is-last-node=\"\" data-is-only-node=\"\"><span style=\"color: #000000;\">Ai shtoi gjithashtu se Ukraina dhe BE-ja kan\u00eb interes p\u00ebr nj\u00eb ndryshim qeverie n\u00eb Hungari dhe u b\u00ebri thirrje mb\u00ebshtet\u00ebsve t\u00eb partis\u00eb s\u00eb tij <span class=\"hover:entity-accent entity-underline inline cursor-pointer align-baseline\"><span class=\"whitespace-normal\">Fidesz<\/span><\/span> t\u00eb arrijn\u00eb t\u00eb pakt\u00ebn tre milion\u00eb vota n\u00eb zgjedhjet e ardhshme.<\/span><\/p>\n","protected":false,"gt_translate_keys":[{"key":"rendered","format":"html"}]},"excerpt":{"rendered":"<p>Kryeministri i Hungaris\u00eb, Viktor Orb\u00e1n, deklaroi se zgjedhjet parlamentare t\u00eb prillit p\u00ebrfaq\u00ebsojn\u00eb nj\u00eb zgjedhje mes paqes dhe luft\u00ebs, duke e paraqitur qeverin\u00eb e tij si garantuese t\u00eb stabilitetit, p\u00ebrcjell Euronews. Orb\u00e1n i b\u00ebri k\u00ebto komente gjat\u00eb nj\u00eb tubimi n\u00eb Budapest me rastin e fest\u00ebs komb\u00ebtare t\u00eb vendit, q\u00eb p\u00ebrkujton revolucionin e vitit 1848 kund\u00ebr sundimit [&hellip;]<\/p>\n","protected":false,"gt_translate_keys":[{"key":"rendered","format":"html"}]},"author":32,"featured_media":774232,"comment_status":"closed","ping_status":"open","sticky":false,"template":"","format":"standard","meta":{"footnotes":""},"categories":[53],"tags":[],"class_list":["post-791236","post","type-post","status-publish","format-standard","has-post-thumbnail","hentry","category-fast-foodi"],"gt_translate_keys":[{"key":"link","format":"url"}],"_links":{"self":[{"href":"https:\/\/www.hashtag.al\/index.php\/wp-json\/wp\/v2\/posts\/791236","targetHints":{"allow":["GET"]}}],"collection":[{"href":"https:\/\/www.hashtag.al\/index.php\/wp-json\/wp\/v2\/posts"}],"about":[{"href":"https:\/\/www.hashtag.al\/index.php\/wp-json\/wp\/v2\/types\/post"}],"author":[{"embeddable":true,"href":"https:\/\/www.hashtag.al\/index.php\/wp-json\/wp\/v2\/users\/32"}],"replies":[{"embeddable":true,"href":"https:\/\/www.hashtag.al\/index.php\/wp-json\/wp\/v2\/comments?post=791236"}],"version-history":[{"count":99999,"href":"https:\/\/www.hashtag.al\/index.php\/wp-json\/wp\/v2\/posts\/791236\/revisions"}],"predecessor-version":[{"id":791237,"href":"https:\/\/www.hashtag.al\/index.php\/wp-json\/wp\/v2\/posts\/791236\/revisions\/791237"}],"wp:featuredmedia":[{"embeddable":true,"href":"https:\/\/www.hashtag.al\/index.php\/wp-json\/wp\/v2\/media\/774232"}],"wp:attachment":[{"href":"https:\/\/www.hashtag.al\/index.php\/wp-json\/wp\/v2\/media?parent=791236"}],"wp:term":[{"taxonomy":"category","embeddable":true,"href":"https:\/\/www.hashtag.al\/index.php\/wp-json\/wp\/v2\/categories?post=791236"},{"taxonomy":"post_tag","embeddable":true,"href":"https:\/\/www.hashtag.al\/index.php\/wp-json\/wp\/v2\/tags?post=791236"}],"curies":[{"name":"wp","href":"https:\/\/api.w.org\/{rel}","templated":true}]}}