{"id":791001,"date":"2026-03-14T08:38:39","date_gmt":"2026-03-14T07:38:39","guid":{"rendered":"https:\/\/www.hashtag.al\/?p=791001"},"modified":"2026-03-14T08:38:45","modified_gmt":"2026-03-14T07:38:45","slug":"eurostat-shqiptaret-jetojne-me-pak-se-vendet-e-be-se-por-me-shume-se-rajoni","status":"publish","type":"post","link":"https:\/\/www.hashtag.al\/index.php\/2026\/03\/14\/eurostat-shqiptaret-jetojne-me-pak-se-vendet-e-be-se-por-me-shume-se-rajoni\/","title":{"rendered":"EUROSTAT: Shqiptar\u00ebt jetojn\u00eb m\u00eb pak se vendet e BE-s\u00eb, por m\u00eb shum\u00eb se rajoni","gt_translate_keys":[{"key":"rendered","format":"text"}]},"content":{"rendered":"<p><span style=\"color: #000000;\"><a href=\"https:\/\/www.hashtag.al\/index.php\/2026\/03\/14\/eurostat-shqiptaret-jetojne-me-pak-se-vendet-e-be-se-por-me-shume-se-rajoni\/screenshot-2026-03-14-001414\/\" rel=\"attachment wp-att-791002\"><img loading=\"lazy\" decoding=\"async\" class=\"alignnone size-full wp-image-791002\" src=\"https:\/\/www.hashtag.al\/wp-content\/uploads\/2026\/03\/Screenshot-2026-03-14-001414.png\" alt=\"\" width=\"927\" height=\"547\" srcset=\"https:\/\/www.hashtag.al\/wp-content\/uploads\/2026\/03\/Screenshot-2026-03-14-001414.png 927w, https:\/\/www.hashtag.al\/wp-content\/uploads\/2026\/03\/Screenshot-2026-03-14-001414-300x177.png 300w, https:\/\/www.hashtag.al\/wp-content\/uploads\/2026\/03\/Screenshot-2026-03-14-001414-768x453.png 768w\" sizes=\"auto, (max-width: 927px) 100vw, 927px\" \/><\/a><\/span><\/p>\n<p><span style=\"color: #000000;\">N\u00eb vitin 2024, jet\u00ebgjat\u00ebsia n\u00eb lindje n\u00eb BE ishte 81.5 vjet, duke sh\u00ebnuar nj\u00eb rritje prej 0.1 viti krahasuar me vitin 2023.<\/span><\/p>\n<p><span style=\"color: #000000;\">Jet\u00ebgjat\u00ebsia ra n\u00eb vitin 2020 (80.4 vjet) dhe 2021 (80.1 vjet) p\u00ebr shkak t\u00eb pandemis\u00eb COVID-19, por q\u00eb prej asaj kohe \u00ebsht\u00eb rikuperuar dhe ka arritur nivele m\u00eb t\u00eb larta se n\u00eb vitin 2019 (81.3 vjet).<\/span><\/p>\n<p><span style=\"color: #000000;\">P\u00ebr Shqip\u00ebrin\u00eb, Eurostat i raporton t\u00eb dh\u00ebnat p\u00ebr vitin 2022, kur jet\u00ebgjat\u00ebsia n\u00eb lindje ishte 79.1 vje\u00e7.<\/span><\/p>\n<p><span style=\"color: #000000;\">Por t\u00eb dh\u00ebnat e tjera t\u00eb INSTAT tregojn\u00eb se dhe n\u00eb Shqip\u00ebri treguesi ka qen\u00eb n\u00eb rritje, duke arritur n\u00eb rreth 80 vje\u00e7 n\u00eb vitin 2024. Grat\u00eb shqiptare pritet t\u00eb jetojn\u00eb mesatarisht 82.5 vje\u00e7 dhe burrat 78.6 vje\u00e7, sipas t\u00eb dh\u00ebnave t\u00eb fundit p\u00ebr vitin 2024.<\/span><\/p>\n<p><span style=\"color: #000000;\">N\u00eb k\u00ebto nivele, rreth 79-80 vje\u00e7, shqiptar\u00ebt jetojn\u00eb m\u00eb pak sesa mesatarja e BE-s\u00eb dhe shum\u00eb vendet t\u00eb Europ\u00ebs Per\u00ebndimore e Veriore, po m\u00eb gjat\u00eb sesa rajoni, duke l\u00ebn\u00eb pas malazezit (77.6) dhe serb\u00ebt (76.2), me k\u00ebta t\u00eb fundit q\u00eb jan\u00eb t\u00eb parafundit n\u00eb Europ\u00eb, duke l\u00ebn\u00eb pas vet\u00ebm bullgar\u00ebt (75.8). Mungojn\u00eb t\u00eb dh\u00ebnat p\u00ebr Kosov\u00ebn e Maqedonin\u00eb e Veriut.<\/span><\/p>\n<p><span style=\"color: #000000;\">T\u00eb dh\u00ebnat e Eurostat tregojn\u00eb se Veriu i Shqip\u00ebris\u00eb \u00ebsht\u00eb ai q\u00eb ka tendenc\u00ebn p\u00ebr t\u00eb jetuar m\u00eb pak, me jet\u00ebgjat\u00ebsin\u00eb. Sipas t\u00eb dh\u00ebnave t\u00eb vitit 2022, veriu i Shqip\u00ebris\u00eb pritet t\u00eb jetoj\u00eb mesatarisht 79.2 vje\u00e7, p\u00ebrkundrejt 80.7 vje\u00e7 n\u00eb qend\u00ebr dhe 80.77 n\u00eb jug. Aksesi m\u00eb i ul\u00ebt n\u00eb sh\u00ebrbimet sh\u00ebndet\u00ebsore vler\u00ebsohet se \u00ebsht\u00eb nj\u00eb nga arsyet kryesore t\u00eb diferenc\u00ebs.<\/span><\/p>\n<p><span style=\"color: #000000;\">Jet\u00ebgjat\u00ebsia n\u00eb lindje tregon sa vite pritet t\u00eb jetoj\u00eb mesatarisht nj\u00eb person i lindur n\u00eb nj\u00eb vit t\u00eb caktuar, bazuar n\u00eb normat aktuale t\u00eb vdekshm\u00ebris\u00eb.<\/span><\/p>\n<p>&nbsp;<\/p>\n<p><span style=\"color: #000000;\">Grat\u00eb jetojn\u00eb m\u00eb shum\u00eb se burrat<\/span><\/p>\n<p><span style=\"color: #000000;\">N\u00eb vitin 2024, jet\u00ebgjat\u00ebsia n\u00eb lindje p\u00ebr grat\u00eb n\u00eb BE arriti n\u00eb 84.1 vjet (0.1 vjet m\u00eb shum\u00eb krahasuar me vitin 2023), nd\u00ebrsa p\u00ebr burrat ishte 78.9 vjet (+0.2 vjet). Kjo tregon se grat\u00eb pritet t\u00eb jetojn\u00eb 5.2 vjet m\u00eb gjat\u00eb se burrat.<\/span><\/p>\n<p><span style=\"color: #000000;\">Ky hendek ndryshon ndjesh\u00ebm mes vendeve t\u00eb BE-s\u00eb. N\u00eb Letoni, grat\u00eb pritet t\u00eb jetojn\u00eb 9.8 vjet m\u00eb shum\u00eb se burrat, e ndjekur nga Lituania (8.6 vjet) dhe Estonia (8.4 vjet).<\/span><\/p>\n<p><span style=\"color: #000000;\">Hendeku m\u00eb i vog\u00ebl mes gjinive u regjistrua n\u00eb Holand\u00eb (2.8 vjet), Suedi (3.1 vjet) dhe Irland\u00eb (3.4 vjet). N\u00eb Shqip\u00ebri hendeku \u00ebsht\u00eb m\u00eb i ul\u00ebt se mesatarja e BE-s\u00eb, n\u00eb 3.9 vjet, sipas t\u00eb dh\u00ebnave t\u00eb Eurostat.<\/span><\/p>\n<p>&nbsp;<\/p>\n<p><span style=\"color: #000000;\">Europa<\/span><\/p>\n<p><span style=\"color: #000000;\">Sipas Eurostat, vendet e Europ\u00ebs Per\u00ebndimore dhe Nordike kan\u00eb jet\u00ebgjat\u00ebsi duksh\u00ebm m\u00eb t\u00eb lart\u00eb krahasuar me vendet e Europ\u00ebs Lindore.<\/span><\/p>\n<p><span style=\"color: #000000;\">Zvicra kryeson list\u00ebn me 84.3 vjet, e ndjekur nga Liechtenstein (84.2 vjet) dhe Spanja (84 vjet). Vende t\u00eb tjera me jet\u00ebgjat\u00ebsi shum\u00eb t\u00eb lart\u00eb jan\u00eb Suedia (83.8 vjet), Italia (83.7 vjet) dhe Qipro (83.5 vjet).<\/span><\/p>\n<p><span style=\"color: #000000;\">N\u00eb an\u00ebn tjet\u00ebr t\u00eb renditjes, jet\u00ebgjat\u00ebsia m\u00eb e ul\u00ebt n\u00eb kontinent regjistrohet kryesisht n\u00eb vendet e Europ\u00ebs Lindore dhe Juglindore. Bullgaria ka nivelin m\u00eb t\u00eb ul\u00ebt me 75.8 vjet, e ndjekur nga Serbia (76.2 vjet), Letonia (76.4 vjet), Rumania (76.5 vjet) dhe Hungaria (76.8 vjet).<\/span><\/p>\n<p><span style=\"color: #000000;\">N\u00eb nivel rajonal, kat\u00ebr rajone arrit\u00ebn nj\u00eb jet\u00ebgjat\u00ebsi n\u00eb lindje prej 85 vjet\u00ebsh ose m\u00eb shum\u00eb: rajoni spanjoll Comunidad de Madrid, me 85.7 vjet, si dhe rajonet italiane<\/span><\/p>\n<p><span style=\"color: #000000;\">Provincia Autonoma di Trento dhe Provincia Autonoma di Bolzano\/Bozen dhe rajoni i kryeqytetit suedez Stockholm, t\u00eb gjitha me 85.0 vjet.<\/span><\/p>\n<p><span style=\"color: #000000;\">N\u00eb an\u00ebn tjet\u00ebr, nd\u00ebr pes\u00eb rajonet e BE-s\u00eb me jet\u00ebgjat\u00ebsin\u00eb m\u00eb t\u00eb ul\u00ebt n\u00eb lindje, tre ndodhen n\u00eb Bullgari: Severozapaden (73.9 vjet), Severen tsentralen (74.9 vjet) dhe Severoiztochen (75.4 vjet).<\/span><\/p>\n<p><span style=\"color: #000000;\">Dy t\u00eb tjerat jan\u00eb Mayotte n\u00eb Franc\u00eb (74.5 vjet) dhe \u00c9szak-Magyarorsz\u00e1g n\u00eb Hungari (75.1 vjet).\/Monitor<\/span><\/p>\n<p>&nbsp;<\/p>\n","protected":false,"gt_translate_keys":[{"key":"rendered","format":"html"}]},"excerpt":{"rendered":"<p>N\u00eb vitin 2024, jet\u00ebgjat\u00ebsia n\u00eb lindje n\u00eb BE ishte 81.5 vjet, duke sh\u00ebnuar nj\u00eb rritje prej 0.1 viti krahasuar me vitin 2023. Jet\u00ebgjat\u00ebsia ra n\u00eb vitin 2020 (80.4 vjet) dhe 2021 (80.1 vjet) p\u00ebr shkak t\u00eb pandemis\u00eb COVID-19, por q\u00eb prej asaj kohe \u00ebsht\u00eb rikuperuar dhe ka arritur nivele m\u00eb t\u00eb larta se n\u00eb vitin [&hellip;]<\/p>\n","protected":false,"gt_translate_keys":[{"key":"rendered","format":"html"}]},"author":32,"featured_media":791002,"comment_status":"closed","ping_status":"open","sticky":false,"template":"","format":"standard","meta":{"footnotes":""},"categories":[53],"tags":[],"class_list":["post-791001","post","type-post","status-publish","format-standard","has-post-thumbnail","hentry","category-fast-foodi"],"gt_translate_keys":[{"key":"link","format":"url"}],"_links":{"self":[{"href":"https:\/\/www.hashtag.al\/index.php\/wp-json\/wp\/v2\/posts\/791001","targetHints":{"allow":["GET"]}}],"collection":[{"href":"https:\/\/www.hashtag.al\/index.php\/wp-json\/wp\/v2\/posts"}],"about":[{"href":"https:\/\/www.hashtag.al\/index.php\/wp-json\/wp\/v2\/types\/post"}],"author":[{"embeddable":true,"href":"https:\/\/www.hashtag.al\/index.php\/wp-json\/wp\/v2\/users\/32"}],"replies":[{"embeddable":true,"href":"https:\/\/www.hashtag.al\/index.php\/wp-json\/wp\/v2\/comments?post=791001"}],"version-history":[{"count":99999,"href":"https:\/\/www.hashtag.al\/index.php\/wp-json\/wp\/v2\/posts\/791001\/revisions"}],"predecessor-version":[{"id":791004,"href":"https:\/\/www.hashtag.al\/index.php\/wp-json\/wp\/v2\/posts\/791001\/revisions\/791004"}],"wp:featuredmedia":[{"embeddable":true,"href":"https:\/\/www.hashtag.al\/index.php\/wp-json\/wp\/v2\/media\/791002"}],"wp:attachment":[{"href":"https:\/\/www.hashtag.al\/index.php\/wp-json\/wp\/v2\/media?parent=791001"}],"wp:term":[{"taxonomy":"category","embeddable":true,"href":"https:\/\/www.hashtag.al\/index.php\/wp-json\/wp\/v2\/categories?post=791001"},{"taxonomy":"post_tag","embeddable":true,"href":"https:\/\/www.hashtag.al\/index.php\/wp-json\/wp\/v2\/tags?post=791001"}],"curies":[{"name":"wp","href":"https:\/\/api.w.org\/{rel}","templated":true}]}}