{"id":790997,"date":"2026-03-14T08:14:40","date_gmt":"2026-03-14T07:14:40","guid":{"rendered":"https:\/\/www.hashtag.al\/?p=790997"},"modified":"2026-03-14T08:14:45","modified_gmt":"2026-03-14T07:14:45","slug":"sot-dita-e-veres-festime-ne-gjithe-shqiperine-me-ballokume-verore-dhe-aktivitete-kulturore","status":"publish","type":"post","link":"https:\/\/www.hashtag.al\/index.php\/2026\/03\/14\/sot-dita-e-veres-festime-ne-gjithe-shqiperine-me-ballokume-verore-dhe-aktivitete-kulturore\/","title":{"rendered":"Sot Dita e Ver\u00ebs, festime n\u00eb gjith\u00eb Shqip\u00ebrin\u00eb me ballokume, verore dhe aktivitete kulturore","gt_translate_keys":[{"key":"rendered","format":"text"}]},"content":{"rendered":"<p><span style=\"color: #000000;\"><a href=\"https:\/\/www.hashtag.al\/index.php\/2026\/03\/14\/sot-dita-e-veres-festime-ne-gjithe-shqiperine-me-ballokume-verore-dhe-aktivitete-kulturore\/1d072bb6-0318-4939-b2df-138936a83321-9e9ae0d5-1efd-4d38-a107-6ac666507d13-0\/\" rel=\"attachment wp-att-790998\"><img loading=\"lazy\" decoding=\"async\" class=\"alignnone size-full wp-image-790998\" src=\"https:\/\/www.hashtag.al\/wp-content\/uploads\/2026\/03\/1d072bb6-0318-4939-b2df-138936a83321-9e9ae0d5-1efd-4d38-a107-6ac666507d13-0.jpg\" alt=\"\" width=\"1600\" height=\"1130\" srcset=\"https:\/\/www.hashtag.al\/wp-content\/uploads\/2026\/03\/1d072bb6-0318-4939-b2df-138936a83321-9e9ae0d5-1efd-4d38-a107-6ac666507d13-0.jpg 1600w, https:\/\/www.hashtag.al\/wp-content\/uploads\/2026\/03\/1d072bb6-0318-4939-b2df-138936a83321-9e9ae0d5-1efd-4d38-a107-6ac666507d13-0-300x212.jpg 300w, https:\/\/www.hashtag.al\/wp-content\/uploads\/2026\/03\/1d072bb6-0318-4939-b2df-138936a83321-9e9ae0d5-1efd-4d38-a107-6ac666507d13-0-1024x723.jpg 1024w, https:\/\/www.hashtag.al\/wp-content\/uploads\/2026\/03\/1d072bb6-0318-4939-b2df-138936a83321-9e9ae0d5-1efd-4d38-a107-6ac666507d13-0-768x542.jpg 768w, https:\/\/www.hashtag.al\/wp-content\/uploads\/2026\/03\/1d072bb6-0318-4939-b2df-138936a83321-9e9ae0d5-1efd-4d38-a107-6ac666507d13-0-1536x1085.jpg 1536w\" sizes=\"auto, (max-width: 1600px) 100vw, 1600px\" \/><\/a><\/span><\/p>\n<p><span style=\"color: #000000;\">Sot n\u00eb t\u00eb gjith\u00eb Shqip\u00ebrin\u00eb festohet Dita e Ver\u00ebs, nj\u00eb nga festat m\u00eb t\u00eb dashura tradicionale q\u00eb simbolizon ardhjen e pranver\u00ebs dhe nj\u00eb stin\u00eb t\u00eb re plot ngjyra, lule dhe g\u00ebzim.<\/span><\/p>\n<p><span style=\"color: #000000;\">Tradicionalisht, festimet nisin q\u00eb n\u00eb mbr\u00ebmjen e 13 marsit, kur familjet p\u00ebrgatisin gatime dhe \u00ebmb\u00eblsira tradicionale, ku nuk mungon Ballokume, simboli m\u00eb i njohur i k\u00ebsaj feste. Nj\u00eb tjet\u00ebr element i r\u00ebnd\u00ebsish\u00ebm \u00ebsht\u00eb edhe verorja, nj\u00eb byzylyk simbolik me pe t\u00eb bardh\u00eb dhe t\u00eb kuq q\u00eb lidhet n\u00eb dor\u00eb p\u00ebr t\u00eb sjell\u00eb fat dhe sh\u00ebndet.<\/span><\/p>\n<p><span style=\"color: #000000;\">N\u00eb shum\u00eb qytete t\u00eb vendit jan\u00eb organizuar aktivitete festive, koncerte dhe panaire, nd\u00ebrsa autoritetet lokale kan\u00eb marr\u00eb masa p\u00ebr kufizimin e qarkullimit t\u00eb automjeteve n\u00eb zonat ku zhvillohen aktivitetet.<\/span><\/p>\n<p><span style=\"color: #000000;\">Festimet kryesore zhvillohen n\u00eb Elbasan, qyteti q\u00eb konsiderohet si kryeqendra tradicionale e Dit\u00ebs s\u00eb Ver\u00ebs. N\u00eb sheshin kryesor t\u00eb qytetit jan\u00eb organizuar koncerte dhe aktivitete t\u00eb shumta, ku qindra qytetar\u00eb jan\u00eb mbledhur p\u00ebr t\u00eb festuar. Nj\u00eb dit\u00eb m\u00eb par\u00eb u hap edhe Panairi i Ballokumeve, nd\u00ebrsa u zhvilluan koncerte p\u00ebr f\u00ebmij\u00eb dhe shfaqje t\u00eb teatrit t\u00eb rrug\u00ebs me maskota. Festimet vijuan me parakalimin e grupeve folklorike nga treva t\u00eb ndryshme t\u00eb vendit.<\/span><\/p>\n<p><span style=\"color: #000000;\">P\u00ebr her\u00eb t\u00eb par\u00eb n\u00eb k\u00ebt\u00eb qytet u \u00e7el edhe panairi bujq\u00ebsor \u201cNga toka jon\u00eb n\u00eb sofr\u00ebn tuaj\u201d, ku marrin pjes\u00eb 54 subjekte q\u00eb prezantojn\u00eb produkte t\u00eb ndryshme bujq\u00ebsore dhe kulinare.<\/span><\/p>\n<p><span style=\"color: #000000;\">Edhe n\u00eb Tiran\u00eb jan\u00eb planifikuar rreth 50 aktivitete t\u00eb ndryshme p\u00ebr t\u00eb gjitha grupmoshat, t\u00eb cilat zhvillohen nga ora 09:00 e m\u00ebngjesit deri n\u00eb mesnat\u00eb. P\u00ebr f\u00ebmij\u00ebt jan\u00eb dedikuar hap\u00ebsira t\u00eb ve\u00e7anta aktivitetesh, kryesisht n\u00eb zon\u00ebn e Liqeni Artificial i Tiran\u00ebs dhe n\u00eb Parku Rinia.<\/span><\/p>\n<p><span style=\"color: #000000;\">Autoritetet kan\u00eb njoftuar se devijimi i trafikut n\u00eb kryeqytet ka nisur q\u00eb nga ora 12:00 e dat\u00ebs 13 mars dhe do t\u00eb vijoj\u00eb deri n\u00eb or\u00ebt e para t\u00eb 15 marsit, p\u00ebr t\u00eb mund\u00ebsuar zhvillimin e aktiviteteve festive.<\/span><\/p>\n<p><span style=\"color: #000000;\">N\u00eb Elbasan pritet nj\u00eb num\u00ebr i lart\u00eb vizitor\u00ebsh gjat\u00eb gjith\u00eb dit\u00ebs, jo vet\u00ebm nga qytete t\u00eb ndryshme t\u00eb Shqip\u00ebris\u00eb, por edhe nga trevat shqipfol\u00ebse dhe vende t\u00eb tjera t\u00eb Europ\u00ebs, duke e kthyer fest\u00ebn n\u00eb nj\u00eb nga ngjarjet m\u00eb t\u00eb r\u00ebnd\u00ebsishme kulturore t\u00eb pranver\u00ebs.<\/span><\/p>\n","protected":false,"gt_translate_keys":[{"key":"rendered","format":"html"}]},"excerpt":{"rendered":"<p>Sot n\u00eb t\u00eb gjith\u00eb Shqip\u00ebrin\u00eb festohet Dita e Ver\u00ebs, nj\u00eb nga festat m\u00eb t\u00eb dashura tradicionale q\u00eb simbolizon ardhjen e pranver\u00ebs dhe nj\u00eb stin\u00eb t\u00eb re plot ngjyra, lule dhe g\u00ebzim. Tradicionalisht, festimet nisin q\u00eb n\u00eb mbr\u00ebmjen e 13 marsit, kur familjet p\u00ebrgatisin gatime dhe \u00ebmb\u00eblsira tradicionale, ku nuk mungon Ballokume, simboli m\u00eb i njohur [&hellip;]<\/p>\n","protected":false,"gt_translate_keys":[{"key":"rendered","format":"html"}]},"author":32,"featured_media":790998,"comment_status":"closed","ping_status":"open","sticky":false,"template":"","format":"standard","meta":{"footnotes":""},"categories":[65],"tags":[],"class_list":["post-790997","post","type-post","status-publish","format-standard","has-post-thumbnail","hentry","category-lajme"],"gt_translate_keys":[{"key":"link","format":"url"}],"_links":{"self":[{"href":"https:\/\/www.hashtag.al\/index.php\/wp-json\/wp\/v2\/posts\/790997","targetHints":{"allow":["GET"]}}],"collection":[{"href":"https:\/\/www.hashtag.al\/index.php\/wp-json\/wp\/v2\/posts"}],"about":[{"href":"https:\/\/www.hashtag.al\/index.php\/wp-json\/wp\/v2\/types\/post"}],"author":[{"embeddable":true,"href":"https:\/\/www.hashtag.al\/index.php\/wp-json\/wp\/v2\/users\/32"}],"replies":[{"embeddable":true,"href":"https:\/\/www.hashtag.al\/index.php\/wp-json\/wp\/v2\/comments?post=790997"}],"version-history":[{"count":99999,"href":"https:\/\/www.hashtag.al\/index.php\/wp-json\/wp\/v2\/posts\/790997\/revisions"}],"predecessor-version":[{"id":791000,"href":"https:\/\/www.hashtag.al\/index.php\/wp-json\/wp\/v2\/posts\/790997\/revisions\/791000"}],"wp:featuredmedia":[{"embeddable":true,"href":"https:\/\/www.hashtag.al\/index.php\/wp-json\/wp\/v2\/media\/790998"}],"wp:attachment":[{"href":"https:\/\/www.hashtag.al\/index.php\/wp-json\/wp\/v2\/media?parent=790997"}],"wp:term":[{"taxonomy":"category","embeddable":true,"href":"https:\/\/www.hashtag.al\/index.php\/wp-json\/wp\/v2\/categories?post=790997"},{"taxonomy":"post_tag","embeddable":true,"href":"https:\/\/www.hashtag.al\/index.php\/wp-json\/wp\/v2\/tags?post=790997"}],"curies":[{"name":"wp","href":"https:\/\/api.w.org\/{rel}","templated":true}]}}