{"id":790991,"date":"2026-03-13T23:30:35","date_gmt":"2026-03-13T22:30:35","guid":{"rendered":"https:\/\/www.hashtag.al\/?p=790991"},"modified":"2026-03-13T23:30:35","modified_gmt":"2026-03-13T22:30:35","slug":"spiropali-u-shkarkua-se-nuk-po-mbronte-aferat-e-rames-largimi-i-tij-ceshtje-kombetare-balliu","status":"publish","type":"post","link":"https:\/\/www.hashtag.al\/index.php\/2026\/03\/13\/spiropali-u-shkarkua-se-nuk-po-mbronte-aferat-e-rames-largimi-i-tij-ceshtje-kombetare-balliu\/","title":{"rendered":"\u201cSpiropali u shkarkua se nuk po mbronte aferat e Ram\u00ebs, largimi i tij \u00e7\u00ebshtje komb\u00ebtare\u201d &#8211; Balliu","gt_translate_keys":[{"key":"rendered","format":"text"}]},"content":{"rendered":"<p><img loading=\"lazy\" decoding=\"async\" class=\"aligncenter size-full wp-image-790992\" src=\"https:\/\/www.hashtag.al\/wp-content\/uploads\/2026\/03\/balliu2.jpg\" alt=\"\" width=\"941\" height=\"607\" srcset=\"https:\/\/www.hashtag.al\/wp-content\/uploads\/2026\/03\/balliu2.jpg 941w, https:\/\/www.hashtag.al\/wp-content\/uploads\/2026\/03\/balliu2-300x194.jpg 300w, https:\/\/www.hashtag.al\/wp-content\/uploads\/2026\/03\/balliu2-768x495.jpg 768w\" sizes=\"auto, (max-width: 941px) 100vw, 941px\" \/><\/p>\n<p><span style=\"color: #000000;\">Sipas deputetit demokrat Klevis Balliu, ministrja e Jashtme Spiropali u shkarkua nga kryeministri Rama pasi nuk po i mbronte m\u00eb aferat e k\u00ebtij t\u00eb fundit. <\/span><\/p>\n<p><span style=\"color: #000000;\">Ai tha se gjith\u00eb qeveria socialiste u ngrit p\u00ebr t\u00eb mbrojtur sistemin e vjedhjes q\u00eb \u00ebsht\u00eb ngritur dhe jo thjesht p\u00ebr t\u00eb mbrojtur Ballukun.<\/span><\/p>\n<p><span style=\"color: #000000;\"><em>\u201cSpiropali u hoq sepse nuk po mbronte m\u00eb aferat e tij, kjo mund t\u00eb thuhet edhe p\u00ebr Fatmir Xhaf\u00ebn.<\/em><\/span><\/p>\n<p><span style=\"color: #000000;\"><em>Ngrihet nj\u00eb qeveri e t\u00ebr\u00eb q\u00eb merret me hallin e Ballukun sepse duhet mbrojtur sistemi i vjedhjes, jo sepse kan\u00eb hallin e Ballukut. Nuk merren me hallet e qytetar\u00ebve. Un\u00eb n\u00ebse duhet shkoj e dor\u00ebzoj vet\u00eb imunitetin, nuk ka nevoja t\u00eb mblidhen institucionet fare\u201d<\/em>, tha ai.<\/span><\/p>\n<p><span style=\"color: #000000;\">Balliu shtoi m\u00eb tej se n\u00ebse opozita bashkohet, Rama bie nga qeveria nd\u00ebrsa theksoi se largimi i qeveris\u00eb socialiste \u00ebsht\u00eb \u00e7\u00ebshtje komb\u00ebtare.<\/span><\/p>\n<p><span style=\"color: #000000;\"><em>\u201cPo t\u00eb bashkohemi t\u00eb gjith\u00eb Rama ik\u00ebn nes\u00ebr. Ne kemi v\u00ebshtir\u00ebsi t\u00eb kuptojm\u00eb q\u00eb \u00ebsht\u00eb nj\u00eb \u00e7\u00ebshtje komb\u00ebtare, jo e Berish\u00ebs apo e Klevis Balliun. Derisa t\u00eb kuptojm\u00eb k\u00ebt\u00eb Rama do t\u00eb jet\u00eb aty ku \u00ebsht\u00eb.<\/em><\/span><\/p>\n<p><span style=\"color: #000000;\"><em>Qytetar\u00ebt na kan\u00eb mb\u00ebshtetur n\u00eb koh\u00eb t\u00eb v\u00ebshtira si aksion opozitar, por fakti q\u00eb ai nuk ka r\u00ebn\u00eb \u00ebsht\u00eb tregues q\u00eb duhet t\u00eb b\u00ebjm\u00eb m\u00eb shum\u00eb, kjo \u00ebsht\u00eb e vetmja m\u00ebnyr\u00eb p\u00ebr ta larguar. Un\u00eb jam p\u00ebr nj\u00eb p\u00ebrballje frontale me ta, t\u2019i ndjekim edhe kur shkojn\u00eb n\u00eb Kuvend e Parlament, deputet\u00ebt duhet t\u00eb japin p\u00ebrgjigje\u201d<\/em>, tha ai.<\/span><\/p>\n","protected":false,"gt_translate_keys":[{"key":"rendered","format":"html"}]},"excerpt":{"rendered":"<p>Sipas deputetit demokrat Klevis Balliu, ministrja e Jashtme Spiropali u shkarkua nga kryeministri Rama pasi nuk po i mbronte m\u00eb aferat e k\u00ebtij t\u00eb fundit. Ai tha se gjith\u00eb qeveria socialiste u ngrit p\u00ebr t\u00eb mbrojtur sistemin e vjedhjes q\u00eb \u00ebsht\u00eb ngritur dhe jo thjesht p\u00ebr t\u00eb mbrojtur Ballukun. \u201cSpiropali u hoq sepse nuk po [&hellip;]<\/p>\n","protected":false,"gt_translate_keys":[{"key":"rendered","format":"html"}]},"author":51,"featured_media":790992,"comment_status":"closed","ping_status":"open","sticky":false,"template":"","format":"standard","meta":{"footnotes":""},"categories":[65],"tags":[],"class_list":["post-790991","post","type-post","status-publish","format-standard","has-post-thumbnail","hentry","category-lajme"],"gt_translate_keys":[{"key":"link","format":"url"}],"_links":{"self":[{"href":"https:\/\/www.hashtag.al\/index.php\/wp-json\/wp\/v2\/posts\/790991","targetHints":{"allow":["GET"]}}],"collection":[{"href":"https:\/\/www.hashtag.al\/index.php\/wp-json\/wp\/v2\/posts"}],"about":[{"href":"https:\/\/www.hashtag.al\/index.php\/wp-json\/wp\/v2\/types\/post"}],"author":[{"embeddable":true,"href":"https:\/\/www.hashtag.al\/index.php\/wp-json\/wp\/v2\/users\/51"}],"replies":[{"embeddable":true,"href":"https:\/\/www.hashtag.al\/index.php\/wp-json\/wp\/v2\/comments?post=790991"}],"version-history":[{"count":99999,"href":"https:\/\/www.hashtag.al\/index.php\/wp-json\/wp\/v2\/posts\/790991\/revisions"}],"predecessor-version":[{"id":790993,"href":"https:\/\/www.hashtag.al\/index.php\/wp-json\/wp\/v2\/posts\/790991\/revisions\/790993"}],"wp:featuredmedia":[{"embeddable":true,"href":"https:\/\/www.hashtag.al\/index.php\/wp-json\/wp\/v2\/media\/790992"}],"wp:attachment":[{"href":"https:\/\/www.hashtag.al\/index.php\/wp-json\/wp\/v2\/media?parent=790991"}],"wp:term":[{"taxonomy":"category","embeddable":true,"href":"https:\/\/www.hashtag.al\/index.php\/wp-json\/wp\/v2\/categories?post=790991"},{"taxonomy":"post_tag","embeddable":true,"href":"https:\/\/www.hashtag.al\/index.php\/wp-json\/wp\/v2\/tags?post=790991"}],"curies":[{"name":"wp","href":"https:\/\/api.w.org\/{rel}","templated":true}]}}