{"id":790969,"date":"2026-03-13T22:07:45","date_gmt":"2026-03-13T21:07:45","guid":{"rendered":"https:\/\/www.hashtag.al\/?p=790969"},"modified":"2026-03-13T22:07:45","modified_gmt":"2026-03-13T21:07:45","slug":"irani-leshon-raketa-therrmuese-deme-ne-izraelin-qendror","status":"publish","type":"post","link":"https:\/\/www.hashtag.al\/index.php\/2026\/03\/13\/irani-leshon-raketa-therrmuese-deme-ne-izraelin-qendror\/","title":{"rendered":"Irani l\u00ebshon raketa th\u00ebrrmuese, d\u00ebme n\u00eb Izraelin qendror","gt_translate_keys":[{"key":"rendered","format":"text"}]},"content":{"rendered":"<div id=\"attachment_790971\" style=\"width: 2510px\" class=\"wp-caption aligncenter\"><img loading=\"lazy\" decoding=\"async\" aria-describedby=\"caption-attachment-790971\" class=\"size-full wp-image-790971\" src=\"https:\/\/www.hashtag.al\/wp-content\/uploads\/2026\/03\/afp__20260307__a2b893q__v1__highres__iranisraeluswar-1.jpg\" alt=\"\" width=\"2500\" height=\"1667\" srcset=\"https:\/\/www.hashtag.al\/wp-content\/uploads\/2026\/03\/afp__20260307__a2b893q__v1__highres__iranisraeluswar-1.jpg 2500w, https:\/\/www.hashtag.al\/wp-content\/uploads\/2026\/03\/afp__20260307__a2b893q__v1__highres__iranisraeluswar-1-300x200.jpg 300w, https:\/\/www.hashtag.al\/wp-content\/uploads\/2026\/03\/afp__20260307__a2b893q__v1__highres__iranisraeluswar-1-1024x683.jpg 1024w, https:\/\/www.hashtag.al\/wp-content\/uploads\/2026\/03\/afp__20260307__a2b893q__v1__highres__iranisraeluswar-1-768x512.jpg 768w, https:\/\/www.hashtag.al\/wp-content\/uploads\/2026\/03\/afp__20260307__a2b893q__v1__highres__iranisraeluswar-1-1536x1024.jpg 1536w, https:\/\/www.hashtag.al\/wp-content\/uploads\/2026\/03\/afp__20260307__a2b893q__v1__highres__iranisraeluswar-1-2048x1366.jpg 2048w\" sizes=\"auto, (max-width: 2500px) 100vw, 2500px\" \/><p id=\"caption-attachment-790971\" class=\"wp-caption-text\">Smoke and fire rise from the site of airstrikes at Mehrabad International Airport in Tehran on March 7, 2026. Israel said on March 7 it had launched &#8220;broad-scale&#8221; strikes on targets in Tehran, as the Iranian state broadcaster reported an explosion in the western part of the city. (Photo by ATTA KENARE \/ AFP)<\/p><\/div>\n<p><span style=\"color: #000000;\">Sipas vler\u00ebsimeve fillestare, ka gjasa q\u00eb nj\u00eb raket\u00eb th\u00ebrrmuese t\u00eb jet\u00eb l\u00ebshuar n\u00eb bresh\u00ebrin\u00eb e fundit nga Irani. Deri tani, \u00ebsht\u00eb raportuar p\u00ebr nj\u00eb zjarr n\u00eb nj\u00eb nd\u00ebrtes\u00eb n\u00eb Shoham, nj\u00eb tjet\u00ebr zjarr n\u00eb Rishon Lezion dhe d\u00ebme p\u00ebrgjat\u00eb Autostrad\u00ebs 431. Nuk raportohet p\u00ebr t\u00eb l\u00ebnduar.<\/span><\/p>\n<p><span style=\"color: #000000;\">Nj\u00eb nd\u00ebrtes\u00eb n\u00eb Shoham u godit gjat\u00eb bresh\u00ebris\u00eb s\u00eb fundit iraniane. Ekipet e shp\u00ebtimit po k\u00ebrkojn\u00eb n\u00eb zon\u00eb dhe n\u00eb k\u00ebt\u00eb faz\u00eb nuk ka raportime p\u00ebr t\u00eb l\u00ebnduar. Nj\u00eb zjarr u raportua gjithashtu n\u00eb Rishon Lezion. Edhe aty nuk ka pasur raportime p\u00ebr t\u00eb l\u00ebnduar.<\/span><\/p>\n<p><span style=\"color: #000000;\">Nj\u00eb krater u hap n\u00eb Autostrad\u00ebn 431 pas nj\u00eb tjet\u00ebr goditjeje t\u00eb regjistruar gjat\u00eb bresh\u00ebris\u00eb iraniane. D\u00ebmtimi ka gjasa t\u00eb jet\u00eb shkaktuar nga n\u00ebnmunicionet e nj\u00eb rakete th\u00ebrrmuese.<\/span><\/p>\n<p><span style=\"color: #000000;\">Forcat Mbrojt\u00ebse t\u00eb Izraelit deklaruan se q\u00eb nga fillimi i luft\u00ebs, jan\u00eb vrar\u00eb m\u00eb shum\u00eb se 350 terrorist\u00eb, p\u00ebrfshir\u00eb 15 komandant\u00eb t\u00eb Hezbollahut. Nd\u00ebr figurat e larta t\u00eb vrar\u00eb ishin Zaid Ali Jamma, komandant p\u00ebrgjegj\u00ebs p\u00ebr menaxhimin e fuqis\u00eb s\u00eb zjarrit t\u00eb Hezbollahut; Ali Reza Bi-Azar, komandant i deg\u00ebs s\u00eb inteligjenc\u00ebs s\u00eb Korpusit t\u00eb Libanit n\u00eb Forcat Quds; Ahmad Rasouli, shef i inteligjenc\u00ebs s\u00eb Korpusit t\u00eb Palestin\u00ebs n\u00eb Forcat Quds; dhe Ali Mgalem Tabagha, komandant i Divizionit Imam Hussein.<\/span><\/p>\n<p><span style=\"color: #000000;\">IDF tha se u vran\u00eb gjithashtu shtat\u00eb komandant\u00eb shtes\u00eb, duke p\u00ebrfshir\u00eb pes\u00eb komandant\u00eb nga Korpusi i Palestin\u00ebs dhe Korpusi i Libanit n\u00eb Forcat Quds, tre komandant\u00eb nga Divizioni Imam Hussein duke p\u00ebrfshir\u00eb komandantin e divizionit, dhe nj\u00eb komandant n\u00eb organizat\u00ebn terroriste t\u00eb Xhihadit Islamik Palestinez, shkruan <span style=\"color: #0000ff;\"><a style=\"color: #0000ff;\" href=\"https:\/\/www.ynetnews.com\/article\/h1jimcbqwg#autoplay\">Ynet<\/a><\/span>.<\/span><\/p>\n","protected":false,"gt_translate_keys":[{"key":"rendered","format":"html"}]},"excerpt":{"rendered":"<p>Sipas vler\u00ebsimeve fillestare, ka gjasa q\u00eb nj\u00eb raket\u00eb th\u00ebrrmuese t\u00eb jet\u00eb l\u00ebshuar n\u00eb bresh\u00ebrin\u00eb e fundit nga Irani. Deri tani, \u00ebsht\u00eb raportuar p\u00ebr nj\u00eb zjarr n\u00eb nj\u00eb nd\u00ebrtes\u00eb n\u00eb Shoham, nj\u00eb tjet\u00ebr zjarr n\u00eb Rishon Lezion dhe d\u00ebme p\u00ebrgjat\u00eb Autostrad\u00ebs 431. Nuk raportohet p\u00ebr t\u00eb l\u00ebnduar. Nj\u00eb nd\u00ebrtes\u00eb n\u00eb Shoham u godit gjat\u00eb bresh\u00ebris\u00eb s\u00eb [&hellip;]<\/p>\n","protected":false,"gt_translate_keys":[{"key":"rendered","format":"html"}]},"author":51,"featured_media":790971,"comment_status":"closed","ping_status":"open","sticky":false,"template":"","format":"standard","meta":{"footnotes":""},"categories":[53],"tags":[],"class_list":["post-790969","post","type-post","status-publish","format-standard","has-post-thumbnail","hentry","category-fast-foodi"],"gt_translate_keys":[{"key":"link","format":"url"}],"_links":{"self":[{"href":"https:\/\/www.hashtag.al\/index.php\/wp-json\/wp\/v2\/posts\/790969","targetHints":{"allow":["GET"]}}],"collection":[{"href":"https:\/\/www.hashtag.al\/index.php\/wp-json\/wp\/v2\/posts"}],"about":[{"href":"https:\/\/www.hashtag.al\/index.php\/wp-json\/wp\/v2\/types\/post"}],"author":[{"embeddable":true,"href":"https:\/\/www.hashtag.al\/index.php\/wp-json\/wp\/v2\/users\/51"}],"replies":[{"embeddable":true,"href":"https:\/\/www.hashtag.al\/index.php\/wp-json\/wp\/v2\/comments?post=790969"}],"version-history":[{"count":99999,"href":"https:\/\/www.hashtag.al\/index.php\/wp-json\/wp\/v2\/posts\/790969\/revisions"}],"predecessor-version":[{"id":790972,"href":"https:\/\/www.hashtag.al\/index.php\/wp-json\/wp\/v2\/posts\/790969\/revisions\/790972"}],"wp:featuredmedia":[{"embeddable":true,"href":"https:\/\/www.hashtag.al\/index.php\/wp-json\/wp\/v2\/media\/790971"}],"wp:attachment":[{"href":"https:\/\/www.hashtag.al\/index.php\/wp-json\/wp\/v2\/media?parent=790969"}],"wp:term":[{"taxonomy":"category","embeddable":true,"href":"https:\/\/www.hashtag.al\/index.php\/wp-json\/wp\/v2\/categories?post=790969"},{"taxonomy":"post_tag","embeddable":true,"href":"https:\/\/www.hashtag.al\/index.php\/wp-json\/wp\/v2\/tags?post=790969"}],"curies":[{"name":"wp","href":"https:\/\/api.w.org\/{rel}","templated":true}]}}