{"id":790875,"date":"2026-03-13T12:55:51","date_gmt":"2026-03-13T11:55:51","guid":{"rendered":"https:\/\/www.hashtag.al\/?p=790875"},"modified":"2026-03-13T12:56:44","modified_gmt":"2026-03-13T11:56:44","slug":"tenderi-per-porto-romanon-rama-nuk-kemi-pasur-asnje-pakenaqesi-nga-shba-dhe-be-anulimi-ishte-rastesi","status":"publish","type":"post","link":"https:\/\/www.hashtag.al\/index.php\/2026\/03\/13\/tenderi-per-porto-romanon-rama-nuk-kemi-pasur-asnje-pakenaqesi-nga-shba-dhe-be-anulimi-ishte-rastesi\/","title":{"rendered":"Tenderi p\u00ebr Porto Romanon, Rama: Nuk kemi pasur asnj\u00eb pak\u00ebnaq\u00ebsi nga SHBA dhe BE, anulimi ishte rast\u00ebsi","gt_translate_keys":[{"key":"rendered","format":"text"}]},"content":{"rendered":"<p><span style=\"color: #000000;\"><img loading=\"lazy\" decoding=\"async\" class=\"aligncenter size-full wp-image-790876\" src=\"https:\/\/www.hashtag.al\/wp-content\/uploads\/2026\/03\/1773401706_edirama.jpg\" alt=\"\" width=\"780\" height=\"440\" srcset=\"https:\/\/www.hashtag.al\/wp-content\/uploads\/2026\/03\/1773401706_edirama.jpg 780w, https:\/\/www.hashtag.al\/wp-content\/uploads\/2026\/03\/1773401706_edirama-300x169.jpg 300w, https:\/\/www.hashtag.al\/wp-content\/uploads\/2026\/03\/1773401706_edirama-768x433.jpg 768w\" sizes=\"auto, (max-width: 780px) 100vw, 780px\" \/><\/span><\/p>\n<p><span style=\"color: #000000;\">Kryeministri Edi Rama nga nj\u00eb konferenc\u00eb p\u00ebr mediat nga Kryeministria deklaroi se t\u00ebrheqja e kompanis\u00eb n\u00eb faz\u00ebn e fundit p\u00ebr nd\u00ebrtimin e portit t\u00eb Porto Romanos\u00a0ishte nj\u00eb rast\u00ebsi e lidhur me ofert\u00ebn financiare dhe situat\u00ebn e kriz\u00ebs. <\/span><\/p>\n<p><span style=\"color: #000000;\">Ai sqaroi se nuk ka t\u00eb dh\u00ebna p\u00ebr presion nga\u00a0SHBA\u00a0apo\u00a0BE, por procesi u zhvillua n\u00ebn presion t\u00eb faktor\u00ebve t\u00eb tjer\u00eb t\u00eb painteresuar q\u00eb projekti t\u00eb mos realizohej. <\/span><\/p>\n<p><span style=\"color: #000000;\">Rama theksoi se porti ekzistues nuk ka kapacitetin p\u00ebr t\u00eb qen\u00eb nyja strategjike dhe se projektit i duhet mb\u00ebshtetje p\u00ebr t\u00eb pasur sukses.<\/span><\/p>\n<p><span style=\"color: #000000;\"><em>\u201cSa i p\u00ebrket projektit t\u00eb Porto Romanos, ka ndodhur nj\u00eb koincidenc\u00eb e pashmangshme q\u00eb n\u00eb momentin e fundit kompania q\u00eb ka kaluar gjith\u00eb fazat dhe duhet t\u00eb b\u00ebnte ofert\u00ebn e fundit \u00ebsht\u00eb t\u00ebrhequr duke iu referuar situat\u00ebs s\u00eb kriz\u00ebs dhe duke qen\u00eb se oferta financiare do t\u00eb ishte e lidhur me tavanin q\u00eb ka vendosur studimi i b\u00ebr\u00eb nga kompania m\u00eb e madhe e bot\u00ebs p\u00ebr nd\u00ebrtimet e porteve, aeroporteve, etj dhe me tavanin e vendosur nga k\u00ebrkesa e qeveris\u00eb shqiptare nuk kemi arsye q\u00eb t\u00eb shikojm\u00eb mbrapa ndonj\u00eb gj\u00eb tjet\u00ebr vet\u00eb ne,.<\/em><\/span><\/p>\n<p><span style=\"color: #000000;\"><em>Nuk kemi t\u00eb dh\u00ebna q\u00eb kompania \u00ebsht\u00eb ndodhur n\u00eb ndonj\u00eb presion por procesi \u00ebsht\u00eb zhvilluar n\u00ebn presion, jo t\u00eb SHBA-ve si\u00e7 thuhet pa argument, sepse nuk ka pasur jo presion, por asnj\u00eb shqet\u00ebsim t\u00eb shprehur as nga SHBA, as nga BE, as nga askush. <\/em><\/span><\/p>\n<p><span style=\"color: #000000;\"><em>Por ka pasur presion nga faktor\u00eb t\u00eb tjer\u00eb, natyrisht t\u00eb painteresuar q\u00eb ai port t\u00eb jet\u00eb nj\u00eb histori suksesi. <\/em><\/span><\/p>\n<p><span style=\"color: #000000;\"><em>Kini parasysh q\u00eb q\u00eb nga A-ja thonin \u00e7far\u00eb duhet nj\u00eb port i ri se ne kemi portin ton\u00eb, at\u00eb k\u00ebnet\u00ebn n\u00eb zem\u00ebr t\u00eb Durr\u00ebsit, dhe e lidhnin iden\u00eb e portit t\u00eb ri me shitjen e atdheut n\u00eb duart e arab\u00ebve, n\u00eb fakt e v\u00ebrteta \u00ebsht\u00eb se p\u00ebrtej injoranc\u00ebs q\u00eb \u00ebsht\u00eb gjithmon\u00eb faktor si trajtohen \u00e7\u00ebshtjet k\u00ebtu, ka pasur forca t\u00eb interesuara q\u00eb t\u00eb mos ecte p\u00ebrpara projekti i portit t\u00eb ri.<\/em><\/span><\/p>\n<p><span style=\"color: #000000;\"><em> Pse , p\u00ebr nj\u00eb arsye q\u00eb cilido q\u00eb do ta kuptoj\u00eb e kupton pa ndonj\u00eb mendim t\u00eb madh. Porti ekzistues nuk ka asnj\u00eb kapacitet p\u00ebr t\u00eb qen\u00eb nyja strategjike.&#8221;<\/em><\/span><\/p>\n","protected":false,"gt_translate_keys":[{"key":"rendered","format":"html"}]},"excerpt":{"rendered":"<p>Kryeministri Edi Rama nga nj\u00eb konferenc\u00eb p\u00ebr mediat nga Kryeministria deklaroi se t\u00ebrheqja e kompanis\u00eb n\u00eb faz\u00ebn e fundit p\u00ebr nd\u00ebrtimin e portit t\u00eb Porto Romanos\u00a0ishte nj\u00eb rast\u00ebsi e lidhur me ofert\u00ebn financiare dhe situat\u00ebn e kriz\u00ebs. Ai sqaroi se nuk ka t\u00eb dh\u00ebna p\u00ebr presion nga\u00a0SHBA\u00a0apo\u00a0BE, por procesi u zhvillua n\u00ebn presion t\u00eb faktor\u00ebve [&hellip;]<\/p>\n","protected":false,"gt_translate_keys":[{"key":"rendered","format":"html"}]},"author":49,"featured_media":790876,"comment_status":"closed","ping_status":"open","sticky":false,"template":"","format":"standard","meta":{"footnotes":""},"categories":[65],"tags":[],"class_list":["post-790875","post","type-post","status-publish","format-standard","has-post-thumbnail","hentry","category-lajme"],"gt_translate_keys":[{"key":"link","format":"url"}],"_links":{"self":[{"href":"https:\/\/www.hashtag.al\/index.php\/wp-json\/wp\/v2\/posts\/790875","targetHints":{"allow":["GET"]}}],"collection":[{"href":"https:\/\/www.hashtag.al\/index.php\/wp-json\/wp\/v2\/posts"}],"about":[{"href":"https:\/\/www.hashtag.al\/index.php\/wp-json\/wp\/v2\/types\/post"}],"author":[{"embeddable":true,"href":"https:\/\/www.hashtag.al\/index.php\/wp-json\/wp\/v2\/users\/49"}],"replies":[{"embeddable":true,"href":"https:\/\/www.hashtag.al\/index.php\/wp-json\/wp\/v2\/comments?post=790875"}],"version-history":[{"count":99999,"href":"https:\/\/www.hashtag.al\/index.php\/wp-json\/wp\/v2\/posts\/790875\/revisions"}],"predecessor-version":[{"id":790878,"href":"https:\/\/www.hashtag.al\/index.php\/wp-json\/wp\/v2\/posts\/790875\/revisions\/790878"}],"wp:featuredmedia":[{"embeddable":true,"href":"https:\/\/www.hashtag.al\/index.php\/wp-json\/wp\/v2\/media\/790876"}],"wp:attachment":[{"href":"https:\/\/www.hashtag.al\/index.php\/wp-json\/wp\/v2\/media?parent=790875"}],"wp:term":[{"taxonomy":"category","embeddable":true,"href":"https:\/\/www.hashtag.al\/index.php\/wp-json\/wp\/v2\/categories?post=790875"},{"taxonomy":"post_tag","embeddable":true,"href":"https:\/\/www.hashtag.al\/index.php\/wp-json\/wp\/v2\/tags?post=790875"}],"curies":[{"name":"wp","href":"https:\/\/api.w.org\/{rel}","templated":true}]}}